{"id":254546,"date":"2025-07-17T18:31:23","date_gmt":"2025-07-17T18:31:23","guid":{"rendered":"https:\/\/www.europesays.com\/fr\/254546\/"},"modified":"2025-07-17T18:31:23","modified_gmt":"2025-07-17T18:31:23","slug":"les-quatre-fantastiques-un-acteur-mythique-a-ete-coupe-au-montage","status":"publish","type":"post","link":"https:\/\/www.europesays.com\/fr\/254546\/","title":{"rendered":"Les Quatre Fantastiques : un acteur mythique a \u00e9t\u00e9 coup\u00e9 au montage"},"content":{"rendered":"<p>Attendu pour le 23 juillet 2025 dans les salles obscures, le prochain film Marvel mettra en sc\u00e8ne une bande iconique de super-h\u00e9ros : Les Quatre Fantastiques. Mais un personnage crucial, incarn\u00e9 par un acteur tr\u00e8s connu, sera pourtant absent du r\u00e9sultat final.<\/p>\n<p>Pedro Pascal (<a href=\"https:\/\/www.numerama.com\/series-tv\/the-last-of-us\/\" target=\"_blank\" rel=\"noopener\">The Last of Us<\/a>), Vanessa Kirby (<a href=\"https:\/\/www.numerama.com\/series-tv\/the-crown\/\" target=\"_blank\" rel=\"noopener\">The Crown<\/a>), Joseph Quinn (<a href=\"https:\/\/www.numerama.com\/series-tv\/stranger-things\/\" target=\"_blank\" rel=\"noopener\">Stranger Things<\/a>) et Ebon Moss-Bachrach (<a href=\"https:\/\/www.numerama.com\/series-tv\/the-bear\/\" target=\"_blank\" rel=\"noopener\">The Bear<\/a>) : voil\u00e0 le casting impressionnant des <a href=\"https:\/\/www.numerama.com\/films\/les-quatre-fantastiques-premiers-pas-2025\/\" data-type=\"movies\" data-id=\"1897542\" target=\"_blank\" rel=\"noopener\">Quatre Fantastiques<\/a>, qui d\u00e9barquera au cin\u00e9ma d\u00e8s le 23 juillet 2025. <a href=\"https:\/\/www.numerama.com\/pop-culture\/1897502-les-quatre-fantastiques-permiers-pas-sortie-casting-bande-annonce-tout-savoir-sur-le-prochain-marvel-2025.html\" target=\"_blank\" rel=\"noopener\">L\u2019un des blockbusters les plus attendus de l\u2019\u00e9t\u00e9<\/a> permettra \u00e0 Marvel de nous transporter dans les ann\u00e9es 1960, aux c\u00f4t\u00e9s de super-h\u00e9ros  qui n\u2019ont malheureusement jamais vraiment connu leur heure de gloire sur grand \u00e9cran.<\/p>\n<p>La donne pourrait bien changer avec ce nouveau film ambitieux, <a href=\"https:\/\/www.numerama.com\/pop-culture\/2030649-cest-fini-pour-le-mcu-phase-5-voila-ce-que-la-phase-6-de-marvel-nous-reserve.html\" data-type=\"post\" data-id=\"2030649\" target=\"_blank\" rel=\"noopener\">cens\u00e9 lancer la phase 6 du MCU<\/a>. Pour autant, le long-m\u00e9trage pourrait ne pas tenir toutes ses promesses, \u00e0 commencer par un personnage de comics qui devait \u00eatre introduit dans l\u2019intrigue\u2026 avant d\u2019\u00eatre finalement coup\u00e9 au montage.<\/p>\n<\/p>\n<p>            Ce contenu est bloqu\u00e9 car vous n\u2019avez pas accept\u00e9 les cookies et autres traceurs. Ce contenu est fourni par YouTube.<br \/>Pour pouvoir le visualiser, vous devez accepter l\u2019usage \u00e9tant op\u00e9r\u00e9 par YouTube avec vos donn\u00e9es qui pourront \u00eatre utilis\u00e9es pour les finalit\u00e9s suivantes : vous permettre de visualiser et de partager des contenus avec des m\u00e9dias sociaux, favoriser le d\u00e9veloppement et l\u2019am\u00e9lioration des produits d\u2019Humanoid et de ses partenaires, vous afficher des publicit\u00e9s personnalis\u00e9es par rapport \u00e0 votre profil et activit\u00e9, vous d\u00e9finir un profil publicitaire personnalis\u00e9, mesurer la performance des publicit\u00e9s et du contenu de ce site et mesurer l\u2019audience de ce site <a href=\"#\" class=\"js-privacy\" target=\"_blank\">(en savoir plus)<\/a>        <\/p>\n<p>            En cliquant sur \u00ab J\u2019accepte tout \u00bb, vous consentez aux finalit\u00e9s susmentionn\u00e9es pour l\u2019ensemble des cookies et autres traceurs d\u00e9pos\u00e9s par Humanoid et <a class=\"embed-consent-overlay-vendors-link\" href=\"#preferences-vendeurs\">ses partenaires<\/a>.        <\/p>\n<p>            Vous gardez la possibilit\u00e9 de retirer votre consentement \u00e0 tout moment. Pour plus d\u2019informations, nous vous invitons \u00e0 prendre connaissance de notre <a href=\"https:\/\/www.numerama.com\/politique-cookies\" target=\"_blank\" rel=\"noopener\">Politique cookies<\/a>.        <\/p>\n<p>        J\u2019accepte tout    <\/p>\n<p class=\"embed-consent-overlay-manage-choices\">        <a href=\"#preferences-publicitaires\">G\u00e9rer mes choix<\/a>    <\/p>\n<p>\u00ab Il y avait trop d\u2019\u00e9l\u00e9ments \u00e0 \u00e9quilibrer \u00bb<\/p>\n<p>Le c\u00e9l\u00e8bre com\u00e9dien John Malkovich (Red, Les Liaisons Dangereuses) a ainsi \u00e9t\u00e9 purement et simplement supprim\u00e9 des Quatre Fantastiques, malgr\u00e9 son apparition dans les premi\u00e8res bandes-annonces du film. Une information plut\u00f4t \u00e9tonnante, <a target=\"_blank\" href=\"https:\/\/variety.com\/2025\/film\/news\/john-malkovich-cut-fantastic-four-red-ghost-1236461392\/\" rel=\"noopener\">partag\u00e9e par Variety le 16 juillet 2025<\/a>.<\/p>\n<p>Dans <a href=\"https:\/\/variety.com\/2025\/film\/news\/fantastic-four-director-interview-matt-shakman-casting-auditions-1236461087\/\" target=\"_blank\" rel=\"noopener\">une longue interview accord\u00e9e au m\u00e9dia am\u00e9ricain,<\/a> le r\u00e9alisateur Matt Shakman (<a href=\"https:\/\/www.numerama.com\/series-tv\/wandavision\/\" data-type=\"tv-shows\" data-id=\"950067\" target=\"_blank\" rel=\"noopener\">WandaVision<\/a>) a racont\u00e9 que cette d\u00e9cision lui avait \u00ab fendu le c\u0153ur \u00bb, puisqu\u2019il repr\u00e9sente l\u2019une de ses personnes \u00ab pr\u00e9f\u00e9r\u00e9es au monde \u00bb ainsi que l\u2019une de ses \u00ab plus grandes sources d\u2019inspiration \u00bb, mais qu\u2019elle \u00e9tait n\u00e9cessaire.<\/p>\n<p><a href=\"https:\/\/www.numerama.com\/wp-content\/uploads\/2025\/07\/capture-decran-2025-07-17-a-154908.jpg\" target=\"_blank\" rel=\"noopener\"><img decoding=\"async\" width=\"1024\" height=\"576\" loading=\"lazy\" alt=\"John Malkovich dans Les Quatre Fantastiques \/\/ Source : Marvel\" title=\"John Malkovich dans Les Quatre Fantastiques \/\/ Source : Marvel\" class=\"wp-image-2034359 placeholder-default wp-image\" src=\"https:\/\/www.europesays.com\/fr\/wp-content\/uploads\/2025\/07\/capture-decran-2025-07-17-a-154908-1024x576.jpg\" \/><\/a>John Malkovich dans Les Quatre Fantastiques \/\/ Source : Marvel<\/p>\n<p>John Malkovich aurait d\u00fb interpr\u00e9ter le personnage d\u2019Ivan Kragoff, plus connu sous le nom de Red Ghost, \u00e0 savoir l\u2019un des grands m\u00e9chants de l\u2019univers des Quatre Fantastiques, dans les comics. \u00c0 l\u2019origine, il devait appara\u00eetre dans une longue s\u00e9quence d\u2019introduction, d\u00e9taillant les premi\u00e8res ann\u00e9es de gloire des super-h\u00e9ros et leurs triomphes pass\u00e9s.<\/p>\n<p>Mais malgr\u00e9 le fait que l\u2019acteur am\u00e9ricain \u00e9tait \u00ab brillant \u00bb et avait \u00ab tout donn\u00e9 \u00bb, Matt Shakman a finalement d\u00e9cid\u00e9 que son intervention ne collait pas avec le reste du film : \u00ab Il y a beaucoup de choses qui ont \u00e9t\u00e9 coup\u00e9es et se sont finalement retrouv\u00e9es sur le sol de notre salle de montage. Nous avons d\u00e9cid\u00e9 de construire un monde r\u00e9trofuturiste, se d\u00e9roulant dans les ann\u00e9es 1960, en introduisant tous ces m\u00e9chants, ces quatre personnages principaux en tant que groupe, mais aussi individuellement, tout en ajoutant l\u2019id\u00e9e d\u2019un enfant au milieu de tout \u00e7a. Il y avait trop d\u2019\u00e9l\u00e9ments \u00e0 \u00e9quilibrer dans ce long-m\u00e9trage et certaines s\u00e9quences devaient \u00eatre coup\u00e9es pour fa\u00e7onner la version finale. \u00bb<\/p>\n<p>Pour savoir si cela valait le coup, il faudra encore patienter jusqu\u2019au 23 juillet 2025, date de sortie des Quatre Fantastiques au cin\u00e9ma.<\/p>\n<p>            <img decoding=\"async\" src=\"https:\/\/www.europesays.com\/fr\/wp-content\/uploads\/2025\/04\/iPhone-16-pro.png\" alt=\"Toute l'actu tech en un clien d'oeil\"\/><\/p>\n<p class=\"card-install-pwa__title\">Toute l&rsquo;actu tech en un clin d&rsquo;\u0153il<\/p>\n<p class=\"card-install-pwa__description\">Ajoutez Numerama \u00e0 votre \u00e9cran d&rsquo;accueil et restez connect\u00e9s au futur !<\/p>\n<p>            <img decoding=\"async\" src=\"https:\/\/www.numerama.com\/wp-content\/themes\/numerama-next\/assets\/images\/premium\/logo-card-pwa-coupe.svg\" alt=\"Logo PWA\"\/><\/p>\n<p>       Installer Numerama<\/p>\n<p class=\"title\">\n            Les infos sur les films et s\u00e9ries             <a href=\"https:\/\/www.numerama.com\/tag\/marvel\/\" target=\"_blank\" rel=\"noopener\"><br \/>\n                Marvel            <\/a>\n        <\/p>\n","protected":false},"excerpt":{"rendered":"Attendu pour le 23 juillet 2025 dans les salles obscures, le prochain film Marvel mettra en sc\u00e8ne une&hellip;\n","protected":false},"author":2,"featured_media":254547,"comment_status":"","ping_status":"","sticky":false,"template":"","format":"standard","meta":{"footnotes":""},"categories":[1354],"tags":[650,58,59,1346,1011,27,17602,2135,1360],"class_list":{"0":"post-254546","1":"post","2":"type-post","3":"status-publish","4":"format-standard","5":"has-post-thumbnail","7":"category-films","8":"tag-cinema","9":"tag-divertissement","10":"tag-entertainment","11":"tag-films","12":"tag-fr","13":"tag-france","14":"tag-les-quatre-fantastiques-2025","15":"tag-marvel","16":"tag-movies"},"share_on_mastodon":{"url":"https:\/\/pubeurope.com\/@fr\/114870005669579933","error":""},"_links":{"self":[{"href":"https:\/\/www.europesays.com\/fr\/wp-json\/wp\/v2\/posts\/254546","targetHints":{"allow":["GET"]}}],"collection":[{"href":"https:\/\/www.europesays.com\/fr\/wp-json\/wp\/v2\/posts"}],"about":[{"href":"https:\/\/www.europesays.com\/fr\/wp-json\/wp\/v2\/types\/post"}],"author":[{"embeddable":true,"href":"https:\/\/www.europesays.com\/fr\/wp-json\/wp\/v2\/users\/2"}],"replies":[{"embeddable":true,"href":"https:\/\/www.europesays.com\/fr\/wp-json\/wp\/v2\/comments?post=254546"}],"version-history":[{"count":0,"href":"https:\/\/www.europesays.com\/fr\/wp-json\/wp\/v2\/posts\/254546\/revisions"}],"wp:featuredmedia":[{"embeddable":true,"href":"https:\/\/www.europesays.com\/fr\/wp-json\/wp\/v2\/media\/254547"}],"wp:attachment":[{"href":"https:\/\/www.europesays.com\/fr\/wp-json\/wp\/v2\/media?parent=254546"}],"wp:term":[{"taxonomy":"category","embeddable":true,"href":"https:\/\/www.europesays.com\/fr\/wp-json\/wp\/v2\/categories?post=254546"},{"taxonomy":"post_tag","embeddable":true,"href":"https:\/\/www.europesays.com\/fr\/wp-json\/wp\/v2\/tags?post=254546"}],"curies":[{"name":"wp","href":"https:\/\/api.w.org\/{rel}","templated":true}]}}