{"id":254548,"date":"2025-07-17T18:32:09","date_gmt":"2025-07-17T18:32:09","guid":{"rendered":"https:\/\/www.europesays.com\/fr\/254548\/"},"modified":"2025-07-17T18:32:09","modified_gmt":"2025-07-17T18:32:09","slug":"un-medicament-de-substitution-cessera-bientot-detre-commercialise","status":"publish","type":"post","link":"https:\/\/www.europesays.com\/fr\/254548\/","title":{"rendered":"un m\u00e9dicament de substitution cessera bient\u00f4t d\u2019\u00eatre commercialis\u00e9"},"content":{"rendered":"<p>                             Par Le Figaro avec AFP<\/p>\n<p>                Le 17 juillet 2025 \u00e0 18h45<\/p>\n<p>    L\u2019hypothyro\u00efdie est le trouble le plus fr\u00e9quent de cette glande situ\u00e9e \u00e0 la base du cou, et qui intervient dans la r\u00e9gulation du m\u00e9tabolisme.<br \/>\n                Graphicroyalty &#8211; stock.adobe.com<\/p>\n<p>Le Cynomel, qui concerne environ 3000 patients en France, cessera d\u2019\u00eatre commercialis\u00e9 \u00e0 compter de la fin du mois d\u2019octobre. Un m\u00e9dicament \u00e9quivalent sera propos\u00e9 \u00e0 la place.<\/p>\n<p class=\"fig-paragraph\">En 2017, le changement de formule du L\u00e9vothyrox, de Merck, avait abouti \u00e0 un scandale. C\u2019est aujourd\u2019hui un tout autre produit destin\u00e9 aux malades de la\u00a0<a href=\"https:\/\/sante.lefigaro.fr\/sante\/organe\/glande-thyroide\/quest-ce-que-cest-0\" target=\"_blank\" data-fig-type=\"Keyword\" rel=\"sponsored noopener nofollow\" data-gtm-custom-categorie=\"navigation\" data-gtm-custom-action=\"crossclick\" data-gtm-custom-label=\"Contextuel\" data-gtm-event=\"customEventSPE\" data-fig-domain=\"SANTE\">thyro\u00efde<\/a>\u00a0qui va \u00eatre remplac\u00e9 par un autre\u00a0: le g\u00e9ant pharmaceutique Sanofi va prochainement arr\u00eater de commercialiser le Cynomel (liothyronine sodique), a annonc\u00e9 jeudi l\u2019agence nationale de s\u00e9curit\u00e9 du m\u00e9dicament (ANSM). Ce m\u00e9dicament, qui contient une hormone thyro\u00efdienne de synth\u00e8se \u00e0 l\u2019action rapide et br\u00e8ve, est utilis\u00e9 dans le traitement d\u2019urgence de l\u2019<a href=\"https:\/\/sante.lefigaro.fr\/sante\/maladie\/hypothyroidie\/quest-ce-que-je-ressens\" target=\"_blank\" data-fig-type=\"Keyword\" rel=\"sponsored noopener nofollow\" data-gtm-custom-categorie=\"navigation\" data-gtm-custom-action=\"crossclick\" data-gtm-custom-label=\"Contextuel\" data-gtm-event=\"customEventSPE\" data-fig-domain=\"SANTE\">hypothyro\u00efdie<\/a>\u00a0(insuffisance de s\u00e9cr\u00e9tion d&rsquo;hormones par la glande thyro\u00efde), ou en appoint dans d\u2019autres affections thyro\u00efdiennes.<\/p>\n<p class=\"fig-paragraph\">Le Cynomel, qui concerne environ 3000 patients en France, cessera d\u2019\u00eatre commercialis\u00e9 \u00ab\u00a0\u00e0 compter du 31 octobre 2025\u00a0\u00bb, selon un communiqu\u00e9 de l\u2019agence sanitaire. Il n\u2019\u00e9tait disponible qu\u2019en France et la production va \u00eatre arr\u00eat\u00e9e. \u00ab\u00a0En 2022, l\u2019entreprise charg\u00e9e de la production du Cynomel pour Sanofi a annonc\u00e9 son intention de cesser cette activit\u00e9. Un stock de s\u00e9curit\u00e9 a \u00e9t\u00e9 produit afin d\u2019anticiper l\u2019arr\u00eat de production\u00a0\u00bb, a indiqu\u00e9 Sanofi \u00e0 l\u2019AFP, en pr\u00e9cisant que ce stock permettra d\u2019approvisionner le march\u00e9 fran\u00e7ais jusqu\u2019en octobre 2025.<\/p>\n<p>                                    <a class=\"fig-a11y-skip a11y-hidden\" href=\"#fig-a11y-skip-main-inarticle\"><br \/>\n        Passer la publicit\u00e9<br \/>\n    <\/a><\/p>\n<p>Un traitement de substitution sera disponible<\/p>\n<p class=\"fig-paragraph\">\u00ab\u00a0Pour assurer la continuit\u00e9 de traitement des patients\u00a0\u00bb, le laboratoire s\u2019est engag\u00e9 \u00e0 importer en France un traitement alternatif, le Thybon 20 Henning (liothyronine chlorhydrate). Ce m\u00e9dicament est autoris\u00e9 en Allemagne depuis plus de 25 ans, souligne l\u2019ANSM. Les deux m\u00e9dicaments ont la m\u00eame mol\u00e9cule de base (liothyronine), mais des excipients diff\u00e9rents. Ces importations prendront effet d\u00e8s l&rsquo;arr\u00eat de commercialisation du Cynomel et seront suivies d&rsquo;une demande d&rsquo;autorisation de mise sur le march\u00e9 pour le Thybon, afin d&rsquo;\u00ab\u00a0assurer un acc\u00e8s p\u00e9renne \u00e0 ce m\u00e9dicament\u00a0\u00bb et \u00ab\u00a0d&rsquo;\u00e9viter aux patients des changements r\u00e9p\u00e9t\u00e9s de m\u00e9dicament\u00a0\u00bb.<\/p>\n<p class=\"fig-paragraph\">L\u2019ANSM pr\u00e9vient les patients qu\u2019ils devront consulter leur m\u00e9decin pour avoir une nouvelle ordonnance. Un \u00e9ventuel ajustement de la dose pourra \u00eatre n\u00e9cessaire. Il faudra \u00e9galement r\u00e9aliser des dosages d\u2019hormones thyro\u00efdiennes 6 \u00e0 8 semaines apr\u00e8s le d\u00e9but du traitement ou en cas d\u2019apparition de certains sympt\u00f4mes.<\/p>\n<p class=\"fig-paragraph\">L\u2019agence sanitaire attire aussi l\u2019attention des patients et des pharmaciens sur la ressemblance des bo\u00eetes de Thybon 20 Henning avec un autre m\u00e9dicament de Sanofi contenant de la l\u00e9vothyroxine, un autre type d\u2019hormone thyro\u00efdienne synth\u00e9tique parfois pris de fa\u00e7on concomitante avec le Thybon 20 Henning.<\/p>\n","protected":false},"excerpt":{"rendered":"Par Le Figaro avec AFP Le 17 juillet 2025 \u00e0 18h45 L\u2019hypothyro\u00efdie est le trouble le plus fr\u00e9quent&hellip;\n","protected":false},"author":2,"featured_media":254549,"comment_status":"","ping_status":"","sticky":false,"template":"","format":"standard","meta":{"footnotes":""},"categories":[10],"tags":[1011,27,39483,72,39484,16292,71],"class_list":{"0":"post-254548","1":"post","2":"type-post","3":"status-publish","4":"format-standard","5":"has-post-thumbnail","7":"category-sante","8":"tag-fr","9":"tag-france","10":"tag-glande-thyroide","11":"tag-health","12":"tag-hypothyroidie","13":"tag-medicaments","14":"tag-sante"},"share_on_mastodon":{"url":"https:\/\/pubeurope.com\/@fr\/114870009456833404","error":""},"_links":{"self":[{"href":"https:\/\/www.europesays.com\/fr\/wp-json\/wp\/v2\/posts\/254548","targetHints":{"allow":["GET"]}}],"collection":[{"href":"https:\/\/www.europesays.com\/fr\/wp-json\/wp\/v2\/posts"}],"about":[{"href":"https:\/\/www.europesays.com\/fr\/wp-json\/wp\/v2\/types\/post"}],"author":[{"embeddable":true,"href":"https:\/\/www.europesays.com\/fr\/wp-json\/wp\/v2\/users\/2"}],"replies":[{"embeddable":true,"href":"https:\/\/www.europesays.com\/fr\/wp-json\/wp\/v2\/comments?post=254548"}],"version-history":[{"count":0,"href":"https:\/\/www.europesays.com\/fr\/wp-json\/wp\/v2\/posts\/254548\/revisions"}],"wp:featuredmedia":[{"embeddable":true,"href":"https:\/\/www.europesays.com\/fr\/wp-json\/wp\/v2\/media\/254549"}],"wp:attachment":[{"href":"https:\/\/www.europesays.com\/fr\/wp-json\/wp\/v2\/media?parent=254548"}],"wp:term":[{"taxonomy":"category","embeddable":true,"href":"https:\/\/www.europesays.com\/fr\/wp-json\/wp\/v2\/categories?post=254548"},{"taxonomy":"post_tag","embeddable":true,"href":"https:\/\/www.europesays.com\/fr\/wp-json\/wp\/v2\/tags?post=254548"}],"curies":[{"name":"wp","href":"https:\/\/api.w.org\/{rel}","templated":true}]}}