{"id":254552,"date":"2025-07-17T18:34:11","date_gmt":"2025-07-17T18:34:11","guid":{"rendered":"https:\/\/www.europesays.com\/fr\/254552\/"},"modified":"2025-07-17T18:34:11","modified_gmt":"2025-07-17T18:34:11","slug":"mort-de-bun-hay-mean-la-these-du-suicide-ecartee-un-telephone-et-un-manche-a-balai-retrouves-dans-la-gouttiere","status":"publish","type":"post","link":"https:\/\/www.europesays.com\/fr\/254552\/","title":{"rendered":"Mort de Bun Hay Mean : la th\u00e8se du suicide \u00e9cart\u00e9e, un t\u00e9l\u00e9phone et un manche \u00e0 balai retrouv\u00e9s dans la goutti\u00e8re"},"content":{"rendered":"<p>\n                                                                Une semaine apr\u00e8s le drame ayant conduit \u00e0 la mort de l&rsquo;humoriste, la piste de l&rsquo;accident semble se confirmer&#8230;\n                            <\/p>\n<p>Une semaine apr\u00e8s la disparition de l\u2019humoriste Bun Hay Mean, \u00e2g\u00e9 de 43 ans, les circonstances de sa mort commencent \u00e0 s\u2019\u00e9claircir. Selon les informations du <a href=\"https:\/\/www.leparisien.fr\/culture-loisirs\/humour\/mort-de-lhumoriste-bun-hay-mean-la-these-de-laccident-privilegiee-17-07-2025-7PNFDYRVF5BSNN36RALINZFRW4.php\" target=\"_self\" rel=\"noopener\">Parisien<\/a>, <strong>les autorit\u00e9s privil\u00e9gient d\u00e9sormais la th\u00e8se de l&rsquo;accident.<\/strong><\/p>\n<p>Le corps sans vie de l&rsquo;artiste a \u00e9t\u00e9 d\u00e9couvert le jeudi 10 juillet, sur le trottoir d\u2019un boulevard du XVIIe arrondissement de Paris, quartier o\u00f9 il r\u00e9sidait. La chute, survenue depuis le huiti\u00e8me \u00e9tage, avait initialement laiss\u00e9 craindre un suicide. Cependant, aucun \u00e9l\u00e9ment retrouv\u00e9 dans l&rsquo;appartement ne venait appuyer cette hypoth\u00e8se :<strong> ni lettre d&rsquo;adieu, ni indice <\/strong>laissant penser que l\u2019humoriste, aper\u00e7u pour la derni\u00e8re fois dans le film \u00ab\u00a0Ast\u00e9rix et Ob\u00e9lix\u00a0: L\u2019Empire du milieu\u00a0\u00bb de Guillaume Canet (2023), aurait volontairement mis fin \u00e0 ses jours.<\/p>\n<p>La piste du suicide \u00e9cart\u00e9e<\/p>\n<p>Les investigations ont rapidement permis d\u2019orienter les soup\u00e7ons vers un accident. Pr\u00e8s du balcon o\u00f9 Bun Hay Mean avait l\u2019habitude de fumer,<strong> les enqu\u00eateurs ont retrouv\u00e9 un t\u00e9l\u00e9phone tomb\u00e9 dans une goutti\u00e8re, ainsi qu\u2019un long manche \u00e0 balai.<\/strong> Ces \u00e9l\u00e9ments sugg\u00e8rent que l&rsquo;humoriste aurait tent\u00e9 de r\u00e9cup\u00e9rer son appareil tomb\u00e9 en contrebas, avant de basculer accidentellement dans le vide.<\/p>\n<p>Ce jour-l\u00e0, il devait s\u2019envoler pour Montr\u00e9al afin d\u2019y pr\u00e9senter \u00ab\u00a0Kill Bun\u00a0\u00bb, son nouveau spectacle, dans lequel il \u00e9voquait notamment les difficult\u00e9s travers\u00e9es \u00e0 l\u2019\u00e9t\u00e9 2024. \u00c0 cette \u00e9poque, l\u2019artiste avait \u00e9t\u00e9 hospitalis\u00e9 en psychiatrie pendant plusieurs semaines apr\u00e8s des comportements jug\u00e9s pr\u00e9occupants. <strong>Diagnostiqu\u00e9 bipolaire<\/strong>, il suivait depuis un traitement destin\u00e9 \u00e0 stabiliser son humeur.<\/p>\n<p><strong>L\u2019autopsie n\u2019a r\u00e9v\u00e9l\u00e9 aucune trace suspecte<\/strong>, et aucune bouteille d\u2019alcool n\u2019a \u00e9t\u00e9 retrouv\u00e9e dans son logement, toujours selon Le Parisien. Ces \u00e9l\u00e9ments confortent la th\u00e8se d\u2019un accident domestique tragique.<\/p>\n<p data-end=\"2217\" data-start=\"2062\">Dans ce contexte, <strong>le parquet a autoris\u00e9 la restitution du corps \u00e0 la famille. <\/strong>Les obs\u00e8ques devraient \u00eatre organis\u00e9es dans les prochains jours, dans la plus stricte intimit\u00e9.<\/p>\n","protected":false},"excerpt":{"rendered":"Une semaine apr\u00e8s le drame ayant conduit \u00e0 la mort de l&rsquo;humoriste, la piste de l&rsquo;accident semble se&hellip;\n","protected":false},"author":2,"featured_media":254553,"comment_status":"","ping_status":"","sticky":false,"template":"","format":"standard","meta":{"footnotes":""},"categories":[8],"tags":[58,59,1011,27],"class_list":{"0":"post-254552","1":"post","2":"type-post","3":"status-publish","4":"format-standard","5":"has-post-thumbnail","7":"category-divertissement","8":"tag-divertissement","9":"tag-entertainment","10":"tag-fr","11":"tag-france"},"share_on_mastodon":{"url":"https:\/\/pubeurope.com\/@fr\/114870017365831764","error":""},"_links":{"self":[{"href":"https:\/\/www.europesays.com\/fr\/wp-json\/wp\/v2\/posts\/254552","targetHints":{"allow":["GET"]}}],"collection":[{"href":"https:\/\/www.europesays.com\/fr\/wp-json\/wp\/v2\/posts"}],"about":[{"href":"https:\/\/www.europesays.com\/fr\/wp-json\/wp\/v2\/types\/post"}],"author":[{"embeddable":true,"href":"https:\/\/www.europesays.com\/fr\/wp-json\/wp\/v2\/users\/2"}],"replies":[{"embeddable":true,"href":"https:\/\/www.europesays.com\/fr\/wp-json\/wp\/v2\/comments?post=254552"}],"version-history":[{"count":0,"href":"https:\/\/www.europesays.com\/fr\/wp-json\/wp\/v2\/posts\/254552\/revisions"}],"wp:featuredmedia":[{"embeddable":true,"href":"https:\/\/www.europesays.com\/fr\/wp-json\/wp\/v2\/media\/254553"}],"wp:attachment":[{"href":"https:\/\/www.europesays.com\/fr\/wp-json\/wp\/v2\/media?parent=254552"}],"wp:term":[{"taxonomy":"category","embeddable":true,"href":"https:\/\/www.europesays.com\/fr\/wp-json\/wp\/v2\/categories?post=254552"},{"taxonomy":"post_tag","embeddable":true,"href":"https:\/\/www.europesays.com\/fr\/wp-json\/wp\/v2\/tags?post=254552"}],"curies":[{"name":"wp","href":"https:\/\/api.w.org\/{rel}","templated":true}]}}