{"id":254564,"date":"2025-07-17T18:40:19","date_gmt":"2025-07-17T18:40:19","guid":{"rendered":"https:\/\/www.europesays.com\/fr\/254564\/"},"modified":"2025-07-17T18:40:19","modified_gmt":"2025-07-17T18:40:19","slug":"saint-etienne-controle-par-les-policiers-le-scooteriste-donne-une-fausse-identite-car-il-na-plus-le-permis","status":"publish","type":"post","link":"https:\/\/www.europesays.com\/fr\/254564\/","title":{"rendered":"Saint-\u00c9tienne. Contr\u00f4l\u00e9 par les policiers, le scoot\u00e9riste donne une fausse identit\u00e9 car il n\u2019a plus le permis"},"content":{"rendered":"<p>Le mercredi 16\u00a0juillet, en d\u00e9but d\u2019apr\u00e8s-midi, les forces de police proc\u00e8dent \u00e0 des contr\u00f4les routiers dans le secteur du cours Fauriel \u00e0 Saint-Etienne.<\/p>\n<p>Quand arrive devant l\u2019\u00e9quipage, un homme sur un scooter de 125 cm3 , les fonctionnaires d\u00e9cident de le stopper pour les v\u00e9rifications d\u2019usage.<\/p>\n<p>Mais l\u2019homme au guidon, \u00e2g\u00e9 de 41 ans et habitant de Saint-\u00c9tienne tente de tromper les policiers en donnant le nom d\u2019un membre de sa famille. Le contr\u00f4le effectu\u00e9 par les agents d\u00e9montre que l\u2019individu n\u2019est pas celui qu\u2019il pr\u00e9tend \u00eatre. En effet, le quadrag\u00e9naire conduit sans permis apr\u00e8s la perte de tous ses points. Surtout, il est en \u00e9tat de r\u00e9cidive. Entendu librement par les enqu\u00eateurs dans les locaux de l\u2019H\u00f4tel de police, il s\u2019est vu d\u00e9livrer une ordonnance p\u00e9nale.<\/p>\n","protected":false},"excerpt":{"rendered":"Le mercredi 16\u00a0juillet, en d\u00e9but d\u2019apr\u00e8s-midi, les forces de police proc\u00e8dent \u00e0 des contr\u00f4les routiers dans le secteur&hellip;\n","protected":false},"author":2,"featured_media":30227,"comment_status":"","ping_status":"","sticky":false,"template":"","format":"standard","meta":{"footnotes":""},"categories":[9653],"tags":[1111,11,2430,271,272,7539,1777,674,274,1011,27,3367,12,25,4001,7538,104,2803],"class_list":{"0":"post-254564","1":"post","2":"type-post","3":"status-publish","4":"format-standard","5":"has-post-thumbnail","7":"category-saint-etienne","8":"tag-actu","9":"tag-actualites","10":"tag-auvergne-rhone-alpes","11":"tag-crime","12":"tag-delit-et-contravention","13":"tag-edition-loire-sud","14":"tag-eu","15":"tag-europe","16":"tag-faits-divers-justice","17":"tag-fr","18":"tag-france","19":"tag-loire","20":"tag-news","21":"tag-republique-francaise","22":"tag-saint-etienne","23":"tag-saint-etienne-ville","24":"tag-societe","25":"tag-transport"},"share_on_mastodon":{"url":"https:\/\/pubeurope.com\/@fr\/114870040865435552","error":""},"_links":{"self":[{"href":"https:\/\/www.europesays.com\/fr\/wp-json\/wp\/v2\/posts\/254564","targetHints":{"allow":["GET"]}}],"collection":[{"href":"https:\/\/www.europesays.com\/fr\/wp-json\/wp\/v2\/posts"}],"about":[{"href":"https:\/\/www.europesays.com\/fr\/wp-json\/wp\/v2\/types\/post"}],"author":[{"embeddable":true,"href":"https:\/\/www.europesays.com\/fr\/wp-json\/wp\/v2\/users\/2"}],"replies":[{"embeddable":true,"href":"https:\/\/www.europesays.com\/fr\/wp-json\/wp\/v2\/comments?post=254564"}],"version-history":[{"count":0,"href":"https:\/\/www.europesays.com\/fr\/wp-json\/wp\/v2\/posts\/254564\/revisions"}],"wp:featuredmedia":[{"embeddable":true,"href":"https:\/\/www.europesays.com\/fr\/wp-json\/wp\/v2\/media\/30227"}],"wp:attachment":[{"href":"https:\/\/www.europesays.com\/fr\/wp-json\/wp\/v2\/media?parent=254564"}],"wp:term":[{"taxonomy":"category","embeddable":true,"href":"https:\/\/www.europesays.com\/fr\/wp-json\/wp\/v2\/categories?post=254564"},{"taxonomy":"post_tag","embeddable":true,"href":"https:\/\/www.europesays.com\/fr\/wp-json\/wp\/v2\/tags?post=254564"}],"curies":[{"name":"wp","href":"https:\/\/api.w.org\/{rel}","templated":true}]}}