{"id":254565,"date":"2025-07-17T18:41:13","date_gmt":"2025-07-17T18:41:13","guid":{"rendered":"https:\/\/www.europesays.com\/fr\/254565\/"},"modified":"2025-07-17T18:41:13","modified_gmt":"2025-07-17T18:41:13","slug":"saint-etienne-calendrier-devoile-de-lasse","status":"publish","type":"post","link":"https:\/\/www.europesays.com\/fr\/254565\/","title":{"rendered":"SAINT-\u00c9TIENNE : CALENDRIER D\u00c9VOIL\u00c9 DE l&rsquo;ASSE"},"content":{"rendered":"<p>                <a href=\"https:\/\/cadenceradio.fr\" target=\"_blank\" aria-label=\"Banni\u00e8re Cadence 2025\" rel=\"noopener\"><img loading=\"lazy\" decoding=\"async\" src=\"https:\/\/www.europesays.com\/fr\/wp-content\/uploads\/2025\/07\/Banniere-Cadence-2025-scaled.jpg\" alt=\"\"   width=\"2560\" height=\"738\"\/><\/a><\/p>\n<p>Pour les St\u00e9phanois, rel\u00e9gu\u00e9s administrativement, l\u2019aventure en deuxi\u00e8me division d\u00e9butera par un d\u00e9placement en Mayenne. Les Verts entameront leur parcours de reconqu\u00eate le week-end du 8 ao\u00fbt 2025 face \u00e0 Laval, loin de leurs bases. Une entr\u00e9e en mati\u00e8re qui n\u00e9cessitera d\u2019embl\u00e9e de faire ses preuves \u00e0 l\u2019ext\u00e9rieur pour cette formation habitu\u00e9e aux joutes de l\u2019\u00e9lite. Le championnat se cl\u00f4turera neuf mois plus tard, le week-end du 8 mai 2026, avec la r\u00e9ception d\u2019Amiens dans le Chaudron de Geoffroy-Guichard.<\/p>\n<p><strong>Hypoth\u00e9tique double confrontation avec l\u2019OL<\/strong><\/p>\n<p>La grande interrogation concerne la pr\u00e9sence effective de l\u2019Olympique Lyonnais dans cette division. R\u00e9trograd\u00e9 provisoirement par la DNCG, le club rhodanien figure encore sur les plannings sous r\u00e9serve des recours en cours. Si cette rel\u00e9gation se confirmait, les supporters auraient droit \u00e0 deux derbys majeurs : le premier programm\u00e9 le 19 septembre au stade Geoffroy-Guichard, le second fix\u00e9 au 23 janvier au Groupama Stadium d\u00e9chelonnais.<\/p>\n<p>Cette configuration exceptionnelle pourrait transformer la r\u00e9gion en v\u00e9ritable foyer de la Ligue 2, avec potentiellement cinq formations locales : Saint-\u00c9tienne, Lyon, Grenoble, Annecy et Clermont-Ferrand. Un regroupement g\u00e9ographique in\u00e9dit qui multiplierait les rivalit\u00e9s r\u00e9gionales.<\/p>\n<p>Deux journ\u00e9es en semaine viendront rythmer la saison : la septi\u00e8me le mardi 23 septembre 2025 et la douzi\u00e8me le mardi 28 octobre 2025. La pause hivernale interviendra apr\u00e8s la journ\u00e9e du 12 d\u00e9cembre 2025, avec une reprise programm\u00e9e le 2 janvier 2026.<\/p>\n<p><strong>Course aux barrages d\u00e8s mai<\/strong><\/p>\n<p>La fin de saison s\u2019annonce haletante avec l\u2019organisation des play-offs d\u2019accession. Le premier tour opposera les quatri\u00e8me et cinqui\u00e8me le 12 mai 2026, le vainqueur d\u00e9fiant ensuite le troisi\u00e8me le 15 mai. Le laur\u00e9at de ces confrontations affrontera finalement le seizi\u00e8me de Ligue 1 les 21 et 24 mai lors des barrages d\u00e9cisifs. Parall\u00e8lement, les barrages entre deuxi\u00e8me division et National se d\u00e9rouleront les 19 et 24 mai 2026, opposant le seizi\u00e8me de Ligue 2 au troisi\u00e8me de National.<\/p>\n","protected":false},"excerpt":{"rendered":"Pour les St\u00e9phanois, rel\u00e9gu\u00e9s administrativement, l\u2019aventure en deuxi\u00e8me division d\u00e9butera par un d\u00e9placement en Mayenne. Les Verts entameront&hellip;\n","protected":false},"author":2,"featured_media":254566,"comment_status":"","ping_status":"","sticky":false,"template":"","format":"standard","meta":{"footnotes":""},"categories":[9653],"tags":[1111,11,461,2430,525,1777,674,1011,27,3367,955,12,25,4001],"class_list":{"0":"post-254565","1":"post","2":"type-post","3":"status-publish","4":"format-standard","5":"has-post-thumbnail","7":"category-saint-etienne","8":"tag-actu","9":"tag-actualites","10":"tag-asse","11":"tag-auvergne-rhone-alpes","12":"tag-calendrier","13":"tag-eu","14":"tag-europe","15":"tag-fr","16":"tag-france","17":"tag-loire","18":"tag-match","19":"tag-news","20":"tag-republique-francaise","21":"tag-saint-etienne"},"share_on_mastodon":{"url":"https:\/\/pubeurope.com\/@fr\/114870044919427737","error":""},"_links":{"self":[{"href":"https:\/\/www.europesays.com\/fr\/wp-json\/wp\/v2\/posts\/254565","targetHints":{"allow":["GET"]}}],"collection":[{"href":"https:\/\/www.europesays.com\/fr\/wp-json\/wp\/v2\/posts"}],"about":[{"href":"https:\/\/www.europesays.com\/fr\/wp-json\/wp\/v2\/types\/post"}],"author":[{"embeddable":true,"href":"https:\/\/www.europesays.com\/fr\/wp-json\/wp\/v2\/users\/2"}],"replies":[{"embeddable":true,"href":"https:\/\/www.europesays.com\/fr\/wp-json\/wp\/v2\/comments?post=254565"}],"version-history":[{"count":0,"href":"https:\/\/www.europesays.com\/fr\/wp-json\/wp\/v2\/posts\/254565\/revisions"}],"wp:featuredmedia":[{"embeddable":true,"href":"https:\/\/www.europesays.com\/fr\/wp-json\/wp\/v2\/media\/254566"}],"wp:attachment":[{"href":"https:\/\/www.europesays.com\/fr\/wp-json\/wp\/v2\/media?parent=254565"}],"wp:term":[{"taxonomy":"category","embeddable":true,"href":"https:\/\/www.europesays.com\/fr\/wp-json\/wp\/v2\/categories?post=254565"},{"taxonomy":"post_tag","embeddable":true,"href":"https:\/\/www.europesays.com\/fr\/wp-json\/wp\/v2\/tags?post=254565"}],"curies":[{"name":"wp","href":"https:\/\/api.w.org\/{rel}","templated":true}]}}