{"id":254567,"date":"2025-07-17T18:42:14","date_gmt":"2025-07-17T18:42:14","guid":{"rendered":"https:\/\/www.europesays.com\/fr\/254567\/"},"modified":"2025-07-17T18:42:14","modified_gmt":"2025-07-17T18:42:14","slug":"deux-personnes-incarcerees-et-plus-de-20-pompiers-mobilises","status":"publish","type":"post","link":"https:\/\/www.europesays.com\/fr\/254567\/","title":{"rendered":"deux personnes incarc\u00e9r\u00e9es et plus de 20 pompiers mobilis\u00e9s"},"content":{"rendered":"<p>            Par<br \/>\n        <strong><br \/>\n            <a href=\"https:\/\/actu.fr\/auteur\/pierre-emile-bouchy-actu-fr\" title=\"Consulter tous les articles de Paul-Emile Bouchy\" rel=\"nofollow noopener\" target=\"_blank\">Paul-Emile Bouchy<\/a><br \/>\n        <\/strong><\/p>\n<p>        Publi\u00e9 le<\/p>\n<p>            17 juil. 2025 \u00e0 19h50        <\/p>\n<p>Jeudi 17\u00a0juillet, peu avant 18h, un <a href=\"https:\/\/actu.fr\/tag\/accident\" rel=\"nofollow noopener\" target=\"_blank\">accident<\/a> de la route a eu lieu <strong>sur la RD 331 \u00e0 M\u00e9r\u00e9ville<\/strong>, <strong>en direction de Nancy<\/strong> (<a href=\"https:\/\/actu.fr\/grand-est\/meurthe-et-moselle_54\" rel=\"nofollow noopener\" target=\"_blank\">Meurthe-et-Moselle<\/a>).<\/p>\n<p class=\" wall-content\">D\u2019apr\u00e8s les <a href=\"https:\/\/actu.fr\/tag\/pompiers\" rel=\"nofollow noopener\" target=\"_blank\">pompiers<\/a>, <strong>un choc frontal a eu lieu entre deux voitures<\/strong> et un poids lourd est \u00e9galement impliqu\u00e9 dans l\u2019accident.<\/p>\n<p>Deux victimes incarc\u00e9r\u00e9es dans leur v\u00e9hicule<\/p>\n<p class=\" wall-content\">Rapidement, <strong>28 pompiers ont \u00e9t\u00e9 mobilis\u00e9s<\/strong> sur place. <strong>Une femme de 31\u00a0ans a \u00e9t\u00e9 d\u00e9sincarc\u00e9r\u00e9e<\/strong> de l\u2019habitacle de son v\u00e9hicule avant d\u2019\u00eatre transport\u00e9e en direction du CHRU de Nancy par le SMUR.<\/p>\n<p class=\" wall-content\"><strong>Un homme de 22\u00a0ans, incarc\u00e9r\u00e9 \u00e9galement<\/strong>, a \u00e9t\u00e9 pris en charge par une autre \u00e9quipe des secours de Nancy. \u00c0 ce stade, la gravit\u00e9 de leurs blessures n\u2019est pas connue.<\/p>\n<p>    <a href=\"https:\/\/www.google.com\/maps\/embed?pb=!1m18!1m12!1m3!1d25257.468980038317!2d6.126054646835027!3d48.60161494609983!2m3!1f0!2f0!3f0!3m2!1i1024!2i768!4f13.1!3m3!1m2!1s0x4794a031d6068563%3A0x40a5fb99a3af7d0!2zNTQ4NTAgTcOpcsOpdmlsbGU!5e1!3m2!1sfr!2sfr!4v1752774544283!5m2!1sfr!2sfr\" title=\"Ouvrie le lien\" rel=\"nofollow noopener\" target=\"_blank\">Cliquez ici pour visualiser le contenu<\/a><\/p>\n<p>Vid\u00e9os : en ce moment sur ActuLa circulation enti\u00e8rement coup\u00e9e<\/p>\n<p class=\" wall-content\">Les circonstances de l\u2019accident demeurent inconnues et une enqu\u00eate va \u00eatre ouverte.<\/p>\n<p class=\" wall-content\">L\u2019intervention des pompiers et de la gendarmerie est toujours en cours. <strong>La circulation est donc ferm\u00e9e dans les deux sens<\/strong> sur cette portion de la RD 331.<\/p>\n<p class=\" wall-content\">Suivez toute l\u2019actualit\u00e9 de vos villes et m\u00e9dias favoris en vous inscrivant \u00e0 <a href=\"https:\/\/moncompte.actu.fr\" title=\"D\u00e9couvez Mon Actu\" rel=\"nofollow noopener\" data-trk=\"{&quot;cta&quot;:{&quot;action&quot;:&quot;https:\\\/\\\/moncompte.actu.fr&quot;,&quot;category&quot;:&quot;mon compte&quot;,&quot;from&quot;:&quot;article footer&quot;,&quot;name&quot;:&quot;Mon actu&quot;,&quot;type&quot;:&quot;cta&quot;}}\" target=\"_blank\">Mon Actu<\/a>.<\/p>\n","protected":false},"excerpt":{"rendered":"Par Paul-Emile Bouchy Publi\u00e9 le 17 juil. 2025 \u00e0 19h50 Jeudi 17\u00a0juillet, peu avant 18h, un accident de&hellip;\n","protected":false},"author":2,"featured_media":254568,"comment_status":"","ping_status":"","sticky":false,"template":"","format":"standard","meta":{"footnotes":""},"categories":[9635],"tags":[119,1111,11,3542,1777,674,118,1011,27,775,1702,12,1311,25],"class_list":{"0":"post-254567","1":"post","2":"type-post","3":"status-publish","4":"format-standard","5":"has-post-thumbnail","7":"category-nancy","8":"tag-accident","9":"tag-actu","10":"tag-actualites","11":"tag-circulation","12":"tag-eu","13":"tag-europe","14":"tag-faits-divers","15":"tag-fr","16":"tag-france","17":"tag-grand-est","18":"tag-nancy","19":"tag-news","20":"tag-pompiers","21":"tag-republique-francaise"},"share_on_mastodon":{"url":"https:\/\/pubeurope.com\/@fr\/114870048696245743","error":""},"_links":{"self":[{"href":"https:\/\/www.europesays.com\/fr\/wp-json\/wp\/v2\/posts\/254567","targetHints":{"allow":["GET"]}}],"collection":[{"href":"https:\/\/www.europesays.com\/fr\/wp-json\/wp\/v2\/posts"}],"about":[{"href":"https:\/\/www.europesays.com\/fr\/wp-json\/wp\/v2\/types\/post"}],"author":[{"embeddable":true,"href":"https:\/\/www.europesays.com\/fr\/wp-json\/wp\/v2\/users\/2"}],"replies":[{"embeddable":true,"href":"https:\/\/www.europesays.com\/fr\/wp-json\/wp\/v2\/comments?post=254567"}],"version-history":[{"count":0,"href":"https:\/\/www.europesays.com\/fr\/wp-json\/wp\/v2\/posts\/254567\/revisions"}],"wp:featuredmedia":[{"embeddable":true,"href":"https:\/\/www.europesays.com\/fr\/wp-json\/wp\/v2\/media\/254568"}],"wp:attachment":[{"href":"https:\/\/www.europesays.com\/fr\/wp-json\/wp\/v2\/media?parent=254567"}],"wp:term":[{"taxonomy":"category","embeddable":true,"href":"https:\/\/www.europesays.com\/fr\/wp-json\/wp\/v2\/categories?post=254567"},{"taxonomy":"post_tag","embeddable":true,"href":"https:\/\/www.europesays.com\/fr\/wp-json\/wp\/v2\/tags?post=254567"}],"curies":[{"name":"wp","href":"https:\/\/api.w.org\/{rel}","templated":true}]}}