{"id":254579,"date":"2025-07-17T18:52:30","date_gmt":"2025-07-17T18:52:30","guid":{"rendered":"https:\/\/www.europesays.com\/fr\/254579\/"},"modified":"2025-07-17T18:52:30","modified_gmt":"2025-07-17T18:52:30","slug":"cinq-immeubles-des-annees-60-demolis-pour-laisser-place-a-un-nouveau-quartier","status":"publish","type":"post","link":"https:\/\/www.europesays.com\/fr\/254579\/","title":{"rendered":"cinq immeubles des ann\u00e9es 60 d\u00e9molis pour laisser place \u00e0 un nouveau quartier"},"content":{"rendered":"<p>\t\t\t\t\t \u00c0 terme, ce chantier va lib\u00e9rer un terrain d\u2019environ 20 700 m\u00b2 de surface hors d\u2019\u0153uvre brute. Un espace enti\u00e8rement r\u00e9am\u00e9nag\u00e9 est pr\u00e9vu, avec la cr\u00e9ation de zones v\u00e9g\u00e9talis\u00e9es et la construction de maisons individuelles jumel\u00e9es. <\/p>\n<p>L\u2019op\u00e9ration s\u2019inscrit aussi dans une dynamique de revalorisation des mat\u00e9riaux : pr\u00e8s de 27 000 tonnes de b\u00e9ton, 80 tonnes de d\u00e9chet industriel banal, 60 tonnes de pl\u00e2tre et 50 tonnes de bois seront extraits puis recycl\u00e9s. <\/p>\n<p>\u00ab D\u00e9molir un patrimoine n\u2019est pas qu\u2019un geste technique. Il ne faut jamais oublier les familles, tous ceux qui ont peupl\u00e9 ces immeubles \u00bb, rappelle Ariane Massi\u00e8re, directrice g\u00e9n\u00e9rale de Rouen Habitat. \u00ab Se tourner vers le r\u00e9emploi des mat\u00e9riaux et accompagner le site vers de nouvelles tranches de vie, c\u2019est aussi un acte de respect envers l\u2019histoire du quartier. \u00bb\n\t\t\t\t <\/p>\n","protected":false},"excerpt":{"rendered":"\u00c0 terme, ce chantier va lib\u00e9rer un terrain d\u2019environ 20 700 m\u00b2 de surface hors d\u2019\u0153uvre brute. Un&hellip;\n","protected":false},"author":2,"featured_media":254580,"comment_status":"","ping_status":"","sticky":false,"template":"","format":"standard","meta":{"footnotes":""},"categories":[9587],"tags":[1111,11,1777,674,1011,27,1934,12,5161,25,9590,5163],"class_list":{"0":"post-254579","1":"post","2":"type-post","3":"status-publish","4":"format-standard","5":"has-post-thumbnail","7":"category-rouen","8":"tag-actu","9":"tag-actualites","10":"tag-eu","11":"tag-europe","12":"tag-fr","13":"tag-france","14":"tag-infos-locales","15":"tag-news","16":"tag-normandie","17":"tag-republique-francaise","18":"tag-rouen","19":"tag-seine-maritime"},"share_on_mastodon":{"url":"https:\/\/pubeurope.com\/@fr\/114870088025354224","error":""},"_links":{"self":[{"href":"https:\/\/www.europesays.com\/fr\/wp-json\/wp\/v2\/posts\/254579","targetHints":{"allow":["GET"]}}],"collection":[{"href":"https:\/\/www.europesays.com\/fr\/wp-json\/wp\/v2\/posts"}],"about":[{"href":"https:\/\/www.europesays.com\/fr\/wp-json\/wp\/v2\/types\/post"}],"author":[{"embeddable":true,"href":"https:\/\/www.europesays.com\/fr\/wp-json\/wp\/v2\/users\/2"}],"replies":[{"embeddable":true,"href":"https:\/\/www.europesays.com\/fr\/wp-json\/wp\/v2\/comments?post=254579"}],"version-history":[{"count":0,"href":"https:\/\/www.europesays.com\/fr\/wp-json\/wp\/v2\/posts\/254579\/revisions"}],"wp:featuredmedia":[{"embeddable":true,"href":"https:\/\/www.europesays.com\/fr\/wp-json\/wp\/v2\/media\/254580"}],"wp:attachment":[{"href":"https:\/\/www.europesays.com\/fr\/wp-json\/wp\/v2\/media?parent=254579"}],"wp:term":[{"taxonomy":"category","embeddable":true,"href":"https:\/\/www.europesays.com\/fr\/wp-json\/wp\/v2\/categories?post=254579"},{"taxonomy":"post_tag","embeddable":true,"href":"https:\/\/www.europesays.com\/fr\/wp-json\/wp\/v2\/tags?post=254579"}],"curies":[{"name":"wp","href":"https:\/\/api.w.org\/{rel}","templated":true}]}}