{"id":254583,"date":"2025-07-17T18:55:11","date_gmt":"2025-07-17T18:55:11","guid":{"rendered":"https:\/\/www.europesays.com\/fr\/254583\/"},"modified":"2025-07-17T18:55:11","modified_gmt":"2025-07-17T18:55:11","slug":"repere-des-ateliers-dessin-a-destination-des-plus-petits","status":"publish","type":"post","link":"https:\/\/www.europesays.com\/fr\/254583\/","title":{"rendered":"Rep\u00e8re. Des ateliers dessin \u00e0 destination des plus petits"},"content":{"rendered":"<p>Parmi les activit\u00e9s permanentes de \u201cL\u2019\u00c9t\u00e9 Oh\u00a0! Parcs\u201d, d\u00e9couvrez l\u2019espace jeux autonomes \u201cAll\u00e9e aux chatouilles\u201d et les ateliers manuels. <\/p>\n<p>Rendez-vous du mardi au vendredi de\u00a09\u00a0h\u00a030 \u00e0 12\u00a0h\u00a030 et de\u00a015\u00a0h\u00a030 \u00e0 20\u00a0h\u00a030 mais aussi le week-end\u00a0de 15\u00a0h\u00a030 \u00e0\u00a020\u00a0h\u00a030. <\/p>\n<p>Pour dessiner, les enfants auront \u00e0 leur disposition feutres, papier et m\u00eame, pour les plus petits, coloriages. Et cela se passe toujours au parc Paul Mistral\u00a0!<\/p>\n","protected":false},"excerpt":{"rendered":"Parmi les activit\u00e9s permanentes de \u201cL\u2019\u00c9t\u00e9 Oh\u00a0! Parcs\u201d, d\u00e9couvrez l\u2019espace jeux autonomes \u201cAll\u00e9e aux chatouilles\u201d et les ateliers&hellip;\n","protected":false},"author":2,"featured_media":254584,"comment_status":"","ping_status":"","sticky":false,"template":"","format":"standard","meta":{"footnotes":""},"categories":[9566],"tags":[1111,11,2430,1687,112,1777,674,1011,27,2731,2732,12,25],"class_list":{"0":"post-254583","1":"post","2":"type-post","3":"status-publish","4":"format-standard","5":"has-post-thumbnail","7":"category-grenoble","8":"tag-actu","9":"tag-actualites","10":"tag-auvergne-rhone-alpes","11":"tag-culture-loisirs","12":"tag-edition-grenoble-agglomeration","13":"tag-eu","14":"tag-europe","15":"tag-fr","16":"tag-france","17":"tag-grenoble","18":"tag-grenoble-bassin","19":"tag-news","20":"tag-republique-francaise"},"share_on_mastodon":{"url":"https:\/\/pubeurope.com\/@fr\/114870099856983763","error":""},"_links":{"self":[{"href":"https:\/\/www.europesays.com\/fr\/wp-json\/wp\/v2\/posts\/254583","targetHints":{"allow":["GET"]}}],"collection":[{"href":"https:\/\/www.europesays.com\/fr\/wp-json\/wp\/v2\/posts"}],"about":[{"href":"https:\/\/www.europesays.com\/fr\/wp-json\/wp\/v2\/types\/post"}],"author":[{"embeddable":true,"href":"https:\/\/www.europesays.com\/fr\/wp-json\/wp\/v2\/users\/2"}],"replies":[{"embeddable":true,"href":"https:\/\/www.europesays.com\/fr\/wp-json\/wp\/v2\/comments?post=254583"}],"version-history":[{"count":0,"href":"https:\/\/www.europesays.com\/fr\/wp-json\/wp\/v2\/posts\/254583\/revisions"}],"wp:featuredmedia":[{"embeddable":true,"href":"https:\/\/www.europesays.com\/fr\/wp-json\/wp\/v2\/media\/254584"}],"wp:attachment":[{"href":"https:\/\/www.europesays.com\/fr\/wp-json\/wp\/v2\/media?parent=254583"}],"wp:term":[{"taxonomy":"category","embeddable":true,"href":"https:\/\/www.europesays.com\/fr\/wp-json\/wp\/v2\/categories?post=254583"},{"taxonomy":"post_tag","embeddable":true,"href":"https:\/\/www.europesays.com\/fr\/wp-json\/wp\/v2\/tags?post=254583"}],"curies":[{"name":"wp","href":"https:\/\/api.w.org\/{rel}","templated":true}]}}