{"id":254585,"date":"2025-07-17T18:56:12","date_gmt":"2025-07-17T18:56:12","guid":{"rendered":"https:\/\/www.europesays.com\/fr\/254585\/"},"modified":"2025-07-17T18:56:12","modified_gmt":"2025-07-17T18:56:12","slug":"il-intervient-au-blosne-pour-la-videoprotection-son-vehicule-incendie","status":"publish","type":"post","link":"https:\/\/www.europesays.com\/fr\/254585\/","title":{"rendered":"il intervient au Blosne pour la vid\u00e9oprotection, son v\u00e9hicule incendi\u00e9"},"content":{"rendered":"<p>            Par<br \/>\n        <strong><br \/>\n            <a href=\"https:\/\/actu.fr\/auteur\/brian-legoff\" title=\"Consulter tous les articles de Brian Le Goff\" rel=\"nofollow noopener\" target=\"_blank\">Brian Le Goff<\/a><br \/>\n        <\/strong><\/p>\n<p>        Publi\u00e9 le<\/p>\n<p>            17 juil. 2025 \u00e0 19h19        <\/p>\n<p>L\u2019<a href=\"https:\/\/actu.fr\/tag\/incendie\" rel=\"nofollow noopener\" target=\"_blank\">incendie<\/a> a <strong>commenc\u00e9 \u00e0 se propager au Conservatoire<\/strong> de Rennes. Jeudi 17\u00a0juillet, aux alentours de 16h30, une <strong>camionnette de la soci\u00e9t\u00e9 Equans<\/strong> a \u00e9t\u00e9 incendi\u00e9e par deux individus, selon des t\u00e9moins, indique la police \u00e0 <a href=\"https:\/\/actu.fr\/rennes\/\" rel=\"nofollow noopener\" target=\"_blank\">actu Rennes,<\/a> confirmant <a href=\"https:\/\/www.ouest-france.fr\/societe\/faits-divers\/un-camion-incendie-en-plein-apres-midi-devant-le-conservatoire-de-rennes-le-batiment-endommage-f4d6e028-631c-11f0-b57a-27df1c69334c\" rel=\"nofollow noopener\" target=\"_blank\">Ouest-France<\/a>.<\/p>\n<p>Une intervention sur la vid\u00e9oprotection<\/p>\n<p class=\" wall-content\">Dans les faits, le conducteur de la camionnette s\u2019\u00e9tait <strong>stationn\u00e9 devant les baies vitr\u00e9es<\/strong> du Conservatoire pour intervenir sur la vid\u00e9oprotection,<strong> place Jean-Normand.<\/strong><\/p>\n<p class=\" wall-content\"><strong>Deux personnes se sont alors approch\u00e9es<\/strong> du v\u00e9hicule et y ont <strong>mis le feu<\/strong>. Ce dernier s\u2019est propag\u00e9 au Conservatoire, qui a \u00e9t\u00e9 endommag\u00e9.<\/p>\n<p class=\" wall-content\">La police municipale a tent\u00e9 d\u00e9teindre l\u2019incendie avec des extincteurs avant l\u2019intervention des <a href=\"https:\/\/actu.fr\/tag\/pompiers\" rel=\"nofollow noopener\" target=\"_blank\">pompiers<\/a>. La police nationale est \u00e9galement intervenue.<\/p>\n<p>Vid\u00e9os : en ce moment sur Actu<\/p>\n<p class=\" wall-content\">Suivez toute l\u2019actualit\u00e9 de vos villes et m\u00e9dias favoris en vous inscrivant \u00e0 <a href=\"https:\/\/moncompte.actu.fr\" title=\"D\u00e9couvez Mon Actu\" rel=\"nofollow noopener\" data-trk=\"{&quot;cta&quot;:{&quot;action&quot;:&quot;https:\\\/\\\/moncompte.actu.fr&quot;,&quot;category&quot;:&quot;mon compte&quot;,&quot;from&quot;:&quot;article footer&quot;,&quot;name&quot;:&quot;Mon actu&quot;,&quot;type&quot;:&quot;cta&quot;}}\" target=\"_blank\">Mon Actu<\/a>.<\/p>\n","protected":false},"excerpt":{"rendered":"Par Brian Le Goff Publi\u00e9 le 17 juil. 2025 \u00e0 19h19 L\u2019incendie a commenc\u00e9 \u00e0 se propager au&hellip;\n","protected":false},"author":2,"featured_media":254586,"comment_status":"","ping_status":"","sticky":false,"template":"","format":"standard","meta":{"footnotes":""},"categories":[2821],"tags":[1111,11,829,1777,674,118,1011,27,1310,12,1072,1311,584,25],"class_list":{"0":"post-254585","1":"post","2":"type-post","3":"status-publish","4":"format-standard","5":"has-post-thumbnail","7":"category-rennes","8":"tag-actu","9":"tag-actualites","10":"tag-bretagne","11":"tag-eu","12":"tag-europe","13":"tag-faits-divers","14":"tag-fr","15":"tag-france","16":"tag-incendie","17":"tag-news","18":"tag-police","19":"tag-pompiers","20":"tag-rennes","21":"tag-republique-francaise"},"share_on_mastodon":{"url":"https:\/\/pubeurope.com\/@fr\/114870103893860628","error":""},"_links":{"self":[{"href":"https:\/\/www.europesays.com\/fr\/wp-json\/wp\/v2\/posts\/254585","targetHints":{"allow":["GET"]}}],"collection":[{"href":"https:\/\/www.europesays.com\/fr\/wp-json\/wp\/v2\/posts"}],"about":[{"href":"https:\/\/www.europesays.com\/fr\/wp-json\/wp\/v2\/types\/post"}],"author":[{"embeddable":true,"href":"https:\/\/www.europesays.com\/fr\/wp-json\/wp\/v2\/users\/2"}],"replies":[{"embeddable":true,"href":"https:\/\/www.europesays.com\/fr\/wp-json\/wp\/v2\/comments?post=254585"}],"version-history":[{"count":0,"href":"https:\/\/www.europesays.com\/fr\/wp-json\/wp\/v2\/posts\/254585\/revisions"}],"wp:featuredmedia":[{"embeddable":true,"href":"https:\/\/www.europesays.com\/fr\/wp-json\/wp\/v2\/media\/254586"}],"wp:attachment":[{"href":"https:\/\/www.europesays.com\/fr\/wp-json\/wp\/v2\/media?parent=254585"}],"wp:term":[{"taxonomy":"category","embeddable":true,"href":"https:\/\/www.europesays.com\/fr\/wp-json\/wp\/v2\/categories?post=254585"},{"taxonomy":"post_tag","embeddable":true,"href":"https:\/\/www.europesays.com\/fr\/wp-json\/wp\/v2\/tags?post=254585"}],"curies":[{"name":"wp","href":"https:\/\/api.w.org\/{rel}","templated":true}]}}