{"id":254587,"date":"2025-07-17T18:57:17","date_gmt":"2025-07-17T18:57:17","guid":{"rendered":"https:\/\/www.europesays.com\/fr\/254587\/"},"modified":"2025-07-17T18:57:17","modified_gmt":"2025-07-17T18:57:17","slug":"un-homme-se-tue-en-sautant-dune-oeuvre-dart-sur-la-vilaine-2","status":"publish","type":"post","link":"https:\/\/www.europesays.com\/fr\/254587\/","title":{"rendered":"Un homme se tue en sautant d\u2019une \u0153uvre d\u2019art sur la Vilaine"},"content":{"rendered":"<p><strong>Accident &#8211; L\u2019homme serait mont\u00e9 sur la structure imagin\u00e9e par les fr\u00e8res Bouroullec avant de tomber \u00e0 l\u2019eau<\/strong><\/p>\n<p>Un homme est tomb\u00e9 dans la Vilaine ce jeudi aux alentours de 16h30 au pied de la place de Bretagne, \u00e0 <a href=\"https:\/\/www.20minutes.fr\/rennes\/?at_medium=RSS%20feed&amp;at_campaign=ynews&amp;utm_source=yahoo&amp;utm_medium=rss&amp;utm_campaign=news_feed&amp;utm_content=in_article_link\" rel=\"nofollow noopener\" target=\"_blank\" data-ylk=\"slk:Rennes;elm:context_link;itc:0;sec:content-canvas\" class=\"link \">Rennes<\/a>. Ag\u00e9 de 39 ans, l\u2019homme n\u2019a pas pu \u00eatre sauv\u00e9. Les pompiers ont rep\u00each\u00e9 son corps mais n\u2019ont pas pu le r\u00e9animer.<\/p>\n<p>D\u2019apr\u00e8s une source polici\u00e8re, l\u2019homme serait mont\u00e9 sur le kiosque pos\u00e9 sur la Vilaine et aurait chut\u00e9. Pour l\u2019heure, on ignore si son geste \u00e9tait d\u00e9lib\u00e9r\u00e9. En tombant, l\u2019homme aurait heurt\u00e9 la structure m\u00e9tallique avant de tomber \u00e0 l\u2019eau et <a href=\"https:\/\/www.20minutes.fr\/dossier\/noyade?at_medium=RSS%20feed&amp;at_campaign=ynews&amp;utm_source=yahoo&amp;utm_medium=rss&amp;utm_campaign=news_feed&amp;utm_content=in_article_link\" rel=\"nofollow noopener\" target=\"_blank\" data-ylk=\"slk:de se noyer;elm:context_link;itc:0;sec:content-canvas\" class=\"link \">de se noyer<\/a>. Une enqu\u00eate a \u00e9t\u00e9 ouverte pour tenter de comprendre les circonstances de cet accident.<\/p>\n<p>Le belv\u00e9d\u00e8re est une \u0153uvre d\u2019art imagin\u00e9e par les fr\u00e8res Ronan et Erwan Bouroullec. Elle a \u00e9t\u00e9 install\u00e9e <a href=\"https:\/\/www.20minutes.fr\/rennes\/2636567-20191025-rennes-belvedere-freres-bouroullec-flottera-eau-partir-fevrier?at_medium=RSS%20feed&amp;at_campaign=ynews&amp;utm_source=yahoo&amp;utm_medium=rss&amp;utm_campaign=news_feed&amp;utm_content=in_article_link\" rel=\"nofollow noopener\" target=\"_blank\" data-ylk=\"slk:sur la Vilaine en 2021;elm:context_link;itc:0;sec:content-canvas\" class=\"link \">sur la Vilaine en 2021<\/a>.<\/p>\n<p><a href=\"https:\/\/www.20minutes.fr\/faits_divers\/faits-divers-rennes\/4164147-20250717-rennes-homme-tue-sautant-uvre-art-vilaine?at_medium=RSS%20feed&amp;at_campaign=ynews&amp;utm_source=yahoo&amp;utm_medium=rss&amp;utm_campaign=news_feed&amp;utm_content=read_more_link\" rel=\"nofollow noopener\" target=\"_blank\" data-ylk=\"slk:Lire la suite sur 20minutes;elm:context_link;itc:0;sec:content-canvas\" class=\"link \">Lire la suite sur 20minutes<\/a><\/p>\n<p>\u00c0 lire aussi :<br \/><a href=\"https:\/\/www.20minutes.fr\/faits_divers\/4159049-20250617-hautes-alpes-homme-wingsuit-tue-sautant-pres-3-500-haut?at_medium=RSS%20feed&amp;at_campaign=ynews&amp;utm_source=yahoo&amp;utm_medium=rss&amp;utm_campaign=news_feed&amp;utm_content=related_content_link\" rel=\"nofollow noopener\" target=\"_blank\" data-ylk=\"slk:Hautes-Alpes : Un homme en wingsuit se tue en sautant de pr\u00e8s de 3.500 m de haut;elm:context_link;itc:0;sec:content-canvas\" class=\"link \">Hautes-Alpes : Un homme en wingsuit se tue en sautant de pr\u00e8s de 3.500 m de haut<\/a><br \/><a href=\"https:\/\/www.20minutes.fr\/faits_divers\/faits-divers-nantes\/4163991-20250717-maine-loire-jeune-fille-11-ans-portee-disparue-retrouvee-morte?at_medium=RSS%20feed&amp;at_campaign=ynews&amp;utm_source=yahoo&amp;utm_medium=rss&amp;utm_campaign=news_feed&amp;utm_content=related_content_link\" rel=\"nofollow noopener\" target=\"_blank\" data-ylk=\"slk:Maine-et-Loire : La fillette de 11 ans port\u00e9e disparue a \u00e9t\u00e9 retrouv\u00e9e morte noy\u00e9e;elm:context_link;itc:0;sec:content-canvas\" class=\"link \">Maine-et-Loire : La fillette de 11 ans port\u00e9e disparue a \u00e9t\u00e9 retrouv\u00e9e morte noy\u00e9e<\/a><\/p>\n","protected":false},"excerpt":{"rendered":"Accident &#8211; L\u2019homme serait mont\u00e9 sur la structure imagin\u00e9e par les fr\u00e8res Bouroullec avant de tomber \u00e0 l\u2019eau&hellip;\n","protected":false},"author":2,"featured_media":254588,"comment_status":"","ping_status":"","sticky":false,"template":"","format":"standard","meta":{"footnotes":""},"categories":[2821],"tags":[1111,11,39487,829,39488,1777,674,1011,27,5910,12,584,25,39486,7009],"class_list":{"0":"post-254587","1":"post","2":"type-post","3":"status-publish","4":"format-standard","5":"has-post-thumbnail","7":"category-rennes","8":"tag-actu","9":"tag-actualites","10":"tag-bouroullec","11":"tag-bretagne","12":"tag-erwan-bouroullec","13":"tag-eu","14":"tag-europe","15":"tag-fr","16":"tag-france","17":"tag-lhomme","18":"tag-news","19":"tag-rennes","20":"tag-republique-francaise","21":"tag-structure-metallique","22":"tag-vilaine"},"share_on_mastodon":{"url":"https:\/\/pubeurope.com\/@fr\/114870107753676940","error":""},"_links":{"self":[{"href":"https:\/\/www.europesays.com\/fr\/wp-json\/wp\/v2\/posts\/254587","targetHints":{"allow":["GET"]}}],"collection":[{"href":"https:\/\/www.europesays.com\/fr\/wp-json\/wp\/v2\/posts"}],"about":[{"href":"https:\/\/www.europesays.com\/fr\/wp-json\/wp\/v2\/types\/post"}],"author":[{"embeddable":true,"href":"https:\/\/www.europesays.com\/fr\/wp-json\/wp\/v2\/users\/2"}],"replies":[{"embeddable":true,"href":"https:\/\/www.europesays.com\/fr\/wp-json\/wp\/v2\/comments?post=254587"}],"version-history":[{"count":0,"href":"https:\/\/www.europesays.com\/fr\/wp-json\/wp\/v2\/posts\/254587\/revisions"}],"wp:featuredmedia":[{"embeddable":true,"href":"https:\/\/www.europesays.com\/fr\/wp-json\/wp\/v2\/media\/254588"}],"wp:attachment":[{"href":"https:\/\/www.europesays.com\/fr\/wp-json\/wp\/v2\/media?parent=254587"}],"wp:term":[{"taxonomy":"category","embeddable":true,"href":"https:\/\/www.europesays.com\/fr\/wp-json\/wp\/v2\/categories?post=254587"},{"taxonomy":"post_tag","embeddable":true,"href":"https:\/\/www.europesays.com\/fr\/wp-json\/wp\/v2\/tags?post=254587"}],"curies":[{"name":"wp","href":"https:\/\/api.w.org\/{rel}","templated":true}]}}