{"id":254593,"date":"2025-07-17T19:00:12","date_gmt":"2025-07-17T19:00:12","guid":{"rendered":"https:\/\/www.europesays.com\/fr\/254593\/"},"modified":"2025-07-17T19:00:12","modified_gmt":"2025-07-17T19:00:12","slug":"la-russie-denonce-une-decision-honteuse-et-revisionniste","status":"publish","type":"post","link":"https:\/\/www.europesays.com\/fr\/254593\/","title":{"rendered":"la Russie d\u00e9nonce une \u00ab\u00a0d\u00e9cision honteuse\u00a0\u00bb et \u00ab\u00a0r\u00e9visionniste\u00a0\u00bb"},"content":{"rendered":"<p><strong>La d\u00e9cision de la municipalit\u00e9 de Drap, pr\u00e8s de Nice, de d\u00e9baptiser le boulevard Stalingrad provoque un toll\u00e9 diplomatique. L\u2019ambassade de Russie en France s\u2019est dite \u00ab\u00a0indign\u00e9e\u00a0\u00bb face \u00e0 ce qu\u2019elle consid\u00e8re comme une \u00ab\u00a0d\u00e9cision honteuse\u00a0\u00bb et une r\u00e9\u00e9criture de l\u2019Histoire.<\/strong><\/p>\n<p>Dans un message publi\u00e9 sur Telegram, l\u2019ambassade russe a vivement critiqu\u00e9 la d\u00e9cision vot\u00e9e le 4 juillet par le conseil municipal de Drap, une commune de 5.000 habitants situ\u00e9e \u00e0 une dizaine de kilom\u00e8tres de Nice.<\/p>\n<p>\u00ab\u00a0Le cynisme de l\u2019un des arguments avanc\u00e9s pour justifier cette d\u00e9cision est particuli\u00e8rement frappant\u00a0\u00bb, affirme-t-elle, d\u00e9non\u00e7ant une \u00ab\u00a0tentative inqui\u00e9tante de r\u00e9\u00e9criture de l\u2019histoire\u00a0\u00bb.<\/p>\n<p>L\u2019origine de la pol\u00e9mique : la suppression du nom de \u00ab\u00a0boulevard Stalingrad\u00a0\u00bb, qui rappelait la c\u00e9l\u00e8bre bataille de 1943, au profit d\u2019un nouveau nom plus local, \u00ab\u00a0boulevard des Rives du Paillon\u00a0\u00bb, en r\u00e9f\u00e9rence au fleuve qui traverse la commune.<\/p>\n<p>Une justification municipale qui fait pol\u00e9mique<\/p>\n<p>La d\u00e9cision a \u00e9t\u00e9 justifi\u00e9e par l\u2019adjointe au maire, Alexandra Russo, dans les colonnes de Nice-Matin. \u00ab\u00a0La bataille de Stalingrad n\u2019est pas une fiert\u00e9 historique\u00a0\u00bb, a-t-elle estim\u00e9. \u00ab\u00a0Il ne faut plus mettre en avant ces grandes batailles du pass\u00e9 qui ne sont pas des grands moments pour la France\u00a0\u00bb, a-t-elle ajout\u00e9, suscitant une vague d\u2019incompr\u00e9hension, notamment du c\u00f4t\u00e9 russe.<\/p>\n<p>Pour l\u2019ambassade, ces propos constituent une \u00ab\u00a0d\u00e9formation flagrante des faits historiques\u00a0\u00bb. Elle rappelle que \u00ab\u00a0c\u2019est \u00e0 Stalingrad que les forces sovi\u00e9tiques ont inflig\u00e9 une d\u00e9faite d\u00e9cisive \u00e0 la Wehrmacht. Cette victoire a largement pr\u00e9cipit\u00e9 l\u2019effondrement de l\u2019Allemagne nazie et contribu\u00e9 \u00e0 la lib\u00e9ration de l\u2019Europe du joug du nazisme\u00a0\u00bb.<\/p>\n<p>Tournant majeur de la Seconde Guerre mondiale<\/p>\n<p>La bataille de Stalingrad, remport\u00e9e par l\u2019Arm\u00e9e rouge en f\u00e9vrier 1943, reste consid\u00e9r\u00e9e comme l\u2019un des tournants majeurs du second conflit mondial. Elle marque le d\u00e9but du recul allemand sur le front de l\u2019Est. Cette victoire fait \u00e9cho \u00e0 celle d\u2019El-Alamein, remport\u00e9e quelques mois plus t\u00f4t par les forces alli\u00e9es en \u00c9gypte, en novembre 1942.<\/p>\n<p>Ces deux affrontements ont durablement chang\u00e9 la dynamique de la guerre, amor\u00e7ant le lent mais in\u00e9luctable effondrement du r\u00e9gime nazi jusqu\u2019\u00e0 sa capitulation en mai 1945.<\/p>\n<p><a href=\"https:\/\/anneedelamer.nice.fr\/\" rel=\"nofollow noopener\" target=\"_blank\"><img loading=\"lazy\" decoding=\"async\" width=\"300\" height=\"300\" src=\"data:image\/svg+xml,%3Csvg%20xmlns=\" http:=\"\" alt=\"\" class=\"wp-image-235449\" data-lazy-src=\"https:\/\/www.europesays.com\/fr\/wp-content\/uploads\/2025\/04\/IMG_1416-2.png\"\/><\/a><\/p>\n<p>Crispation<\/p>\n<p>Le maire divers droite de Drap, Robert Nardelli, a reconnu que son adjointe avait peut-\u00eatre \u00e9t\u00e9 trop loin dans ses propos. Il n\u2019en demeure pas moins favorable \u00e0 la d\u00e9cision de changer le nom du boulevard. Une d\u00e9cision qui divise jusque dans les rangs politiques locaux.<\/p>\n<p>Les \u00e9lus communistes du territoire n\u2019ont pas tard\u00e9 \u00e0 r\u00e9agir. \u00ab\u00a0Doit-on comprendre que la municipalit\u00e9 de Drap regrette officiellement ce moment de l\u2019histoire et qu\u2019elle aurait pr\u00e9f\u00e9r\u00e9 une victoire nazie?\u00a0\u00bb, a r\u00e9agi dans un communiqu\u00e9 le collectif \u00ab\u00a0Alternative Communiste 06\u00a0\u00bb.<\/p>\n<p>La Russie accus\u00e9e de manipuler l\u2019Histoire<\/p>\n<p>Cette controverse s\u2019inscrit dans un contexte diplomatique particuli\u00e8rement tendu. Moscou, sous la pr\u00e9sidence de Vladimir Poutine, est r\u00e9guli\u00e8rement accus\u00e9e par les historiens et les chancelleries occidentales d\u2019instrumentaliser l\u2019histoire sovi\u00e9tique pour justifier ses actions actuelles, notamment l\u2019invasion de l\u2019Ukraine entam\u00e9e en 2022.<\/p>\n<p>Le pouvoir russe qualifie r\u00e9guli\u00e8rement le r\u00e9gime ukrainien de \u00ab\u00a0nazi\u00a0\u00bb, une rh\u00e9torique d\u00e9nonc\u00e9e comme fallacieuse et manipulatrice par les pays occidentaux. Ce discours officiel participe \u00e0 l\u2019isolement diplomatique de la Russie sur la sc\u00e8ne internationale.<\/p>\n<p class=\"has-small-font-size\">Avec AFP<\/p>\n","protected":false},"excerpt":{"rendered":"La d\u00e9cision de la municipalit\u00e9 de Drap, pr\u00e8s de Nice, de d\u00e9baptiser le boulevard Stalingrad provoque un toll\u00e9&hellip;\n","protected":false},"author":2,"featured_media":254594,"comment_status":"","ping_status":"","sticky":false,"template":"","format":"standard","meta":{"footnotes":""},"categories":[2819],"tags":[1111,11,1777,674,1011,27,12,2401,882,25],"class_list":{"0":"post-254593","1":"post","2":"type-post","3":"status-publish","4":"format-standard","5":"has-post-thumbnail","7":"category-nice","8":"tag-actu","9":"tag-actualites","10":"tag-eu","11":"tag-europe","12":"tag-fr","13":"tag-france","14":"tag-news","15":"tag-nice","16":"tag-provence-alpes-cote-dazur","17":"tag-republique-francaise"},"share_on_mastodon":{"url":"https:\/\/pubeurope.com\/@fr\/114870119530347642","error":""},"_links":{"self":[{"href":"https:\/\/www.europesays.com\/fr\/wp-json\/wp\/v2\/posts\/254593","targetHints":{"allow":["GET"]}}],"collection":[{"href":"https:\/\/www.europesays.com\/fr\/wp-json\/wp\/v2\/posts"}],"about":[{"href":"https:\/\/www.europesays.com\/fr\/wp-json\/wp\/v2\/types\/post"}],"author":[{"embeddable":true,"href":"https:\/\/www.europesays.com\/fr\/wp-json\/wp\/v2\/users\/2"}],"replies":[{"embeddable":true,"href":"https:\/\/www.europesays.com\/fr\/wp-json\/wp\/v2\/comments?post=254593"}],"version-history":[{"count":0,"href":"https:\/\/www.europesays.com\/fr\/wp-json\/wp\/v2\/posts\/254593\/revisions"}],"wp:featuredmedia":[{"embeddable":true,"href":"https:\/\/www.europesays.com\/fr\/wp-json\/wp\/v2\/media\/254594"}],"wp:attachment":[{"href":"https:\/\/www.europesays.com\/fr\/wp-json\/wp\/v2\/media?parent=254593"}],"wp:term":[{"taxonomy":"category","embeddable":true,"href":"https:\/\/www.europesays.com\/fr\/wp-json\/wp\/v2\/categories?post=254593"},{"taxonomy":"post_tag","embeddable":true,"href":"https:\/\/www.europesays.com\/fr\/wp-json\/wp\/v2\/tags?post=254593"}],"curies":[{"name":"wp","href":"https:\/\/api.w.org\/{rel}","templated":true}]}}