{"id":254607,"date":"2025-07-17T19:07:12","date_gmt":"2025-07-17T19:07:12","guid":{"rendered":"https:\/\/www.europesays.com\/fr\/254607\/"},"modified":"2025-07-17T19:07:12","modified_gmt":"2025-07-17T19:07:12","slug":"tour-de-france-en-haute-garonne-un-stand-securite-routiere-a-toulouse-et-a-muret","status":"publish","type":"post","link":"https:\/\/www.europesays.com\/fr\/254607\/","title":{"rendered":"Tour de France en Haute-Garonne : un stand s\u00e9curit\u00e9 routi\u00e8re \u00e0 Toulouse et \u00e0 Muret"},"content":{"rendered":"<p><b>Passage du Tour de France en Haute-Garonne : un stand s\u00e9curit\u00e9\u00a0 routi\u00e8re \u00e0 l\u2019arriv\u00e9e de l\u2019\u00e9tape 11 du mercredi 16 juillet \u00e0 Toulouse et au\u00a0 d\u00e9part de l\u2019\u00e9tape 15 du dimanche 20 juillet \u00e0 Muret.<\/b><\/p>\n<p>Le Tour de France cycliste 2025 fera notamment \u00e9tape dans notre d\u00e9partement le 16 juillet et le\u00a0 20 juillet prochain. \u00c0 ces occasions, la <b>coordination s\u00e9curit\u00e9 routi\u00e8re de la pr\u00e9fecture de la\u00a0 Haute-Garonne <\/b>sera mobilis\u00e9e pour animer un <b>stand de pr\u00e9vention <\/b>au plus pr\u00e8s des spectateurs.\u00a0\u00a0<\/p>\n<p>Depuis 2015, l\u2019op\u00e9ration \u00a0 La Route Se Partage \u00a0 (LRSP) accompagne chaque \u00e9t\u00e9 le Tour de\u00a0 France, dans le cadre d\u2019un partenariat solide entre la D\u00e9l\u00e9gation \u00e0 la S\u00e9curit\u00e9 Routi\u00e8re et\u00a0 Amaury Sport Organisation (ASO). Elle vise \u00e0 sensibiliser l\u2019ensemble des usagers de la route \u2013\u00a0 cyclistes, automobilistes et pi\u00e9tons \u2013 \u00e0 l\u2019importance d\u2019adopter des comportements\u00a0 responsables pour favoriser une cohabitation harmonieuse et s\u00e9curis\u00e9e.\u00a0\u00a0<\/p>\n<p>Cette mission prend une r\u00e9sonance particuli\u00e8re dans un contexte o\u00f9 la pratique du v\u00e9lo\u00a0 conna\u00eet un essor continu : depuis 2019, la fr\u00e9quentation cyclable a progress\u00e9 de plus d\u2019un tiers\u00a0 en France. Ce d\u00e9veloppement s\u2019accompagne toutefois d\u2019une exigence accrue en mati\u00e8re de\u00a0 s\u00e9curit\u00e9. Apr\u00e8s plusieurs ann\u00e9es de hausse marqu\u00e9e de la mortalit\u00e9 cycliste, 222 d\u00e9c\u00e8s ont \u00e9t\u00e9\u00a0 enregistr\u00e9s en 2024, un chiffre \u00e9quivalent \u00e0 celui de 2023. Ce constat souligne, plus que jamais,\u00a0 la n\u00e9cessit\u00e9 de renforcer les actions de pr\u00e9vention et de sensibilisation, notamment lors\u00a0 d\u2019\u00e9v\u00e9nements d\u2019envergure comme le Tour de France.\u00a0<\/p>\n<p><b>Sur le terrain, l\u2019op\u00e9ration LRSP se distingue par une pr\u00e9sence forte et active. Deux v\u00e9hicules\u00a0 aux couleurs de la campagne sont int\u00e9gr\u00e9s \u00e0 la caravane publicitaire et diffusent, \u00e0 chaque\u00a0 \u00e9tape, des messages de pr\u00e9vention. Parall\u00e8lement, 31 stands d\u2019information, anim\u00e9s par les\u00a0 services de l\u2019\u00c9tat, sont d\u00e9ploy\u00e9s tout au long du parcours pour aller \u00e0 la rencontre du public et\u00a0 rappeler les principes essentiels du partage de la route.\u00a0<\/b><\/p>\n<p><b>Une action de terrain au c\u0153ur d\u2019un \u00e9v\u00e9nement populaire\u00a0<\/b><\/p>\n<p>La coordination d\u00e9partementale du 31 sera pleinement engag\u00e9e dans ce dispositif national\u00a0 avec :\u00a0\u00a0<\/p>\n<p>\u2013 l\u2019animation du stand de sensibilisation, install\u00e9 \u00e0 proximit\u00e9 imm\u00e9diate de l\u2019arriv\u00e9e de\u00a0 l\u2019\u00e9tape, pour informer et \u00e9changer avec le public dans une ambiance conviviale,\u00a0 \u2013 la mobilisation des Intervenants D\u00e9partementaux de S\u00e9curit\u00e9 Routi\u00e8re (IDSR) de la\u00a0 coordination de la Pr\u00e9fecture de la Haute-Garonne, pr\u00e9sents pour r\u00e9pondre aux\u00a0 questions, fournir des conseils personnalis\u00e9s \u00e0 tous les types d\u2019usagers, et animer un quiz\u00a0 ludique autour des r\u00e8gles de circulation. Le grand public pourra ainsi tester ses\u00a0 connaissances tout en ayant la possibilit\u00e9 de remporter des lots en lien avec la s\u00e9curit\u00e9\u00a0 routi\u00e8re.<\/p>\n<p>Le stand anim\u00e9 avec l\u2019implication des acteurs locaux, s\u2019inscrit pleinement dans cette dynamique. Il vise \u00e0 rappeler que la route se partage, au quotidien comme dans l\u2019effort, et que\u00a0 le respect des r\u00e8gles reste la meilleure des protections.<\/p>\n","protected":false},"excerpt":{"rendered":"Passage du Tour de France en Haute-Garonne : un stand s\u00e9curit\u00e9\u00a0 routi\u00e8re \u00e0 l\u2019arriv\u00e9e de l\u2019\u00e9tape 11 du&hellip;\n","protected":false},"author":2,"featured_media":254608,"comment_status":"","ping_status":"","sticky":false,"template":"","format":"standard","meta":{"footnotes":""},"categories":[2816],"tags":[1111,11,1777,674,1011,27,12,2680,25,2312,210],"class_list":{"0":"post-254607","1":"post","2":"type-post","3":"status-publish","4":"format-standard","5":"has-post-thumbnail","7":"category-toulouse","8":"tag-actu","9":"tag-actualites","10":"tag-eu","11":"tag-europe","12":"tag-fr","13":"tag-france","14":"tag-news","15":"tag-occitanie","16":"tag-republique-francaise","17":"tag-toulouse","18":"tag-tour-de-france"},"share_on_mastodon":{"url":"https:\/\/pubeurope.com\/@fr\/114870147049660626","error":""},"_links":{"self":[{"href":"https:\/\/www.europesays.com\/fr\/wp-json\/wp\/v2\/posts\/254607","targetHints":{"allow":["GET"]}}],"collection":[{"href":"https:\/\/www.europesays.com\/fr\/wp-json\/wp\/v2\/posts"}],"about":[{"href":"https:\/\/www.europesays.com\/fr\/wp-json\/wp\/v2\/types\/post"}],"author":[{"embeddable":true,"href":"https:\/\/www.europesays.com\/fr\/wp-json\/wp\/v2\/users\/2"}],"replies":[{"embeddable":true,"href":"https:\/\/www.europesays.com\/fr\/wp-json\/wp\/v2\/comments?post=254607"}],"version-history":[{"count":0,"href":"https:\/\/www.europesays.com\/fr\/wp-json\/wp\/v2\/posts\/254607\/revisions"}],"wp:featuredmedia":[{"embeddable":true,"href":"https:\/\/www.europesays.com\/fr\/wp-json\/wp\/v2\/media\/254608"}],"wp:attachment":[{"href":"https:\/\/www.europesays.com\/fr\/wp-json\/wp\/v2\/media?parent=254607"}],"wp:term":[{"taxonomy":"category","embeddable":true,"href":"https:\/\/www.europesays.com\/fr\/wp-json\/wp\/v2\/categories?post=254607"},{"taxonomy":"post_tag","embeddable":true,"href":"https:\/\/www.europesays.com\/fr\/wp-json\/wp\/v2\/tags?post=254607"}],"curies":[{"name":"wp","href":"https:\/\/api.w.org\/{rel}","templated":true}]}}