{"id":25461,"date":"2025-04-14T23:54:13","date_gmt":"2025-04-14T23:54:13","guid":{"rendered":"https:\/\/www.europesays.com\/fr\/25461\/"},"modified":"2025-04-14T23:54:13","modified_gmt":"2025-04-14T23:54:13","slug":"les-commissaires-ont-rendu-leur-verdict-sur-le-cas-russell","status":"publish","type":"post","link":"https:\/\/www.europesays.com\/fr\/25461\/","title":{"rendered":"Les commissaires ont rendu leur verdict sur le cas Russell"},"content":{"rendered":"<p>Victime de plusieurs probl\u00e8mes techniques dans les derniers tours de course, en d\u00e9pit desquels il a r\u00e9ussi \u00e0 terminer deuxi\u00e8me,\u00a0<a href=\"https:\/\/fr.motorsport.com\/driver\/george-russell\/96626\/\" target=\"_blank\" rel=\"noopener\">George Russell<\/a> \u00e9tait sous enqu\u00eate des commissaires au Grand Prix de Bahre\u00efn pour une utilisation du DRS dans une zone non autoris\u00e9e. Finalement, le pilote <a href=\"https:\/\/fr.motorsport.com\/team\/mercedes\/611\/\" target=\"_blank\" rel=\"noopener\">Mercedes<\/a> n&rsquo;a pas re\u00e7u de p\u00e9nalit\u00e9.<\/p>\n<p>Les commissaires ont en effet constat\u00e9 que, si Russell a bien, par erreur, ouvert son DRS sur 37 m\u00e8tres entre les virage 10 et 11, il s&rsquo;agissait d&rsquo;une erreur qui n&rsquo;a pas apport\u00e9, selon eux, d&rsquo;avantage sportif puisque le Britannique a perdu du temps pour compenser tout gain li\u00e9 \u00e0 l&rsquo;ouverture de ce flap.<\/p>\n<p>Voici comment les commissaires ont justifi\u00e9 leur d\u00e9cision : \u00ab\u00a0La connexion entre le syst\u00e8me automatis\u00e9 d&rsquo;activation du DRS et la voiture a \u00e9chou\u00e9 en raison de probl\u00e8mes avec une boucle de chronom\u00e9trage fournie par une tierce partie. La FIA a donc autoris\u00e9 l&rsquo;activation manuelle du DRS conform\u00e9ment \u00e0 l&rsquo;Article 22.1 h).\u00a0\u00bb<\/p>\n<p>\u00ab\u00a0\u00c0 ce moment-l\u00e0, le pilote connaissait un probl\u00e8me du syst\u00e8me brake-by-wire et d&rsquo;autres probl\u00e8mes \u00e9lectroniques. Il lui a alors \u00e9t\u00e9 conseill\u00e9 d&rsquo;utiliser un bouton auxiliaire dans le cockpit qui sert de bouton radio de secours mais aussi de bouton d&rsquo;activation manuelle du DRS.\u00a0\u00bb<\/p>\n<p>\u00ab\u00a0Dans la ligne droite entre les virages 10 et 11, il a essay\u00e9 de contacter l&rsquo;\u00e9quipe par radio \u00e0 l&rsquo;aide de ce bouton, mais a accidentellement activ\u00e9 le DRS. Le DRS a \u00e9t\u00e9 activ\u00e9 sur une distance de 37 m\u00e8tres sur une ligne droite d&rsquo;environ 700 m\u00e8tres. Alors qu&rsquo;il a gagn\u00e9 0,02 seconde, il a perdu 0,28 seconde au virage suivant pour compenser. Ceci a \u00e9t\u00e9 confirm\u00e9 par la t\u00e9l\u00e9m\u00e9trie.\u00a0\u00bb<\/p>\n<p>\u00ab\u00a0En cons\u00e9quence, bien qu&rsquo;il y ait eu techniquement une infraction, les commissaires d\u00e9cident qu&rsquo;il n&rsquo;y a pas eu d&rsquo;avantage sportif et qu&rsquo;aucune p\u00e9nalit\u00e9 ne doit \u00eatre impos\u00e9e.\u00a0\u00bb<\/p>\n<p>Lire aussi :<\/p>\n<p>Dans cet article<\/p>\n<p>    Fabien Gaillard\n<\/p>\n<p>    Formule 1\n<\/p>\n<p>    George Russell\n<\/p>\n<p>    Mercedes\n<\/p>\n<p>Soyez le premier inform\u00e9 et souscrivez aux alertes mails pour recevoir les infos en temps r\u00e9el<\/p>\n<p>    S&rsquo;abonner aux alertes de news<\/p>\n","protected":false},"excerpt":{"rendered":"Victime de plusieurs probl\u00e8mes techniques dans les derniers tours de course, en d\u00e9pit desquels il a r\u00e9ussi \u00e0&hellip;\n","protected":false},"author":2,"featured_media":25462,"comment_status":"","ping_status":"","sticky":false,"template":"","format":"standard","meta":{"footnotes":""},"categories":[1412],"tags":[5040,1451,1452,1453,1454,1455,1011,27,9124,5039,4320,60],"class_list":{"0":"post-25461","1":"post","2":"type-post","3":"status-publish","4":"format-standard","5":"has-post-thumbnail","7":"category-f1","8":"tag-bahrain-international-circuit","9":"tag-f1","10":"tag-formula-1","11":"tag-formula1","12":"tag-formule-1","13":"tag-formule1","14":"tag-fr","15":"tag-france","16":"tag-george-russell","17":"tag-gp-de-bahreu00efn","18":"tag-mercedes","19":"tag-sports"},"share_on_mastodon":{"url":"https:\/\/pubeurope.com\/@fr\/114339018496186177","error":""},"_links":{"self":[{"href":"https:\/\/www.europesays.com\/fr\/wp-json\/wp\/v2\/posts\/25461","targetHints":{"allow":["GET"]}}],"collection":[{"href":"https:\/\/www.europesays.com\/fr\/wp-json\/wp\/v2\/posts"}],"about":[{"href":"https:\/\/www.europesays.com\/fr\/wp-json\/wp\/v2\/types\/post"}],"author":[{"embeddable":true,"href":"https:\/\/www.europesays.com\/fr\/wp-json\/wp\/v2\/users\/2"}],"replies":[{"embeddable":true,"href":"https:\/\/www.europesays.com\/fr\/wp-json\/wp\/v2\/comments?post=25461"}],"version-history":[{"count":0,"href":"https:\/\/www.europesays.com\/fr\/wp-json\/wp\/v2\/posts\/25461\/revisions"}],"wp:featuredmedia":[{"embeddable":true,"href":"https:\/\/www.europesays.com\/fr\/wp-json\/wp\/v2\/media\/25462"}],"wp:attachment":[{"href":"https:\/\/www.europesays.com\/fr\/wp-json\/wp\/v2\/media?parent=25461"}],"wp:term":[{"taxonomy":"category","embeddable":true,"href":"https:\/\/www.europesays.com\/fr\/wp-json\/wp\/v2\/categories?post=25461"},{"taxonomy":"post_tag","embeddable":true,"href":"https:\/\/www.europesays.com\/fr\/wp-json\/wp\/v2\/tags?post=25461"}],"curies":[{"name":"wp","href":"https:\/\/api.w.org\/{rel}","templated":true}]}}