{"id":254613,"date":"2025-07-17T19:10:09","date_gmt":"2025-07-17T19:10:09","guid":{"rendered":"https:\/\/www.europesays.com\/fr\/254613\/"},"modified":"2025-07-17T19:10:09","modified_gmt":"2025-07-17T19:10:09","slug":"la-bibliotheque-du-panier-a-marseille-rouvre-ses-portes-a-la-maison-diamantee","status":"publish","type":"post","link":"https:\/\/www.europesays.com\/fr\/254613\/","title":{"rendered":"La biblioth\u00e8que du Panier \u00e0 Marseille rouvre ses portes \u00e0 la Maison Diamant\u00e9e"},"content":{"rendered":"<p>Derri\u00e8re la lourde porte sculpt\u00e9e de l\u2019une des plus anciennes b\u00e2tisses de Marseille, s\u2019est install\u00e9e la biblioth\u00e8que du Panier. Depuis pr\u00e8s d\u2019une semaine, elle occupe provisoirement le rez-de-chauss\u00e9e de <a href=\"https:\/\/www.laprovence.com\/article\/politique\/6278015993844515\/marseille-la-maison-diamantee-va-redevenir-un-lieu-culturel\" target=\"_blank\" rel=\"noopener\">la Maison Diamant\u00e9e<\/a>, class\u00e9e monument historique depuis\u00a01925.<\/p>\n<p>\u00ab\u00a0Le mandat pr\u00e9c\u00e9dent voulait fermer d\u00e9finitivement la biblioth\u00e8que du Panier, en pensant que celle de <a href=\"https:\/\/www.laprovence.com\/article\/region\/6965397605062914\/enfin-a-marseille-la-bibliotheque-de-lalcazar-rouvre-le-matin-et-seduit-les-familles\" target=\"_blank\" rel=\"noopener\">l\u2019Alcazar<\/a> suffirait. C\u2019\u00e9tait une fausse bonne id\u00e9e, les usagers sont attach\u00e9s \u00e0 ce lieu\u00a0\u00bb, assure Jean-Marc Coppola, adjoint au maire en charge de la culture. En janvier, <a href=\"https:\/\/www.laprovence.com\/article\/region\/1943168765686815\/la-bibliotheque-du-panier-a-marseille-fermee-definitivement-pour-cause-dinfiltrations\" target=\"_blank\" rel=\"noopener\">la ville avait d\u00fb fermer<\/a> d\u00e9finitivement les locaux de l\u2019ancien couvent du Refuge (2e) en raison des probl\u00e8mes d\u2019infiltrations d\u2019eaux et de la pr\u00e9sence de salp\u00eatre.<\/p>\n<p>Un lieu charg\u00e9 d\u2019histoire, mais peu pratique<\/p>\n<p>Malgr\u00e9 le charme des lieux, l\u2019adaptation n\u2019est pas sans difficult\u00e9s. R\u00e9partis dans trois petites salles, les fonds ont \u00e9t\u00e9 r\u00e9organis\u00e9s avec soin pour conserver les cat\u00e9gories habituelles\u00a0: jeunesse, romans, BD, documentaires\u2026 \u00ab\u00a0La superficie a \u00e9t\u00e9 divis\u00e9e par deux. Donc nous avons d\u00fb r\u00e9duire de moiti\u00e9 le nombre d\u2019ouvrages disponibles\u00a0\u00bb, regrette Kim Bounoua, responsable du site.<\/p>\n<p>Et le site ne dispose ni d\u2019acc\u00e8s PMR, ni de toilettes. \u00ab\u00a0Nous sommes encore \u00e0 la recherche d\u2019un endroit plus d\u00e9finitif, qui correspond \u00e0 tous les crit\u00e8res. Mais je suis d\u00e9j\u00e0 ravi de pouvoir profiter de ce lieu\u00a0\u00bb, d\u00e9clare l\u2019\u00e9lu.<\/p>\n","protected":false},"excerpt":{"rendered":"Derri\u00e8re la lourde porte sculpt\u00e9e de l\u2019une des plus anciennes b\u00e2tisses de Marseille, s\u2019est install\u00e9e la biblioth\u00e8que du&hellip;\n","protected":false},"author":2,"featured_media":254614,"comment_status":"","ping_status":"","sticky":false,"template":"","format":"standard","meta":{"footnotes":""},"categories":[2814],"tags":[17,1111,11,7702,251,1777,674,1011,27,2142,884,12,9444,3761,882,25,3760,2407],"class_list":{"0":"post-254613","1":"post","2":"type-post","3":"status-publish","4":"format-standard","5":"has-post-thumbnail","7":"category-marseille","8":"tag-17","9":"tag-actu","10":"tag-actualites","11":"tag-bibliotheque","12":"tag-culture","13":"tag-eu","14":"tag-europe","15":"tag-fr","16":"tag-france","17":"tag-maison","18":"tag-marseille","19":"tag-news","20":"tag-panier","21":"tag-portes","22":"tag-provence-alpes-cote-dazur","23":"tag-republique-francaise","24":"tag-rouvre","25":"tag-ses"},"share_on_mastodon":{"url":"https:\/\/pubeurope.com\/@fr\/114870158878092473","error":""},"_links":{"self":[{"href":"https:\/\/www.europesays.com\/fr\/wp-json\/wp\/v2\/posts\/254613","targetHints":{"allow":["GET"]}}],"collection":[{"href":"https:\/\/www.europesays.com\/fr\/wp-json\/wp\/v2\/posts"}],"about":[{"href":"https:\/\/www.europesays.com\/fr\/wp-json\/wp\/v2\/types\/post"}],"author":[{"embeddable":true,"href":"https:\/\/www.europesays.com\/fr\/wp-json\/wp\/v2\/users\/2"}],"replies":[{"embeddable":true,"href":"https:\/\/www.europesays.com\/fr\/wp-json\/wp\/v2\/comments?post=254613"}],"version-history":[{"count":0,"href":"https:\/\/www.europesays.com\/fr\/wp-json\/wp\/v2\/posts\/254613\/revisions"}],"wp:featuredmedia":[{"embeddable":true,"href":"https:\/\/www.europesays.com\/fr\/wp-json\/wp\/v2\/media\/254614"}],"wp:attachment":[{"href":"https:\/\/www.europesays.com\/fr\/wp-json\/wp\/v2\/media?parent=254613"}],"wp:term":[{"taxonomy":"category","embeddable":true,"href":"https:\/\/www.europesays.com\/fr\/wp-json\/wp\/v2\/categories?post=254613"},{"taxonomy":"post_tag","embeddable":true,"href":"https:\/\/www.europesays.com\/fr\/wp-json\/wp\/v2\/tags?post=254613"}],"curies":[{"name":"wp","href":"https:\/\/api.w.org\/{rel}","templated":true}]}}