{"id":254617,"date":"2025-07-17T19:12:12","date_gmt":"2025-07-17T19:12:12","guid":{"rendered":"https:\/\/www.europesays.com\/fr\/254617\/"},"modified":"2025-07-17T19:12:12","modified_gmt":"2025-07-17T19:12:12","slug":"pour-gregory-doucet-jean-michel-aulas-a-necessairement-une-responsabilite","status":"publish","type":"post","link":"https:\/\/www.europesays.com\/fr\/254617\/","title":{"rendered":"pour Gr\u00e9gory Doucet, \u00ab\u00a0Jean-Michel Aulas a n\u00e9cessairement une responsabilit\u00e9\u00a0\u00bb"},"content":{"rendered":"<p>On a peu l\u2019habitude d\u2019entendre <a href=\"https:\/\/www.leprogres.fr\/p\/gregory-doucet\" target=\"_blank\" rel=\"noopener\">Gr\u00e9gory Doucet<\/a> parler de sport, encore moins de l\u2019Olympique Lyonnais. Supporter affich\u00e9 de l\u2019OL f\u00e9minin, le maire \u00e9cologiste de Lyon ne s\u2019\u00e9tait pas encore longuement exprim\u00e9 sur la crise financi\u00e8re en cours travers\u00e9e par l\u2019OL masculin, qui vient tout juste <a href=\"https:\/\/www.leprogres.fr\/sport\/2025\/07\/09\/jour-decisif-pour-l-ol-maintien-en-ligue-1-ou-retrogradation-en-ligue-2-la-dncg-tranche-ce-mercredi\" target=\"_blank\" rel=\"noopener\">d\u2019\u00e9chapper \u00e0 une r\u00e9trogradation en Ligue 2<\/a> en raison d\u2019une dette abyssale. Il vient de le faire aupr\u00e8s de nos confr\u00e8res de <a href=\"https:\/\/www.lequipe.fr\/Football\/Article\/-textor-on-ne-peut-pas-le-dedouaner-les-verites-de-gregory-doucet-le-maire-de-lyon-sur-l-ol\/1578886\" target=\"_blank\" rel=\"noopener\">L\u2019Equipe<\/a>.<\/p>\n<p>  \u00ab\u00a0J\u2019ai confiance en elle et en sa transparence depuis le d\u00e9but\u00a0\u00bb\u00a0: Doucet sur <a href=\"https:\/\/www.leprogres.fr\/p\/michele-kang\" target=\"_blank\" rel=\"noopener\">Michele Kang<\/a><\/p>\n<p>\u00ab\u00a0Assur\u00e9ment\u00a0\u00bb soulag\u00e9 par le maintien du club en Ligue 1, le maire revient sur sa relation avec la pr\u00e9sidente de l\u2019OL Lyonnes, l\u2019Am\u00e9ricaine Michele Kang, qui vient \u00e9galement de prendre les manettes du club masculin.<\/p>\n<p>\u00ab\u00a0J\u2019ai confiance en elle et en sa transparence depuis le d\u00e9but\u00a0\u00bb, dit d\u2019elle Gr\u00e9gory Doucet. \u00ab\u00a0Son intelligence relationnelle, en arrivant, a \u00e9t\u00e9 d\u2019aller rencontrer tout l\u2018\u00e9cosyst\u00e8me territorial, notamment politique. \u00c0 la diff\u00e9rence de <a href=\"https:\/\/www.leprogres.fr\/p\/john-textor\" target=\"_blank\" rel=\"noopener\">John Textor<\/a>.\u00a0\u00bb<\/p>\n<p>  Aulas, \u00ab\u00a0un remarquable pr\u00e9sident de l\u2019OL\u00a0\u00bb<\/p>\n<p>Interrog\u00e9 sur le r\u00f4le de <a href=\"https:\/\/www.leprogres.fr\/p\/jean-michel-aulas\" target=\"_blank\" rel=\"noopener\">Jean-Michel Aulas<\/a> dans la situation \u00e9conomique d\u00e9grad\u00e9e du club, celui qui a annonc\u00e9 briguer un nouveau mandat lors des \u00e9lections municipales de 2026, assure que l\u2019ancien patron historique de l\u2019Olympique Lyonnais a \u00ab\u00a0n\u00e9cessairement\u00a0\u00bb une responsabilit\u00e9.<\/p>\n<p>Avant de reconna\u00eetre qu\u2019\u00ab\u00a0il a \u00e9t\u00e9 un remarquable pr\u00e9sident de l\u2019OL. Personne ne peut lui enlever \u00e7a. Les grandes heures de l\u2019OL ont \u00e9t\u00e9 sous sa pr\u00e9sidence.\u00a0\u00bb<\/p>\n<p>Apr\u00e8s le terrain sportif, c\u2019est sur le terrain politique que les deux hommes s\u2019affronteront, Jean-Michel Aulas devant annoncer dans les prochaines semaines sa candidature aux \u00e9lections municipales \u00e0 Lyon.<\/p>\n","protected":false},"excerpt":{"rendered":"On a peu l\u2019habitude d\u2019entendre Gr\u00e9gory Doucet parler de sport, encore moins de l\u2019Olympique Lyonnais. Supporter affich\u00e9 de&hellip;\n","protected":false},"author":2,"featured_media":254618,"comment_status":"","ping_status":"","sticky":false,"template":"","format":"standard","meta":{"footnotes":""},"categories":[1889],"tags":[1111,11,2430,2757,1777,674,107,63,1011,27,2428,2756,12,2755,316,25,2429,517],"class_list":{"0":"post-254617","1":"post","2":"type-post","3":"status-publish","4":"format-standard","5":"has-post-thumbnail","7":"category-lyon","8":"tag-actu","9":"tag-actualites","10":"tag-auvergne-rhone-alpes","11":"tag-edition-lyon-villeurbanne","12":"tag-eu","13":"tag-europe","14":"tag-fil-info","15":"tag-football","16":"tag-fr","17":"tag-france","18":"tag-lyon","19":"tag-lyon-bassin","20":"tag-news","21":"tag-ol-olympique-lyonnais-football","22":"tag-politique","23":"tag-republique-francaise","24":"tag-rhone","25":"tag-sport"},"share_on_mastodon":{"url":"https:\/\/pubeurope.com\/@fr\/114870166723684447","error":""},"_links":{"self":[{"href":"https:\/\/www.europesays.com\/fr\/wp-json\/wp\/v2\/posts\/254617","targetHints":{"allow":["GET"]}}],"collection":[{"href":"https:\/\/www.europesays.com\/fr\/wp-json\/wp\/v2\/posts"}],"about":[{"href":"https:\/\/www.europesays.com\/fr\/wp-json\/wp\/v2\/types\/post"}],"author":[{"embeddable":true,"href":"https:\/\/www.europesays.com\/fr\/wp-json\/wp\/v2\/users\/2"}],"replies":[{"embeddable":true,"href":"https:\/\/www.europesays.com\/fr\/wp-json\/wp\/v2\/comments?post=254617"}],"version-history":[{"count":0,"href":"https:\/\/www.europesays.com\/fr\/wp-json\/wp\/v2\/posts\/254617\/revisions"}],"wp:featuredmedia":[{"embeddable":true,"href":"https:\/\/www.europesays.com\/fr\/wp-json\/wp\/v2\/media\/254618"}],"wp:attachment":[{"href":"https:\/\/www.europesays.com\/fr\/wp-json\/wp\/v2\/media?parent=254617"}],"wp:term":[{"taxonomy":"category","embeddable":true,"href":"https:\/\/www.europesays.com\/fr\/wp-json\/wp\/v2\/categories?post=254617"},{"taxonomy":"post_tag","embeddable":true,"href":"https:\/\/www.europesays.com\/fr\/wp-json\/wp\/v2\/tags?post=254617"}],"curies":[{"name":"wp","href":"https:\/\/api.w.org\/{rel}","templated":true}]}}