{"id":254619,"date":"2025-07-17T19:13:10","date_gmt":"2025-07-17T19:13:10","guid":{"rendered":"https:\/\/www.europesays.com\/fr\/254619\/"},"modified":"2025-07-17T19:13:10","modified_gmt":"2025-07-17T19:13:10","slug":"metropole-de-lyon-moins-dune-semaine-apres-levasion-le-depute-abdelkader-lahmar-visite-la-prison-surpeuplee-de-lyon-corbas","status":"publish","type":"post","link":"https:\/\/www.europesays.com\/fr\/254619\/","title":{"rendered":"M\u00e9tropole de Lyon. Moins d\u2019une semaine apr\u00e8s l\u2019\u00e9vasion, le d\u00e9put\u00e9 Abdelkader Lahmar visite la prison surpeupl\u00e9e de Lyon-Corbas"},"content":{"rendered":"<p>\u00ab\u00a0Bonjour. Je suis <a href=\"https:\/\/www.leprogres.fr\/p\/abdelkader-lahmar\" target=\"_blank\" rel=\"noopener\">Abdelkader Lahmar<\/a>, d\u00e9put\u00e9 de la 7e circonscription. \u00bb Ce jeudi\u00a010 heures, comme la loi l\u2019y autorise, le parlementaire de La France insoumise s\u2019est pr\u00e9sent\u00e9 pour une visite surprise, \u00e0 la maison d\u2019arr\u00eat de Lyon-Corbas. Il y a un mois, il avait propos\u00e9 \u00e0 plusieurs m\u00e9dias, dont Le Progr\u00e8s , de l\u2019accompagner. Il voulait se rendre compte de la surpopulation carc\u00e9rale et de son impact sur les conditions de d\u00e9tention et sur les conditions de travail des personnels p\u00e9nitentiaires. Il \u00e9tait loin de se douter que le lieu allait se retrouver au c\u0153ur de l\u2019actualit\u00e9.<\/p>\n<p>Six jours seulement apr\u00e8s l\u2019\u00e9vasion de Elyazid Ahamada, l\u2019ambiance est pesante au sein de la maison d\u2019arr\u00eat.<\/p>\n<p>Premi\u00e8re \u00e9tape de la visite, la maison d\u2019arr\u00eat pour femmes. Elle compte 117 femmes pour 60 places. 24 d\u00e9tenus dorment sur des matelas \u00e0 m\u00eame le sol. Une dizaine de femmes, qui pr\u00e9sentent un risque agressif, sont seules en&#8230;<\/p>\n","protected":false},"excerpt":{"rendered":"\u00ab\u00a0Bonjour. Je suis Abdelkader Lahmar, d\u00e9put\u00e9 de la 7e circonscription. \u00bb Ce jeudi\u00a010 heures, comme la loi l\u2019y&hellip;\n","protected":false},"author":2,"featured_media":254620,"comment_status":"","ping_status":"","sticky":false,"template":"","format":"standard","meta":{"footnotes":""},"categories":[1889],"tags":[1111,11,2430,24503,3152,1777,674,274,1011,27,2428,12,18283,25,2429],"class_list":{"0":"post-254619","1":"post","2":"type-post","3":"status-publish","4":"format-standard","5":"has-post-thumbnail","7":"category-lyon","8":"tag-actu","9":"tag-actualites","10":"tag-auvergne-rhone-alpes","11":"tag-corbas","12":"tag-edition-est-lyonnais","13":"tag-eu","14":"tag-europe","15":"tag-faits-divers-justice","16":"tag-fr","17":"tag-france","18":"tag-lyon","19":"tag-news","20":"tag-plaine-de-lest","21":"tag-republique-francaise","22":"tag-rhone"},"share_on_mastodon":{"url":"https:\/\/pubeurope.com\/@fr\/114870170564666174","error":""},"_links":{"self":[{"href":"https:\/\/www.europesays.com\/fr\/wp-json\/wp\/v2\/posts\/254619","targetHints":{"allow":["GET"]}}],"collection":[{"href":"https:\/\/www.europesays.com\/fr\/wp-json\/wp\/v2\/posts"}],"about":[{"href":"https:\/\/www.europesays.com\/fr\/wp-json\/wp\/v2\/types\/post"}],"author":[{"embeddable":true,"href":"https:\/\/www.europesays.com\/fr\/wp-json\/wp\/v2\/users\/2"}],"replies":[{"embeddable":true,"href":"https:\/\/www.europesays.com\/fr\/wp-json\/wp\/v2\/comments?post=254619"}],"version-history":[{"count":0,"href":"https:\/\/www.europesays.com\/fr\/wp-json\/wp\/v2\/posts\/254619\/revisions"}],"wp:featuredmedia":[{"embeddable":true,"href":"https:\/\/www.europesays.com\/fr\/wp-json\/wp\/v2\/media\/254620"}],"wp:attachment":[{"href":"https:\/\/www.europesays.com\/fr\/wp-json\/wp\/v2\/media?parent=254619"}],"wp:term":[{"taxonomy":"category","embeddable":true,"href":"https:\/\/www.europesays.com\/fr\/wp-json\/wp\/v2\/categories?post=254619"},{"taxonomy":"post_tag","embeddable":true,"href":"https:\/\/www.europesays.com\/fr\/wp-json\/wp\/v2\/tags?post=254619"}],"curies":[{"name":"wp","href":"https:\/\/api.w.org\/{rel}","templated":true}]}}