{"id":254621,"date":"2025-07-17T19:15:10","date_gmt":"2025-07-17T19:15:10","guid":{"rendered":"https:\/\/www.europesays.com\/fr\/254621\/"},"modified":"2025-07-17T19:15:10","modified_gmt":"2025-07-17T19:15:10","slug":"ile-de-france-lappli-bougeott-vous-guide-a-travers-sport-et-culture","status":"publish","type":"post","link":"https:\/\/www.europesays.com\/fr\/254621\/","title":{"rendered":"\u00cele-de-France\u00a0: l&rsquo;appli \u00ab\u00a0Bougeott\u00a0\u00bb vous guide \u00e0 travers sport et culture"},"content":{"rendered":"\n<p lang=\"fr-FR\" style=\"margin-bottom: 0cm;\">C&rsquo;est l&rsquo;application \u00e0 installer pour profiter de marches ou courses \u00e0 pied sur mesure dans la r\u00e9gion. Cette ann\u00e9e, \u00ab\u00a0Bougeott\u00a0\u00bb \u00e9volue\u00a0: elle int\u00e8gre un nouveau mode v\u00e9lo, et une option de signalement communautaire si vous rencontrez des travaux, une voie jug\u00e9e \u00ab\u00a0dangereuse\u00a0\u00bb ou bien un point d&rsquo;int\u00e9r\u00eat manquant. Depuis le lancement de l&rsquo;application en 2020, plus de 12.000 personnes l&rsquo;ont t\u00e9l\u00e9charg\u00e9e. Rendez-vous sur la plateforme de t\u00e9l\u00e9chargement li\u00e9e \u00e0 votre t\u00e9l\u00e9phone.<\/p>\n<p lang=\"fr-FR\" style=\"margin-bottom: 0cm;\">\u00a0<\/p>\n<p lang=\"fr-FR\" style=\"margin-bottom: 0cm;\">Nicolas Chacun<\/p>\n<p>!function(f,b,e,v,n,t,s){if(f.fbq)return;n=f.fbq=function(){n.callMethod?<br \/>\nn.callMethod.apply(n,arguments):n.queue.push(arguments)};if(!f._fbq)f._fbq=n;<br \/>\nn.push=n;n.loaded=!0;n.version=&rsquo;2.0&prime;;n.queue=[];t=b.createElement(e);t.async=!0;<br \/>\nt.src=v;s=b.getElementsByTagName(e)[0];s.parentNode.insertBefore(t,s)}(window,<br \/>\ndocument,&rsquo;script&rsquo;,&rsquo;https:\/\/connect.facebook.net\/en_US\/fbevents.js&rsquo;);<br \/>\nfbq(&lsquo;init&rsquo;, &lsquo;278974969201861&rsquo;); \/\/ Insert your pixel ID here.<br \/>\nfbq(&lsquo;track&rsquo;, &lsquo;PageView&rsquo;);<\/p>\n","protected":false},"excerpt":{"rendered":"C&rsquo;est l&rsquo;application \u00e0 installer pour profiter de marches ou courses \u00e0 pied sur mesure dans la r\u00e9gion. Cette&hellip;\n","protected":false},"author":2,"featured_media":254622,"comment_status":"","ping_status":"","sticky":false,"template":"","format":"standard","meta":{"footnotes":""},"categories":[1592],"tags":[1111,11,1933,1936,1777,1939,674,1011,27,662,1934,12,1940,626,1935,25,1937,1941,1938],"class_list":{"0":"post-254621","1":"post","2":"type-post","3":"status-publish","4":"format-standard","5":"has-post-thumbnail","7":"category-ile-de-france","8":"tag-actu","9":"tag-actualites","10":"tag-actualites-locales","11":"tag-essonne","12":"tag-eu","13":"tag-eure-et-loir","14":"tag-europe","15":"tag-fr","16":"tag-france","17":"tag-ile-de-france","18":"tag-infos-locales","19":"tag-news","20":"tag-oise","21":"tag-paris","22":"tag-pres-de-chez-vous","23":"tag-republique-francaise","24":"tag-seine-et-marne","25":"tag-somme","26":"tag-yvelines"},"share_on_mastodon":{"url":"https:\/\/pubeurope.com\/@fr\/114870178763369685","error":""},"_links":{"self":[{"href":"https:\/\/www.europesays.com\/fr\/wp-json\/wp\/v2\/posts\/254621","targetHints":{"allow":["GET"]}}],"collection":[{"href":"https:\/\/www.europesays.com\/fr\/wp-json\/wp\/v2\/posts"}],"about":[{"href":"https:\/\/www.europesays.com\/fr\/wp-json\/wp\/v2\/types\/post"}],"author":[{"embeddable":true,"href":"https:\/\/www.europesays.com\/fr\/wp-json\/wp\/v2\/users\/2"}],"replies":[{"embeddable":true,"href":"https:\/\/www.europesays.com\/fr\/wp-json\/wp\/v2\/comments?post=254621"}],"version-history":[{"count":0,"href":"https:\/\/www.europesays.com\/fr\/wp-json\/wp\/v2\/posts\/254621\/revisions"}],"wp:featuredmedia":[{"embeddable":true,"href":"https:\/\/www.europesays.com\/fr\/wp-json\/wp\/v2\/media\/254622"}],"wp:attachment":[{"href":"https:\/\/www.europesays.com\/fr\/wp-json\/wp\/v2\/media?parent=254621"}],"wp:term":[{"taxonomy":"category","embeddable":true,"href":"https:\/\/www.europesays.com\/fr\/wp-json\/wp\/v2\/categories?post=254621"},{"taxonomy":"post_tag","embeddable":true,"href":"https:\/\/www.europesays.com\/fr\/wp-json\/wp\/v2\/tags?post=254621"}],"curies":[{"name":"wp","href":"https:\/\/api.w.org\/{rel}","templated":true}]}}