{"id":254639,"date":"2025-07-17T19:24:10","date_gmt":"2025-07-17T19:24:10","guid":{"rendered":"https:\/\/www.europesays.com\/fr\/254639\/"},"modified":"2025-07-17T19:24:10","modified_gmt":"2025-07-17T19:24:10","slug":"les-moderateurs-de-tiktok-alertent-sur-leur-emploi-et-lia","status":"publish","type":"post","link":"https:\/\/www.europesays.com\/fr\/254639\/","title":{"rendered":"les mod\u00e9rateurs de Tiktok alertent sur leur emploi et l&rsquo;IA"},"content":{"rendered":"<p class=\"fig-paragraph\">Les mod\u00e9rateurs de contenu de la filiale allemande de\u00a0<a href=\"http:\/\/www.lefigaro.fr\/medias\/dans-l-incertitude-sur-son-sort-tiktok-planche-sur-une-nouvelle-version-de-son-application-aux-etats-unis-20250707\" data-fig-type=\"Article\" data-gtm-custom-categorie=\"navigation\" data-gtm-custom-action=\"crossclick\" data-gtm-custom-label=\"Contextuel\" data-gtm-event=\"customEventSPE\" data-fig-domain=\"LEFIGARO\" target=\"_blank\" rel=\"noopener\">TikTok<\/a>\u00a0ont manifest\u00e9 jeudi \u00e0 Berlin, accusant le r\u00e9seau social de pr\u00e9parer leur licenciement et leur remplacement par l&rsquo;intelligence artificielle, synonyme pour eux de plus grande exposition face \u00e0 la haine en ligne. Environ 50 personnes se sont rassembl\u00e9es pr\u00e8s des bureaux de TikTok Allemagne, parmi lesquelles certains des 150 membres du d\u00e9partement \u00abconfiance et s\u00e9curit\u00e9\u00bb de Berlin, qui affirment que la direction a \u00e9voqu\u00e9 un licenciement massif.<\/p>\n<p class=\"fig-paragraph\">Les manifestants exigeaient que TikTok revienne sur ses projets. \u00abNous avons form\u00e9 vos machines, payez-nous ce que nous m\u00e9ritons\u00bb, pouvait-on lire sur une banderole. Sollicit\u00e9 par l&rsquo;AFP, TikTok n&rsquo;avait pas r\u00e9agi dans l&rsquo;imm\u00e9diat. La plateforme revendiquait plus de 20 millions d&rsquo;utilisateurs en Allemagne fin 2023. Les mod\u00e9rateurs sont charg\u00e9s d&#8217;emp\u00eacher la publication sur la plateforme de contenus v\u00e9hiculant incitations \u00e0 la haine, d\u00e9sinformation ou encore la pornographie.<\/p>\n<p>                                    <a class=\"fig-a11y-skip a11y-hidden\" href=\"#fig-a11y-skip-main-inarticle\"><br \/>\n        Passer la publicit\u00e9<br \/>\n    <\/a><\/p>\n<p class=\"fig-paragraph\">Ce conflit social s&rsquo;inscrit dans une tendance mondiale des r\u00e9seaux sociaux \u00e0 r\u00e9duire leur recours aux employ\u00e9s pour se tourner davantage vers l&rsquo;IA. En octobre, TikTok avait annonc\u00e9 la suppression de centaines d&#8217;emplois dans le monde, notamment en Malaisie, redirigeant des ressources vers des solutions automatis\u00e9es telles que l&rsquo;intelligence artificielle (IA) pour mod\u00e9rer ses contenus. Selon le syndicat ver.di, TikTok Allemagne a refus\u00e9 de n\u00e9gocier avec ses mod\u00e9rateurs.<\/p>\n<p class=\"fig-paragraph\">Ces derniers esp\u00e9raient \u00abque le travail se poursuivrait \u00e0 long terme\u00bb, selon l&rsquo;un d&rsquo;entre eux, Benjamin Karkowski, apr\u00e8s avoir \u00abeu une session de formation sur un changement de syst\u00e8me\u00bb au d\u00e9but de l&rsquo;ann\u00e9e. \u00abMais un mois plus tard, nous avons re\u00e7u un message disant que nous \u00e9tions licenci\u00e9s et que notre travail serait repris par l&rsquo;intelligence artificielle\u00bb, affirme cet employ\u00e9 de 32 ans. Une autre mod\u00e9ratrice, Sara Tegge, souligne que \u00abl&rsquo;IA ne peut pas d\u00e9terminer si un contenu discrimine certains groupes et elle ne peut pas \u00e9valuer le danger de certains contenus\u00bb.<\/p>\n<p class=\"fig-paragraph\">Propri\u00e9t\u00e9 du groupe chinois ByteDance, la puissante plateforme de partage de vid\u00e9os, avec 1,5 milliard de membres, est en outre depuis des ann\u00e9es dans le viseur des gouvernements occidentaux, qui redoutent son lien avec P\u00e9kin et un possible usage des donn\u00e9es de ses utilisateurs \u00e0 des fins d&rsquo;espionnage ou de propagande.<\/p>\n","protected":false},"excerpt":{"rendered":"Les mod\u00e9rateurs de contenu de la filiale allemande de\u00a0TikTok\u00a0ont manifest\u00e9 jeudi \u00e0 Berlin, accusant le r\u00e9seau social de&hellip;\n","protected":false},"author":2,"featured_media":254640,"comment_status":"","ping_status":"","sticky":false,"template":"","format":"standard","meta":{"footnotes":""},"categories":[1587],"tags":[11,672,1804,1805,1803,1777,674,1801,223,12,1802,2439],"class_list":{"0":"post-254639","1":"post","2":"type-post","3":"status-publish","4":"format-standard","5":"has-post-thumbnail","7":"category-allemagne","8":"tag-actualites","9":"tag-allemagne","10":"tag-bundesrepublik-deutschland","11":"tag-de","12":"tag-deutschland","13":"tag-eu","14":"tag-europe","15":"tag-germany","16":"tag-intelligence-artificielle","17":"tag-news","18":"tag-republique-federale-dallemagne","19":"tag-tiktok"},"share_on_mastodon":{"url":"https:\/\/pubeurope.com\/@fr\/114870213941832230","error":""},"_links":{"self":[{"href":"https:\/\/www.europesays.com\/fr\/wp-json\/wp\/v2\/posts\/254639","targetHints":{"allow":["GET"]}}],"collection":[{"href":"https:\/\/www.europesays.com\/fr\/wp-json\/wp\/v2\/posts"}],"about":[{"href":"https:\/\/www.europesays.com\/fr\/wp-json\/wp\/v2\/types\/post"}],"author":[{"embeddable":true,"href":"https:\/\/www.europesays.com\/fr\/wp-json\/wp\/v2\/users\/2"}],"replies":[{"embeddable":true,"href":"https:\/\/www.europesays.com\/fr\/wp-json\/wp\/v2\/comments?post=254639"}],"version-history":[{"count":0,"href":"https:\/\/www.europesays.com\/fr\/wp-json\/wp\/v2\/posts\/254639\/revisions"}],"wp:featuredmedia":[{"embeddable":true,"href":"https:\/\/www.europesays.com\/fr\/wp-json\/wp\/v2\/media\/254640"}],"wp:attachment":[{"href":"https:\/\/www.europesays.com\/fr\/wp-json\/wp\/v2\/media?parent=254639"}],"wp:term":[{"taxonomy":"category","embeddable":true,"href":"https:\/\/www.europesays.com\/fr\/wp-json\/wp\/v2\/categories?post=254639"},{"taxonomy":"post_tag","embeddable":true,"href":"https:\/\/www.europesays.com\/fr\/wp-json\/wp\/v2\/tags?post=254639"}],"curies":[{"name":"wp","href":"https:\/\/api.w.org\/{rel}","templated":true}]}}