{"id":254655,"date":"2025-07-17T19:36:15","date_gmt":"2025-07-17T19:36:15","guid":{"rendered":"https:\/\/www.europesays.com\/fr\/254655\/"},"modified":"2025-07-17T19:36:15","modified_gmt":"2025-07-17T19:36:15","slug":"mercato-un-gardien-de-ligue-1-remplace-martinez-a-aston-villa-le-figaro","status":"publish","type":"post","link":"https:\/\/www.europesays.com\/fr\/254655\/","title":{"rendered":"Mercato : un gardien de Ligue 1 remplace Martinez \u00e0 Aston villa &#8211; Le Figaro"},"content":{"rendered":"<ol>\n<li><a href=\"https:\/\/news.google.com\/rss\/articles\/CBMivgFBVV95cUxOdERnRGtwVk83VEZQSjhuZ3Z0cGhoYVRSRDJlMjI3YWtabFl1V2NXaE5LdU1vb0lqM2RKOWZJYzBZZm1JOVVPSU5FcE9uby05U1dRaUU2RlhlLUVkQ2N3WWpZdnJmOFZPYXZOU3pNNjNSa2dIa0ZVeUhudXViRWNETlRxYkQyQXgzT0laUFE3MlJhbXMwazhrQXpleC00T2h1b3I3aUhoQUZoT0FVLW1JOEd4TDhaQTZuVzFacVRn?oc=5\" target=\"_blank\" rel=\"nofollow noopener\">Mercato : un gardien de Ligue 1 remplace Martinez \u00e0 Aston villa<\/a>&nbsp;&nbsp;Le Figaro<\/li>\n<li><a href=\"https:\/\/news.google.com\/rss\/articles\/CBMikwJBVV95cUxNVExBOVlYSG5SRGI5MGR4X3N3WFIyNjFHVkdkcDJNR3JSSlNubUZCVVY4cm1yXzFZM0hPOEthSXdRWWJnaXkxS3gwVlBHeVphU1JESG04MHhoNk9YYmVtSlV4SWtHS3JqWGpQam1iVE1jQmJoa3B2X0tyUnJVT3hSTG9iY2tVUlVFSW5OclBrMWh6ekNwbWE0OU9icGtmVWphWkdZdG1rcG4yVl9QMS1QaWhGbUJUdkc0THBkQkJWenZkZDdoNXloWVdLT0JvR1RfOEY4bExEZFVmRTlrMkxyM0VFc3FRb09TMHNSQzdBNXA3RFBnWmhSbFdXR3pYYnhodWVELU1uWWlaREF2WmpGV3BHQQ?oc=5\" target=\"_blank\" rel=\"nofollow noopener\">ENTRETIEN. Stade Brestois : \u00ab Il y a eu une transaction pour Marco Bizot \u00bb, assure Gr\u00e9gory Lorenzi<\/a>&nbsp;&nbsp;Ouest-France<\/li>\n<li><a href=\"https:\/\/news.google.com\/rss\/articles\/CBMitgFBVV95cUxNbVZ1Z0ZCam5qUXJYQnNMbUt5UmM1QkdWdWlQN0RZMUVRZ1laWklPZHlnWF9FTnR1ejBvelRlUEhmODhCR3ItSkFSU2xIMFJFS1hEVHB0OWVKMG5ia3piV1M4cmxzSnFueEFIcEhCX1FybUN4eG9UWWJtSEh5TzV1TzI3QVhuNFFNZFpnOFI2UzgxQWJlQnVWdjFwUmMyQllGS2RSNlBIVjhPVXhJcDRLYWhVS0ltZw?oc=5\" target=\"_blank\" rel=\"nofollow noopener\">Brest se met en qu\u00eate du rempla\u00e7ant de Bizot, parti \u00e0 Aston Villa<\/a>&nbsp;&nbsp;L&rsquo;\u00c9quipe<\/li>\n<li><a href=\"https:\/\/news.google.com\/rss\/articles\/CBMitwFBVV95cUxNQW85SEI3V040enBzVUxZaEZjeERxVGtoWHZEWlpSVEhrejliZjkzclphYzhmNnl1aDdQX3lRa0ZLRHhDOGhxSFhnNHZKWThsalRyV2VUNm9QYkxTNlBMLXdrWnNrS0FvVXk1TTNWVVRkTV9UZmRJTGdvV05LZmVhbkNkZ1ZSTFlnV1lhWmhmUER0ZUZXSURCUXhCVHJZU3ZGNVZXOWRfdEFOVWdyS2N3cHl2eWFiX3c?oc=5\" target=\"_blank\" rel=\"nofollow noopener\">Brest : Gr\u00e9gory Lorenzi a des doutes sur le futur rempla\u00e7ant de Bizot<\/a>&nbsp;&nbsp;Foot Mercato<\/li>\n<li><a href=\"https:\/\/news.google.com\/rss\/articles\/CBMi_gFBVV95cUxNdVFSVkN5VFJBbEZXWHFGaE82ck1IWWhGandmRE1tbUpQakprWklSRS1RS3R5R3dlM2dGUHJvbXlwTVJLQjRVQ1VsRDM3SV9sdm9ZZ0t4T01vNTZ4VXN0WXNPdEtNRzZXRFUycmhpeTB1dExRSWU5RnFNclhmUFNsOTkteXJiazh5YTZZVWg5bzFsdGRtNU4zOTNkcWljdWVQSVQ4VWVMWUY5NndodW91djJaQjdLTlJNX2FDM040STZuRjNhbkhMRjY0VzZaS1NiQlphR2NpN0JEWTNOV0hIQ3M2OEZ3aWU0aTczVnlLMG5WZWwya2NWY1hRZXFuZw?oc=5\" target=\"_blank\" rel=\"nofollow noopener\">Nord-Finist\u00e8re &#8211; Stade Brestois. \u00ab Le meilleur \u00e9quilibre financier et sportif \u00bb : qui pour<\/a>&nbsp;&nbsp;Maville<\/li>\n<\/ol>\n","protected":false},"excerpt":{"rendered":"Mercato : un gardien de Ligue 1 remplace Martinez \u00e0 Aston villa&nbsp;&nbsp;Le Figaro ENTRETIEN. Stade Brestois : \u00ab&hellip;\n","protected":false},"author":2,"featured_media":254656,"comment_status":"","ping_status":"","sticky":false,"template":"","format":"standard","meta":{"footnotes":""},"categories":[1412],"tags":[784,1451,1452,1453,1454,1455,1011,27,1434,70,60],"class_list":{"0":"post-254655","1":"post","2":"type-post","3":"status-publish","4":"format-standard","5":"has-post-thumbnail","7":"category-f1","8":"tag-aston-villa","9":"tag-f1","10":"tag-formula-1","11":"tag-formula1","12":"tag-formule-1","13":"tag-formule1","14":"tag-fr","15":"tag-france","16":"tag-mercato","17":"tag-premier-league","18":"tag-sports"},"share_on_mastodon":{"url":"https:\/\/pubeurope.com\/@fr\/114870261037385339","error":""},"_links":{"self":[{"href":"https:\/\/www.europesays.com\/fr\/wp-json\/wp\/v2\/posts\/254655","targetHints":{"allow":["GET"]}}],"collection":[{"href":"https:\/\/www.europesays.com\/fr\/wp-json\/wp\/v2\/posts"}],"about":[{"href":"https:\/\/www.europesays.com\/fr\/wp-json\/wp\/v2\/types\/post"}],"author":[{"embeddable":true,"href":"https:\/\/www.europesays.com\/fr\/wp-json\/wp\/v2\/users\/2"}],"replies":[{"embeddable":true,"href":"https:\/\/www.europesays.com\/fr\/wp-json\/wp\/v2\/comments?post=254655"}],"version-history":[{"count":0,"href":"https:\/\/www.europesays.com\/fr\/wp-json\/wp\/v2\/posts\/254655\/revisions"}],"wp:featuredmedia":[{"embeddable":true,"href":"https:\/\/www.europesays.com\/fr\/wp-json\/wp\/v2\/media\/254656"}],"wp:attachment":[{"href":"https:\/\/www.europesays.com\/fr\/wp-json\/wp\/v2\/media?parent=254655"}],"wp:term":[{"taxonomy":"category","embeddable":true,"href":"https:\/\/www.europesays.com\/fr\/wp-json\/wp\/v2\/categories?post=254655"},{"taxonomy":"post_tag","embeddable":true,"href":"https:\/\/www.europesays.com\/fr\/wp-json\/wp\/v2\/tags?post=254655"}],"curies":[{"name":"wp","href":"https:\/\/api.w.org\/{rel}","templated":true}]}}