{"id":254661,"date":"2025-07-17T19:39:12","date_gmt":"2025-07-17T19:39:12","guid":{"rendered":"https:\/\/www.europesays.com\/fr\/254661\/"},"modified":"2025-07-17T19:39:12","modified_gmt":"2025-07-17T19:39:12","slug":"le-stage-secret-de-la-princesse-elisabeth-enfin-devoile","status":"publish","type":"post","link":"https:\/\/www.europesays.com\/fr\/254661\/","title":{"rendered":"Le stage secret de la princesse \u00c9lisabeth enfin d\u00e9voil\u00e9"},"content":{"rendered":"<p>La princesse \u00c9lisabeth de Belgique a effectu\u00e9 un stage dans son pays. Les d\u00e9tails concernant ces sept semaines d\u2019apprentissage au sein d\u2019une structure bruxelloise avaient \u00e9t\u00e9 gard\u00e9s secrets par le Palais, qui r\u00e9v\u00e8le enfin ce jeudi le lieu du stage et quelques photos de la duchesse de Brabant parmi ses coll\u00e8gues.<\/p>\n<p><strong>Lire aussi : <a href=\"https:\/\/histoiresroyales.fr\/prince-emmanuel-devoile-choit-etudes-ucll\/\" target=\"_blank\" rel=\"noopener\">Le prince Emmanuel d\u00e9voile o\u00f9 il \u00e9tudiera \u00e0 la rentr\u00e9e<\/a><\/strong><\/p>\n<p>La princesse \u00c9lisabeth a travaill\u00e9 durant sept semaines dans un think tank<\/p>\n<p>La <a href=\"https:\/\/histoiresroyales.fr\/famille-royale-belge\/elisabeth-de-belgique\/\" target=\"_blank\" rel=\"noopener\">princesse \u00c9lisabeth de Belgique<\/a>, 23 ans, a termin\u00e9 sa premi\u00e8re ann\u00e9e en politiques publiques \u00e0 l\u2019universit\u00e9 de Harvard. Les cours dans la prestigieuse universit\u00e9 am\u00e9ricaine ne reprendront que dans quelques mois. Avant de retourner \u00e0 Boston, la fille a\u00een\u00e9e du roi Philippe et la reine Mathilde a effectu\u00e9 un stage en Belgique. Jusqu\u2019ici, le Palais refusait de donner des d\u00e9tails sur ce stage.<\/p>\n<p><img fetchpriority=\"high\" decoding=\"async\" width=\"1300\" height=\"866\" src=\"https:\/\/www.europesays.com\/fr\/wp-content\/uploads\/2025\/07\/princesse-elisabeth-de-belgique-stage-bruegel-photos.jpg\" alt=\"\" class=\"wp-image-213444 lazyload\" data-  \/>La princesse \u00c9lisabeth lors de son stage au centre Bruegel (Photo : Bas Bogaerts\/Palais royal)<\/p>\n<p><strong>Lire aussi : <a href=\"https:\/\/histoiresroyales.fr\/princesse-elisabeth-reperee-robe-arc-en-ciel-bien-entouree-gironde-chateau-royal-de-cazeneuve\/\" target=\"_blank\" rel=\"noopener\">La princesse \u00c9lisabeth rep\u00e9r\u00e9e dans une robe arc-en-ciel et bien entour\u00e9e en Gironde, au ch\u00e2teau royal de Cazeneuve<\/a><\/strong><\/p>\n<p>Le Palais royal a d\u00e9voil\u00e9 ce jeudi 17 juillet que la princesse \u00c9lisabeth terminait son stage au sein de l\u2019entreprise Bruegel. La duchesse de Brabant a travaill\u00e9 durant sept semaines dans ce centre d\u2019\u00e9tudes situ\u00e9 dans la capitale. Le Palais pr\u00e9cise qu\u2019il s\u2019agit d\u2019un stage volontaire, m\u00eame s\u2019il s\u2019inscrit dans le cadre de son master qu\u2019elle effectue aux \u00c9tats-Unis. Avant d\u2019entamer son master, la princesse \u00c9lisabeth a d\u2019abord d\u00e9croch\u00e9 un bachelier en histoire et sciences politiques \u00e0 l\u2019universit\u00e9 d\u2019Oxford, au Royaume-Uni.<\/p>\n<p><img loading=\"lazy\" decoding=\"async\" width=\"1300\" height=\"866\" src=\"https:\/\/www.europesays.com\/fr\/wp-content\/uploads\/2025\/07\/princesse-elisabeth-travaille-stage-bruegel.jpg\" alt=\"\" class=\"wp-image-213446 lazyload\" data-  \/>L\u2019h\u00e9riti\u00e8re du tr\u00f4ne belge a travaill\u00e9 durant sept semaines en tant que stagiaire dans une structure ind\u00e9pendante \u00e0 Bruxelles (Photo : Bas Bogaerts\/Palais royal)<\/p>\n<p><strong>Lire aussi : <a href=\"https:\/\/histoiresroyales.fr\/prince-laurent-prince-nicolas-de-belgique-exposition-lego-sculpture-roi-willem-alexander-pays-bas\/\" target=\"_blank\" rel=\"noopener\">Le prince Laurent et son fils Nicolas rencontrent le roi Willem-Alexander et la reine M\u00e1xima en LEGO<\/a><\/strong><\/p>\n<p>Le centre de recherches sur les politiques \u00e9conomiques europ\u00e9ennes Bruegel a accueilli la duchesse de Brabant pour son stage<\/p>\n<p>Le centre Bruegel est \u00ab une organisation ind\u00e9pendante et non doctrinale \u00bb. Ce think tank fond\u00e9 en 2005 concentre ses activit\u00e9s autour de la recherche sur les politiques \u00e9conomiques europ\u00e9ennes. \u00ab\u00a0Nous sommes attach\u00e9s \u00e0 l\u2019impartialit\u00e9, \u00e0 la transparence et \u00e0 l\u2019excellence \u00bb, <a href=\"https:\/\/www.bruegel.org\/bruegel-european-think-tank-specialises-economics\" target=\"_blank\" rel=\"noreferrer noopener nofollow\">insiste le centre<\/a>. \u00ab Bruegel compte parmi ses membres des gouvernements des \u00c9tats membres de l\u2019UE, des entreprises et des institutions internationales. \u00bb<\/p>\n<p><img loading=\"lazy\" decoding=\"async\" width=\"1300\" height=\"866\" src=\"https:\/\/www.europesays.com\/fr\/wp-content\/uploads\/2025\/07\/stage-secret-princesse-elisabeth-de-belgique-bruegel.jpg\" alt=\"\" class=\"wp-image-213448 lazyload\" data-  \/>Le Palais royal a partag\u00e9 quelques photos du stage de la duchesse de Brabant ce 17 juillet (Photo : Bas Bogaerts\/Palais royal)<\/p>\n<p><strong>Lire aussi : <a href=\"https:\/\/histoiresroyales.fr\/princesse-elisabeth-invite-enfants-malades-palais-royal\/\" target=\"_blank\" rel=\"noopener\">Seule au palais royal, la princesse \u00c9lisabeth invite des enfants malades<\/a><\/strong><\/p>\n<p>Le Palais n\u2019avait pas communiqu\u00e9 sur le lieu du stage ni sa dur\u00e9e ni la p\u00e9riode. On sait \u00e0 pr\u00e9sent que ce jeudi \u00e9tait son dernier jour, ce qui laisse \u00e0 Elisabeth quelques jours avant de participer aux \u00e9v\u00e9nements de la f\u00eate nationale. La princesse \u00c9lisabeth, ses fr\u00e8res et sa s\u0153ur participent chaque ann\u00e9e aux c\u00e9l\u00e9brations de la f\u00eate nationale belge, le 21 juillet. Apr\u00e8s cette journ\u00e9e de repr\u00e9sentation, durant laquelle la famille royale est au centre des festivit\u00e9s, il est de coutume que les souverains et les enfants partent en vacances. La rentr\u00e9e \u00e0 Harvard est <a href=\"https:\/\/hls.harvard.edu\/academics\/academic-calendar\/\" target=\"_blank\" rel=\"noreferrer noopener nofollow\">normalement pr\u00e9vue<\/a> cette ann\u00e9e pour le 2 septembre.<\/p>\n<p>\t\t\t\t<img loading=\"lazy\" alt=\"Avatar photo\" src=\"https:\/\/www.europesays.com\/fr\/wp-content\/uploads\/2025\/04\/1516945716303-164x164.jpeg\"  class=\"avatar avatar-164 photo lazyload\" height=\"164\" width=\"164\" decoding=\"async\"\/><br \/>\n\t\t<a href=\"https:\/\/histoiresroyales.fr\/author\/royaliste123\/\" target=\"_blank\" rel=\"noopener\">Nicolas Fontaine<\/a><br \/>\n\t\t\t\t\tR\u00e9dacteur en chef<\/p>\n<p>Nicolas Fontaine a \u00e9t\u00e9 concepteur-r\u00e9dacteur et auteur pour de nombreuses marques et m\u00e9dias belges et fran\u00e7ais. Sp\u00e9cialiste de l&rsquo;actualit\u00e9 des familles royales, Nicolas a fond\u00e9 le site Histoires royales dont il est le r\u00e9dacteur en chef.&#13;<br \/>\n&#13;<br \/>\nnicolas@histoiresroyales.fr<\/p>\n<p>\t\t\t\t\t\t\t<a href=\"https:\/\/twitter.com\/ActusRoyales\" class=\"boxed-icon fill twitter\" target=\"_blank\" rel=\"noopener\"><\/a><br \/>\n\t\t\t\t\t\t\t\t\t<a href=\"https:\/\/www.instagram.com\/histoiresroyales.fr\/\" class=\"boxed-icon fill instagram\" target=\"_blank\" rel=\"noopener\"><\/a><\/p>\n<p>\t\t\t\t\t\t\t\t\t\t\t\t\t<script async src=\"https:\/\/platform.twitter.com\/widgets.js\" charset=\"utf-8\"><\/script><script async src=\"\/\/www.instagram.com\/embed.js\"><\/script><\/p>\n","protected":false},"excerpt":{"rendered":"La princesse \u00c9lisabeth de Belgique a effectu\u00e9 un stage dans son pays. Les d\u00e9tails concernant ces sept semaines&hellip;\n","protected":false},"author":2,"featured_media":254662,"comment_status":"","ping_status":"","sticky":false,"template":"","format":"standard","meta":{"footnotes":""},"categories":[1359],"tags":[58,59,1011,27,973,3866,25965],"class_list":{"0":"post-254661","1":"post","2":"type-post","3":"status-publish","4":"format-standard","5":"has-post-thumbnail","7":"category-people","8":"tag-divertissement","9":"tag-entertainment","10":"tag-fr","11":"tag-france","12":"tag-people","13":"tag-stage","14":"tag-u00c9lisabeth-de-belgique"},"share_on_mastodon":{"url":"https:\/\/pubeurope.com\/@fr\/114870273062084452","error":""},"_links":{"self":[{"href":"https:\/\/www.europesays.com\/fr\/wp-json\/wp\/v2\/posts\/254661","targetHints":{"allow":["GET"]}}],"collection":[{"href":"https:\/\/www.europesays.com\/fr\/wp-json\/wp\/v2\/posts"}],"about":[{"href":"https:\/\/www.europesays.com\/fr\/wp-json\/wp\/v2\/types\/post"}],"author":[{"embeddable":true,"href":"https:\/\/www.europesays.com\/fr\/wp-json\/wp\/v2\/users\/2"}],"replies":[{"embeddable":true,"href":"https:\/\/www.europesays.com\/fr\/wp-json\/wp\/v2\/comments?post=254661"}],"version-history":[{"count":0,"href":"https:\/\/www.europesays.com\/fr\/wp-json\/wp\/v2\/posts\/254661\/revisions"}],"wp:featuredmedia":[{"embeddable":true,"href":"https:\/\/www.europesays.com\/fr\/wp-json\/wp\/v2\/media\/254662"}],"wp:attachment":[{"href":"https:\/\/www.europesays.com\/fr\/wp-json\/wp\/v2\/media?parent=254661"}],"wp:term":[{"taxonomy":"category","embeddable":true,"href":"https:\/\/www.europesays.com\/fr\/wp-json\/wp\/v2\/categories?post=254661"},{"taxonomy":"post_tag","embeddable":true,"href":"https:\/\/www.europesays.com\/fr\/wp-json\/wp\/v2\/tags?post=254661"}],"curies":[{"name":"wp","href":"https:\/\/api.w.org\/{rel}","templated":true}]}}