{"id":254663,"date":"2025-07-17T19:40:09","date_gmt":"2025-07-17T19:40:09","guid":{"rendered":"https:\/\/www.europesays.com\/fr\/254663\/"},"modified":"2025-07-17T19:40:09","modified_gmt":"2025-07-17T19:40:09","slug":"un-colosse-de-bois-face-au-beton-roi-ce-projet-americain-de-gratte-ciel-de-182-metres-bouscule-larchitecture-traditionnelle","status":"publish","type":"post","link":"https:\/\/www.europesays.com\/fr\/254663\/","title":{"rendered":"Un colosse de bois face au b\u00e9ton roi : ce projet am\u00e9ricain de gratte-ciel de 182 m\u00e8tres bouscule l\u2019architecture traditionnelle"},"content":{"rendered":"<tr>\n<td><strong>EN BREF<\/strong><\/td>\n<\/tr>\n<tr>\n<td>\n<ul>\n<li>\ud83c\udf33 Le projet de Milwaukee vise \u00e0 construire un <strong>gratte-ciel en bois<\/strong> de 182 m\u00e8tres, repoussant les limites de l\u2019architecture durable.<\/li>\n<li>La structure, compos\u00e9e de panneaux et de poutres massives, sera deux fois plus haute que le record actuel pour les b\u00e2timents en bois.<\/li>\n<li>\ud83c\udfd9\ufe0f Ce gratte-ciel s\u2019inscrit dans un vaste plan de <strong>requalification<\/strong> du centre-ville, visant \u00e0 attirer de nouveaux habitants et dynamiser l\u2019\u00e9conomie locale.<\/li>\n<li>\ud83d\udd0d Le projet repr\u00e9sente un d\u00e9fi technique majeur, notamment en mati\u00e8re de <strong>s\u00e9curit\u00e9 incendie<\/strong> et d\u2019innovations architecturales.<\/li>\n<\/ul>\n<\/td>\n<\/tr>\n<p>\u00c0 Milwaukee, une r\u00e9volution architecturale se pr\u00e9pare avec l\u2019ambitieux projet d\u2019un gratte-ciel en bois de 182 m\u00e8tres. Cette structure promet de transformer le paysage urbain et de redynamiser le centre-ville. En combinant audace et innovation, ce projet vise \u00e0 attirer de nouveaux habitants et \u00e0 redorer le blason de la ville. Mais pourquoi miser sur le bois, un mat\u00e9riau si peu conventionnel pour les gratte-ciel ? D\u00e9couvrons ensemble les dessous de cette initiative avant-gardiste.<\/p>\n<p>Le choix audacieux du bois dans la construction<\/p>\n<p>Milwaukee a fait le pari de la modernit\u00e9 en optant pour le <strong>bois<\/strong> comme mat\u00e9riau principal de sa nouvelle tour. Contrairement aux constructions traditionnelles en acier et en b\u00e9ton, le bois offre des avantages \u00e9cologiques non n\u00e9gligeables. Il est \u00e0 la fois renouvelable et capable de stocker le carbone, contribuant ainsi \u00e0 la r\u00e9duction des \u00e9missions de gaz \u00e0 effet de serre.<\/p>\n<p>La structure pr\u00e9vue, compos\u00e9e de panneaux et de poutres massives, pourrait bien changer les mentalit\u00e9s dans le secteur du b\u00e2timent. En atteignant une hauteur de 182 m\u00e8tres, soit pr\u00e8s du double du record actuel pour une construction en bois, ce projet repousse les limites techniques et inspire d\u2019autres villes \u00e0 envisager des solutions plus durables.<\/p>\n<blockquote class=\"wp-embedded-content\" data-secret=\"5GymLfdAwH\">\n<p><a href=\"https:\/\/hellobiz.fr\/2025\/07\/15\/ce-bonbon-vient-du-co2-la-technologie-chinoise-transforme-le-carbone-capture-en-aliments-delicieux-un-bouleversement-pour-lindustrie-alimentaire\/\" rel=\"nofollow noopener\" target=\"_blank\">\u00ab Ce bonbon vient du CO2 \u00bb : la technologie chinoise transforme le carbone captur\u00e9 en aliments d\u00e9licieux, un bouleversement pour l\u2019industrie alimentaire<\/a><\/p>\n<\/blockquote>\n<p>Impact sur l\u2019\u00e9conomie locale et l\u2019urbanisme<\/p>\n<p>La construction de ce gratte-ciel ne vise pas seulement \u00e0 impressionner par sa hauteur. Elle s\u2019inscrit dans un plan plus vaste de <strong>requalification du centre-ville de Milwaukee<\/strong>. Les autorit\u00e9s locales esp\u00e8rent que cet \u00e9difice deviendra un p\u00f4le d\u2019attraction, incitant les habitants \u00e0 revenir s\u2019installer en centre-ville et favorisant ainsi la revitalisation \u00e9conomique.<\/p>\n<p>En int\u00e9grant des espaces commerciaux, des bureaux et des logements, la tour pourrait dynamiser le tissu urbain. Les retomb\u00e9es \u00e9conomiques sont attendues sous forme de cr\u00e9ations d\u2019emplois directs et indirects, tout en stimulant le commerce local. Milwaukee pourrait ainsi devenir un mod\u00e8le de d\u00e9veloppement urbain durable.<\/p>\n<blockquote class=\"wp-embedded-content\" data-secret=\"gtEaHVLgsz\">\n<p><a href=\"https:\/\/hellobiz.fr\/2025\/07\/13\/ils-transforment-lair-en-eau-potable-cette-incroyable-invention-de-la-taille-dune-fenetre-promise-a-un-avenir-radieux-par-les-chercheurs-du-mit\/\" rel=\"nofollow noopener\" target=\"_blank\">\u00ab Ils transforment l\u2019air en eau potable \u00bb : cette incroyable invention de la taille d\u2019une fen\u00eatre promise \u00e0 un avenir radieux par les chercheurs du MIT<\/a><\/p>\n<\/blockquote>\n<p>D\u00e9fis techniques et innovations architecturales<\/p>\n<p>Le projet de ce gratte-ciel en bois, bien que prometteur, ne manque pas de poser des d\u00e9fis techniques. La s\u00e9curit\u00e9 incendie, par exemple, est une pr\u00e9occupation majeure. Les concepteurs doivent garantir que la structure puisse r\u00e9sister aux incendies pour assurer la s\u00e9curit\u00e9 des occupants.<\/p>\n<p>Des innovations architecturales sont donc cruciales. L\u2019usage de technologies avanc\u00e9es permet de renforcer le bois tout en am\u00e9liorant sa r\u00e9sistance aux \u00e9l\u00e9ments. La collaboration avec des experts en construction durable est essentielle pour r\u00e9ussir ce pari audacieux et faire de cet \u00e9difice une r\u00e9f\u00e9rence mondiale en mati\u00e8re de construction \u00e9cologique.<\/p>\n<blockquote class=\"wp-embedded-content\" data-secret=\"7phAKohuwz\">\n<p><a href=\"https:\/\/hellobiz.fr\/2025\/03\/27\/500-de-vues-youtube-en-plus-cette-strategie-redoutable-propulse-les-influenceurs-au-sommet-du-business-en-ligne\/\" rel=\"nofollow noopener\" target=\"_blank\">500 % de vues YouTube en plus : cette strat\u00e9gie redoutable propulse les influenceurs au sommet du business en ligne<\/a><\/p>\n<\/blockquote>\n<p>Un mod\u00e8le pour l\u2019avenir des constructions urbaines<\/p>\n<p>Ce projet pourrait bien \u00e9branler les conventions et inspirer un changement de paradigme dans l\u2019architecture urbaine. Les villes \u00e0 travers le monde pourraient s\u2019inspirer de Milwaukee pour int\u00e9grer plus de constructions en bois dans leurs paysages urbains. En adoptant ce mat\u00e9riau, elles contribueraient \u00e0 la lutte contre le r\u00e9chauffement climatique tout en d\u00e9veloppant des infrastructures modernes et respectueuses de l\u2019environnement.<\/p>\n<p>Avec des initiatives comme celle-ci, l\u2019architecture urbaine de demain promet d\u2019\u00eatre plus verte et plus innovante. La question reste cependant de savoir si les autres m\u00e9tropoles suivront cet exemple et quelles innovations suppl\u00e9mentaires verront le jour pour surmonter les d\u00e9fis pos\u00e9s par ce type de construction.<\/p>\n<p>Alors que Milwaukee s\u2019appr\u00eate \u00e0 transformer son skyline, ce projet de gratte-ciel en bois interpelle. Quels seront les impacts r\u00e9els sur l\u2019environnement et l\u2019\u00e9conomie locale ? Et surtout, d\u2019autres villes oseront-elles suivre cette voie audacieuse et \u00e9cologique pour r\u00e9inventer leur urbanisme ?<\/p>\n<p>Cet article s\u2019appuie sur des sources v\u00e9rifi\u00e9es et l\u2019assistance de technologies \u00e9ditoriales.<\/p>\n<p id=\"rating\">\u00c7a vous a plu ?\u00a04.6\/5 (28)<\/p>\n","protected":false},"excerpt":{"rendered":"EN BREF \ud83c\udf33 Le projet de Milwaukee vise \u00e0 construire un gratte-ciel en bois de 182 m\u00e8tres, repoussant&hellip;\n","protected":false},"author":2,"featured_media":254664,"comment_status":"","ping_status":"","sticky":false,"template":"","format":"standard","meta":{"footnotes":""},"categories":[1358],"tags":[1348,1384,1385,1386,58,59,1011,27],"class_list":{"0":"post-254663","1":"post","2":"type-post","3":"status-publish","4":"format-standard","5":"has-post-thumbnail","7":"category-arts-et-design","8":"tag-arts","9":"tag-arts-and-design","10":"tag-arts-et-design","11":"tag-design","12":"tag-divertissement","13":"tag-entertainment","14":"tag-fr","15":"tag-france"},"share_on_mastodon":{"url":"https:\/\/pubeurope.com\/@fr\/114870276832778880","error":""},"_links":{"self":[{"href":"https:\/\/www.europesays.com\/fr\/wp-json\/wp\/v2\/posts\/254663","targetHints":{"allow":["GET"]}}],"collection":[{"href":"https:\/\/www.europesays.com\/fr\/wp-json\/wp\/v2\/posts"}],"about":[{"href":"https:\/\/www.europesays.com\/fr\/wp-json\/wp\/v2\/types\/post"}],"author":[{"embeddable":true,"href":"https:\/\/www.europesays.com\/fr\/wp-json\/wp\/v2\/users\/2"}],"replies":[{"embeddable":true,"href":"https:\/\/www.europesays.com\/fr\/wp-json\/wp\/v2\/comments?post=254663"}],"version-history":[{"count":0,"href":"https:\/\/www.europesays.com\/fr\/wp-json\/wp\/v2\/posts\/254663\/revisions"}],"wp:featuredmedia":[{"embeddable":true,"href":"https:\/\/www.europesays.com\/fr\/wp-json\/wp\/v2\/media\/254664"}],"wp:attachment":[{"href":"https:\/\/www.europesays.com\/fr\/wp-json\/wp\/v2\/media?parent=254663"}],"wp:term":[{"taxonomy":"category","embeddable":true,"href":"https:\/\/www.europesays.com\/fr\/wp-json\/wp\/v2\/categories?post=254663"},{"taxonomy":"post_tag","embeddable":true,"href":"https:\/\/www.europesays.com\/fr\/wp-json\/wp\/v2\/tags?post=254663"}],"curies":[{"name":"wp","href":"https:\/\/api.w.org\/{rel}","templated":true}]}}