{"id":254667,"date":"2025-07-17T19:42:21","date_gmt":"2025-07-17T19:42:21","guid":{"rendered":"https:\/\/www.europesays.com\/fr\/254667\/"},"modified":"2025-07-17T19:42:21","modified_gmt":"2025-07-17T19:42:21","slug":"nouvel-habillage-plateau-et-visages-bfmtv-se-prepare-pour-une-rentree-pleine-de-defis","status":"publish","type":"post","link":"https:\/\/www.europesays.com\/fr\/254667\/","title":{"rendered":"Nouvel habillage, plateau et visages\u2026 BFMTV se pr\u00e9pare pour une rentr\u00e9e pleine de d\u00e9fis"},"content":{"rendered":"<p><strong>D\u00c9CRYPTAGE <\/strong>&#8211; Le canal 13 a perdu cette saison le leadership des cha\u00eenes info au profit de CNews. Elle entend \u00e9tendre ses audiences \u00e0 toutes les plateformes et renforcer la pr\u00e9sence de ses r\u00e9dactions r\u00e9gionales sur son antenne.<\/p>\n<p class=\"fig-paragraph\">Une immense table digne des \u00ab\u00a0morning shows\u00a0\u00bb am\u00e9ricains, mais avec une rondeur et un bois clair typique des int\u00e9rieurs contemporains. Livr\u00e9e mercredi au si\u00e8ge du groupe BFM-RMC, elle est l\u2019\u00e9l\u00e9ment central d\u2019un nouveau plateau voulu plus chaleureux qui accueillera, \u00e0 partir du 25\u00a0ao\u00fbt, la matinale de<a href=\"https:\/\/www.lefigaro.fr\/tag\/bfmtv\" target=\"_blank\" rel=\"noopener nofollow\" data-gtm-custom-categorie=\"navigation\" data-gtm-custom-action=\"crossclick\" data-gtm-custom-label=\"Contextuel\" data-gtm-event=\"customEventSPE\">\u00a0BFMTV<\/a>, rebaptis\u00e9e BFM Premi\u00e8re. Des fauteuils cozy pourraient m\u00eame s\u2019y glisser pour des s\u00e9quences plus d\u00e9tendues\u2026 Mais un mois avant le jour J, l\u2019heure est aux travaux pour ce vaste espace modulable et d\u00e9montable en moins de quatre heures.<\/p>\n<p class=\"fig-paragraph\">Ce ne sera pas le seul changement. Apr\u00e8s sept saisons, un duo in\u00e9dit va prendre les commandes du 6-8\u00a0h\u00a030\u00a0: Perrine Storme, jusque-l\u00e0 au 22\u00a0heures-minuit, et\u00a0<a href=\"https:\/\/tvmag.lefigaro.fr\/programme-tv\/actu-tele\/bfmtv-confirme-l-arrivee-de-dominique-tenza-m6-pour-reprendre-la-matinale-a-la-place-de-christophe-delay-20250703\" target=\"_blank\" data-fig-type=\"NewsFlash\" rel=\"sponsored noopener nofollow\" data-gtm-custom-categorie=\"navigation\" data-gtm-custom-action=\"crossclick\" data-gtm-custom-label=\"Contextuel\" data-gtm-event=\"customEventSPE\" data-fig-domain=\"TVMAG\">Dominique Tenza<\/a>, qui pr\u00e9sentait les journaux du week-end sur M6. Ils seront accompagn\u00e9s\u00a0<a href=\"https:\/\/tvmag.lefigaro.fr\/programme-tv\/actu-tele\/arthur-berdah-journaliste-politique-au-figaro-rejoint-la-matinale-de-bfmtv-20250710\" target=\"_blank\" data-fig-type=\"Article\" rel=\"sponsored noopener nofollow\" data-gtm-custom-categorie=\"navigation\" data-gtm-custom-action=\"crossclick\" data-gtm-custom-label=\"Contextuel\" data-gtm-event=\"customEventSPE\" data-fig-domain=\"TVMAG\">d\u2019Arthur Berdah, r\u00e9dacteur en chef adjoint du service politique du Figaro<\/a>, qui signera l\u2019\u00e9dito politique \u00e0 7\u00a0h\u00a050. D\u2019autres visages feront leur apparition \u00e0 la rentr\u00e9e\u00a0:\u00a0<a href=\"https:\/\/tvmag.lefigaro.fr\/programme-tv\/actu-tele\/julien-arnaud-claque-la-porte-de-france-2-pour-rejoindre-bfmtv-20250708\" target=\"_blank\" data-fig-type=\"Article\" rel=\"sponsored noopener nofollow\" data-gtm-custom-categorie=\"navigation\" data-gtm-custom-action=\"crossclick\" data-gtm-custom-label=\"Contextuel\" data-gtm-event=\"customEventSPE\" data-fig-domain=\"TVMAG\">Julien Arnaud, venu de France\u00a02<\/a><\/p>\n<p class=\"fig-premium-paywall__infos\">\n        Cet article est r\u00e9serv\u00e9 aux abonn\u00e9s.        Il vous reste 80% \u00e0 d\u00e9couvrir.\n    <\/p>\n<p>                <img  data- alt=\"Le Figaro\" class=\"fig-img--complete fig-img\"\/><\/p>\n<p class=\"fig-premium-paywall__title\">Vous avez envie de lire la suite ?<\/p>\n<p class=\"fig-premium-paywall__subtitle\">D\u00e9bloquez tous les articles imm\u00e9diatement.<\/p>\n<p class=\"fig-premium-paywall__connect\">\n                D\u00e9j\u00e0 abonn\u00e9\u00a0?                <a class=\"fig-premium-paywall__connect-link\" href=\"https:\/\/connect.lefigaro.fr\/login?client=horizon_web&amp;type=main&amp;redirect_uri=https%3A%2F%2Fwww.lefigaro.fr%2Fmedias%2Fnouvel-habillage-plateau-et-visages-bfmtv-se-prepare-pour-une-rentree-pleine-de-defis-20250717\" data-js-gtm=\"{&quot;customCategorie&quot;: &quot;conversion&quot;, &quot;customAction&quot;: &quot;before_Landing_Connexion_paywall_auto&quot;, &quot;customLabel&quot;: &quot;bGVmaWdhcm8uZnJfXzFmMDYzMTNjLTVhZjUtNjk2NC1iYjI5LTZmNDUzYmE1Y2EyMl9fQXJ0aWNsZQ==_Nouvel habillage, plateau et visages\u2026 BFMTV se pr\u00e9pare pour une rentr\u00e9e pleine de d\u00e9fis_454&quot;, &quot;customIDSPE&quot;: &quot;bGVmaWdhcm8uZnJfXzFmMDYzMTNjLTVhZjUtNjk2NC1iYjI5LTZmNDUzYmE1Y2EyMl9fQXJ0aWNsZQ==&quot;, &quot;event&quot;: &quot;customEventSPE&quot;}\" rel=\"nofollow noopener\" target=\"_blank\"><br \/>\n                    Connectez-vous<br \/>\n                <\/a>\n            <\/p>\n","protected":false},"excerpt":{"rendered":"D\u00c9CRYPTAGE &#8211; Le canal 13 a perdu cette saison le leadership des cha\u00eenes info au profit de CNews.&hellip;\n","protected":false},"author":2,"featured_media":254668,"comment_status":"","ping_status":"","sticky":false,"template":"","format":"standard","meta":{"footnotes":""},"categories":[1356],"tags":[10831,15289,58,59,1011,27,252,1364],"class_list":{"0":"post-254667","1":"post","2":"type-post","3":"status-publish","4":"format-standard","5":"has-post-thumbnail","7":"category-television","8":"tag-bfmtv","9":"tag-cma-cgm","10":"tag-divertissement","11":"tag-entertainment","12":"tag-fr","13":"tag-france","14":"tag-television","15":"tag-tv"},"share_on_mastodon":{"url":"https:\/\/pubeurope.com\/@fr\/114870284662972792","error":""},"_links":{"self":[{"href":"https:\/\/www.europesays.com\/fr\/wp-json\/wp\/v2\/posts\/254667","targetHints":{"allow":["GET"]}}],"collection":[{"href":"https:\/\/www.europesays.com\/fr\/wp-json\/wp\/v2\/posts"}],"about":[{"href":"https:\/\/www.europesays.com\/fr\/wp-json\/wp\/v2\/types\/post"}],"author":[{"embeddable":true,"href":"https:\/\/www.europesays.com\/fr\/wp-json\/wp\/v2\/users\/2"}],"replies":[{"embeddable":true,"href":"https:\/\/www.europesays.com\/fr\/wp-json\/wp\/v2\/comments?post=254667"}],"version-history":[{"count":0,"href":"https:\/\/www.europesays.com\/fr\/wp-json\/wp\/v2\/posts\/254667\/revisions"}],"wp:featuredmedia":[{"embeddable":true,"href":"https:\/\/www.europesays.com\/fr\/wp-json\/wp\/v2\/media\/254668"}],"wp:attachment":[{"href":"https:\/\/www.europesays.com\/fr\/wp-json\/wp\/v2\/media?parent=254667"}],"wp:term":[{"taxonomy":"category","embeddable":true,"href":"https:\/\/www.europesays.com\/fr\/wp-json\/wp\/v2\/categories?post=254667"},{"taxonomy":"post_tag","embeddable":true,"href":"https:\/\/www.europesays.com\/fr\/wp-json\/wp\/v2\/tags?post=254667"}],"curies":[{"name":"wp","href":"https:\/\/api.w.org\/{rel}","templated":true}]}}