{"id":254671,"date":"2025-07-17T19:44:21","date_gmt":"2025-07-17T19:44:21","guid":{"rendered":"https:\/\/www.europesays.com\/fr\/254671\/"},"modified":"2025-07-17T19:44:21","modified_gmt":"2025-07-17T19:44:21","slug":"quatre-jours-de-tournage-un-succes-xxl-que-vaut-brick-linattendu-succes-de-lete-sur-netflix","status":"publish","type":"post","link":"https:\/\/www.europesays.com\/fr\/254671\/","title":{"rendered":"Quatre jours de tournage, un succ\u00e8s XXL&#8230; Que vaut \u00ab Brick \u00bb, l\u2019inattendu succ\u00e8s de l\u2019\u00e9t\u00e9 sur Netflix ?"},"content":{"rendered":"<p class=\"paragraph text_align_left lp-f-body-02\">Apr\u00e8s le succ\u00e8s mod\u00e9r\u00e9 de <a href=\"https:\/\/www.leparisien.fr\/culture-loisirs\/series\/netflix-tribes-of-europa-une-serie-postapocalyptique-originale-19-02-2021-8425505.php\" target=\"_blank\" rel=\"noreferrer nofollow noopener\">la s\u00e9rie \u00ab Tribes of Europa \u00bb<\/a> en 2021, Philip Koch r\u00e9alise un film de science-fiction allemand qui a su piquer la curiosit\u00e9 des t\u00e9l\u00e9spectateurs de Netflix. En t\u00eate du classement des films les plus vus de la semaine sur la plateforme am\u00e9ricaine en France depuis sa sortie, \u00ab Brick \u00bb est la surprise de cet \u00e9t\u00e9. <\/p>\n<p class=\"paragraph text_align_left lp-f-body-02\">Ce long-m\u00e9trage d\u2019une heure et quarante minutes nous invite \u00e0 suivre l\u2019histoire de Tim et Olivia, jeune couple au bord de la rupture amoureuse qui se retrouvent, \u00e0 leur r\u00e9veil, pi\u00e9g\u00e9s dans leur appartement par d\u2019\u00e9pais murs de myst\u00e9rieuses briques noires magn\u00e9tiques incassables. <\/p>\n<p class=\"paragraph text_align_left lp-f-body-02\">Toute issue de secours classique, fen\u00eatres comme portes, \u00e9tant condamn\u00e9es, ils n\u2019ont acc\u00e8s ni \u00e0 l\u2019eau potable ni \u00e0 Internet et n\u2019ont d\u2019autres choix que de s\u2019aventurer entre les murs de leur voisinage pour esp\u00e9rer trouver une sortie \u00e0 ce casse-t\u00eate claustrophobique.<\/p>\n<p>Popularit\u00e9 n\u2019est pas gage de qualit\u00e9<\/p>\n<p class=\"paragraph text_align_left lp-f-body-02\">Le casting de \u00ab Brick \u00bb se compose d\u2019acteurs familiers au catalogue de la plateforme de streaming. Parmi eux, Matthias Schweigh\u00f6fer, \u00e9galement aper\u00e7u dans <a href=\"https:\/\/www.leparisien.fr\/culture-loisirs\/cinema\/christopher-nolan-je-ne-connais-pas-destinee-plus-tragique-que-la-vie-doppenheimer-19-07-2023-CPNU7A6735FITAFLRNT4VFXOSA.php\" target=\"_blank\" rel=\"noreferrer nofollow noopener\">\u00ab Oppenheimer \u00bb<\/a> (2023) du r\u00e9alisateur Christopher Nolan, ainsi que Ruby O. Fee, vue dans \u00ab Polar \u00bb en 2019. Leur jeu est convaincant, pas \u00e9tonnant lorsque l\u2019on sait qu\u2019ils ont d\u00e9j\u00e0 partag\u00e9 l\u2019\u00e9cran ensemble dans le film <a href=\"https:\/\/www.leparisien.fr\/culture-loisirs\/cinema\/army-of-thieves-sur-netflix-il-etait-une-fois-avant-les-zombies-29-10-2021-3RFOYJXUUJF6ROO4WINLLKQISY.php\" target=\"_blank\" rel=\"noreferrer nofollow noopener\">\u00ab Army of Thieves \u00bb<\/a> (2021).<\/p>\n<p class=\"paragraph text_align_left lp-f-body-02\">Ce thriller au concept fort et captivant joue avec l\u2019angoisse d\u2019\u00eatre pris au pi\u00e8ge dans un appartement, un lieu cens\u00e9 \u00eatre synonyme de calme et de s\u00e9curit\u00e9. Ce nouveau projet s\u2019inscrit dans les intrigues d\u2019escape game, o\u00f9 l\u2019exploration et la collaboration seront des atouts essentiels pour d\u00e9voiler le fin mot du myst\u00e8re des briques et esp\u00e9rer, au bout de ce sombre tunnel, s\u2019enfuir de ce calvaire \u00e9touffant. <\/p>\n<p class=\"paragraph text_align_left lp-f-body-02\">Si le public a propuls\u00e9 le film en haut du panier de la plateforme, l\u2019avis global reste mitig\u00e9. Les spectateurs sont sceptiques quant \u00e0 l\u2019essoufflement rapide du sc\u00e9nario ainsi que l\u2019exploitation incompl\u00e8te des diff\u00e9rents personnages : popularit\u00e9 n\u2019est donc pas n\u00e9cessairement le label d\u2019une bonne qualit\u00e9 cin\u00e9matographique. <\/p>\n<p class=\"paragraph text_align_left lp-f-body-02\">Avec une moyenne de 2,3\/5 \u00e9toiles sur le site Allocin\u00e9 et l\u2019application pour cin\u00e9philes Letterboxd, le film, tourn\u00e9 en quatre jours, vaut n\u00e9anmoins la peine de se plonger dans l\u2019univers des protagonistes malgr\u00e9 de l\u00e9g\u00e8res maladresses sc\u00e9naristiques et une fin qui lancent les d\u00e9bats sur un possible second opus.<\/p>\n<p>La note de la r\u00e9daction :\u00ab Brick \u00bb, <\/p>\n<p>film de science-fiction de Philip Koch, avec Matthias Schweigh\u00f6fer, Ruby O. Fee, Frederick Lau&#8230; 1h40<\/p>\n","protected":false},"excerpt":{"rendered":"Apr\u00e8s le succ\u00e8s mod\u00e9r\u00e9 de la s\u00e9rie \u00ab Tribes of Europa \u00bb en 2021, Philip Koch r\u00e9alise un&hellip;\n","protected":false},"author":2,"featured_media":254672,"comment_status":"","ping_status":"","sticky":false,"template":"","format":"standard","meta":{"footnotes":""},"categories":[1354],"tags":[650,872,58,59,1346,1011,27,1360],"class_list":{"0":"post-254671","1":"post","2":"type-post","3":"status-publish","4":"format-standard","5":"has-post-thumbnail","7":"category-films","8":"tag-cinema","9":"tag-culture-et-loisirs","10":"tag-divertissement","11":"tag-entertainment","12":"tag-films","13":"tag-fr","14":"tag-france","15":"tag-movies"},"share_on_mastodon":{"url":"https:\/\/pubeurope.com\/@fr\/114870292594653762","error":""},"_links":{"self":[{"href":"https:\/\/www.europesays.com\/fr\/wp-json\/wp\/v2\/posts\/254671","targetHints":{"allow":["GET"]}}],"collection":[{"href":"https:\/\/www.europesays.com\/fr\/wp-json\/wp\/v2\/posts"}],"about":[{"href":"https:\/\/www.europesays.com\/fr\/wp-json\/wp\/v2\/types\/post"}],"author":[{"embeddable":true,"href":"https:\/\/www.europesays.com\/fr\/wp-json\/wp\/v2\/users\/2"}],"replies":[{"embeddable":true,"href":"https:\/\/www.europesays.com\/fr\/wp-json\/wp\/v2\/comments?post=254671"}],"version-history":[{"count":0,"href":"https:\/\/www.europesays.com\/fr\/wp-json\/wp\/v2\/posts\/254671\/revisions"}],"wp:featuredmedia":[{"embeddable":true,"href":"https:\/\/www.europesays.com\/fr\/wp-json\/wp\/v2\/media\/254672"}],"wp:attachment":[{"href":"https:\/\/www.europesays.com\/fr\/wp-json\/wp\/v2\/media?parent=254671"}],"wp:term":[{"taxonomy":"category","embeddable":true,"href":"https:\/\/www.europesays.com\/fr\/wp-json\/wp\/v2\/categories?post=254671"},{"taxonomy":"post_tag","embeddable":true,"href":"https:\/\/www.europesays.com\/fr\/wp-json\/wp\/v2\/tags?post=254671"}],"curies":[{"name":"wp","href":"https:\/\/api.w.org\/{rel}","templated":true}]}}