{"id":254673,"date":"2025-07-17T19:45:11","date_gmt":"2025-07-17T19:45:11","guid":{"rendered":"https:\/\/www.europesays.com\/fr\/254673\/"},"modified":"2025-07-17T19:45:11","modified_gmt":"2025-07-17T19:45:11","slug":"dans-100-ans-lair-deviendra-un-luxe-decouvrez-comment-la-disparition-imminente-de-loxygene-va-bouleverser-la-survie-sur-terre","status":"publish","type":"post","link":"https:\/\/www.europesays.com\/fr\/254673\/","title":{"rendered":"\u00ab Dans 100 ans, l&rsquo;air deviendra un luxe \u00bb : d\u00e9couvrez comment la disparition imminente de l&rsquo;oxyg\u00e8ne va bouleverser la survie sur Terre"},"content":{"rendered":"<tr>\n<td><strong>EN BREF<\/strong><\/td>\n<\/tr>\n<tr>\n<td>\n<ul>\n<li>\ud83c\udf0d L\u2019\u00e9quilibre atmosph\u00e9rique de la Terre pourrait \u00eatre perturb\u00e9, entra\u00eenant une <strong>chute drastique de l\u2019oxyg\u00e8ne<\/strong>.<\/li>\n<li>\ud83d\udd0d Les scientifiques ont utilis\u00e9 <strong>400 000 simulations<\/strong> pour pr\u00e9voir ce changement majeur dans notre atmosph\u00e8re.<\/li>\n<li>\ud83d\udca1 La disparition de l\u2019oxyg\u00e8ne pourrait survenir avant l\u2019\u00e9vaporation des oc\u00e9ans, remettant en question <strong>notre compr\u00e9hension de la fin de la Terre habitable<\/strong>.<\/li>\n<li>\ud83d\ude80 Cette d\u00e9couverte pourrait transformer notre approche de la <strong>recherche de vie extraterrestre<\/strong>, en privil\u00e9giant d\u2019autres marqueurs que l\u2019oxyg\u00e8ne.<\/li>\n<\/ul>\n<\/td>\n<\/tr>\n<p>La Terre, notre pr\u00e9cieuse plan\u00e8te bleue, pourrait bien conna\u00eetre un avenir que peu d\u2019entre nous auraient envisag\u00e9. Les scientifiques nous mettent en garde contre une transformation radicale de l\u2019atmosph\u00e8re terrestre, o\u00f9 l\u2019oxyg\u00e8ne pourrait devenir une denr\u00e9e rare. Cette perspective, bien que lointaine, nous pousse \u00e0 r\u00e9fl\u00e9chir sur notre r\u00f4le et notre place dans l\u2019\u00e9cosyst\u00e8me plan\u00e9taire. Une \u00e9tude r\u00e9cente publi\u00e9e dans Nature Geoscience met en lumi\u00e8re un possible basculement qui pourrait bouleverser la vie telle que nous la connaissons.<\/p>\n<p>Retour vers un pass\u00e9 toxique<\/p>\n<p>Les chercheurs pr\u00e9voient que l\u2019atmosph\u00e8re terrestre pourrait revenir \u00e0 un \u00e9tat similaire \u00e0 celui observ\u00e9 il y a 2,4 milliards d\u2019ann\u00e9es, avant le Grand \u00c9v\u00e9nement d\u2019Oxydation. \u00c0 cette \u00e9poque, le m\u00e9thane dominait l\u2019atmosph\u00e8re, rendant l\u2019oxyg\u00e8ne quasiment inexistant. Kazumi Ozaki, un chercheur \u00e9minent de l\u2019universit\u00e9 Toho au Japon, explique que cette transformation serait due \u00e0 l\u2019\u00e9volution naturelle du Soleil. En devenant plus lumineux, le Soleil influence le cycle g\u00e9ochimique des roches et du carbone, entra\u00eenant ainsi une diminution progressive du dioxyde de carbone (CO\u2082) dans l\u2019atmosph\u00e8re. Ce changement pourrait marquer un retour \u00e0 une \u00e9poque o\u00f9 la vie telle que nous la connaissons serait impossible \u00e0 soutenir.<\/p>\n<blockquote class=\"wp-embedded-content\" data-secret=\"FpJTsDw7yW\">\n<p><a href=\"https:\/\/www.le-gaz.fr\/2025\/07\/12\/nous-etouffons-lentement-locean-perd-2-de-son-oxygene-depuis-1960-plus-de-500-zones-mortes-identifiees-par-lunesco-dans-un-drame-ecologique-global\/\" rel=\"nofollow noopener\" target=\"_blank\">\u00ab Nous \u00e9touffons lentement \u00bb : l\u2019oc\u00e9an perd 2 % de son oxyg\u00e8ne depuis 1960, plus de 500 zones mortes identifi\u00e9es par l\u2019UNESCO dans un drame \u00e9cologique global<\/a><\/p>\n<\/blockquote>\n<p>Le jour o\u00f9 l\u2019oxyg\u00e8ne s\u2019effondrera<\/p>\n<p><strong>L\u2019humanit\u00e9 pourrait assister \u00e0 une baisse drastique de l\u2019oxyg\u00e8ne<\/strong> bien avant que les oc\u00e9ans ne s\u2019\u00e9vaporent, \u00e9v\u00e9nement jusqu\u2019alors consid\u00e9r\u00e9 comme la fin de la Terre habitable. Les mod\u00e8les informatiques montrent que les niveaux d\u2019oxyg\u00e8ne pourraient chuter \u00e0 des niveaux proches de ceux de l\u2019\u00e8re arch\u00e9enne, soit un million de fois moins qu\u2019aujourd\u2019hui. Le g\u00e9ochimiste Chris Reinhard de l\u2019Institut de Technologie de G\u00e9orgie souligne que cette chute serait \u00ab\u00a0vraiment, vraiment extr\u00eame\u00a0\u00bb. La fin de l\u2019oxyg\u00e8ne marquerait la disparition de l\u2019humanit\u00e9 et de nombreuses autres formes de vie.<\/p>\n<blockquote class=\"wp-embedded-content\" data-secret=\"WK9fYhVUBP\">\n<p><a href=\"https:\/\/www.le-gaz.fr\/2025\/07\/08\/voici-ces-10-grandes-villes-du-monde-en-sursis-promises-a-lengloutissement-dici-2050-si-la-montee-des-oceans-ne-peut-etre-freinee-a-temps\/\" rel=\"nofollow noopener\" target=\"_blank\">Voici ces 10 grandes villes du monde en sursis, promises \u00e0 l\u2019engloutissement d\u2019ici 2050 si la mont\u00e9e des oc\u00e9ans ne peut \u00eatre frein\u00e9e \u00e0 temps<\/a><\/p>\n<\/blockquote>\n<p>Un mod\u00e8le bas\u00e9 sur 400 000 simulations<\/p>\n<p>Pour arriver \u00e0 ces conclusions alarmantes, les chercheurs ont effectu\u00e9 pr\u00e8s de 400 000 simulations. Ces simulations ont pris en compte l\u2019\u00e9volution du Soleil et la baisse du CO\u2082, due \u00e0 la chaleur croissante qui d\u00e9truit les mol\u00e9cules de ce gaz. Moins de CO\u2082 signifie moins de plantes pour effectuer la photosynth\u00e8se, ce qui entra\u00eene une diminution de la production d\u2019oxyg\u00e8ne. Les \u00e9tudes ant\u00e9rieures avaient pr\u00e9vu que l\u2019intensification du rayonnement solaire ferait dispara\u00eetre les oc\u00e9ans dans environ 2 milliards d\u2019ann\u00e9es, mais la r\u00e9duction d\u2019oxyg\u00e8ne pourrait tuer la vie bien avant cela.<\/p>\n<p>Des implications pour la recherche de vie ailleurs<\/p>\n<p>Cette d\u00e9couverte bouleverse notre approche de la recherche de vie extraterrestre. Jusqu\u2019\u00e0 pr\u00e9sent, les scientifiques consid\u00e9raient l\u2019oxyg\u00e8ne comme un indicateur cl\u00e9 de la vie. Cependant, cette \u00e9tude montre qu\u2019une plan\u00e8te habitable pourrait ne pas contenir d\u2019oxyg\u00e8ne pendant une grande partie de son existence. <strong>Le projet NExSS de la NASA<\/strong> explore de nouvelles m\u00e9thodes pour identifier des mondes potentiellement habitables en dehors du Syst\u00e8me solaire, remettant ainsi en question notre compr\u00e9hension actuelle de la vie dans l\u2019univers.<\/p>\n<p>Un avenir domin\u00e9 par des microbes sans oxyg\u00e8ne<\/p>\n<p>Les calculs pr\u00e9voient que l\u2019\u00e8re riche en oxyg\u00e8ne de la Terre ne repr\u00e9sentera que 20 \u00e0 30 % de sa dur\u00e9e de vie totale. Apr\u00e8s la grande d\u00e9soxyg\u00e9nation, l\u2019atmosph\u00e8re contiendra plus de m\u00e9thane, tr\u00e8s peu de CO\u2082, et surtout, plus de couche d\u2019ozone pour nous prot\u00e9ger. <strong>Les formes de vie qui pourraient survivre seraient uniquement ana\u00e9robies<\/strong>, semblables aux microbes pr\u00e9sents sur Terre bien avant l\u2019apparition des humains. Cela laisse pr\u00e9sager un futur o\u00f9 la vie complexe, telle qu\u2019elle existe aujourd\u2019hui, ne serait qu\u2019un lointain souvenir.<\/p>\n<p>Que nous r\u00e9serve l\u2019avenir dans un monde o\u00f9 l\u2019oxyg\u00e8ne devient rare ? Cette perspective soul\u00e8ve des questions essentielles sur notre capacit\u00e9 \u00e0 anticiper et \u00e0 nous adapter aux changements environnementaux. <strong>La question reste ouverte : serons-nous pr\u00eats \u00e0 quitter notre plan\u00e8te \u00e0 temps pour \u00e9viter l\u2019effondrement de son atmosph\u00e8re ?<\/strong><\/p>\n<p>Cet article s\u2019appuie sur des sources v\u00e9rifi\u00e9es et l\u2019assistance de technologies \u00e9ditoriales.<\/p>\n<p id=\"rating\">\u00c7a vous a plu ?\u00a04.6\/5 (23)<\/p>\n","protected":false},"excerpt":{"rendered":"EN BREF \ud83c\udf0d L\u2019\u00e9quilibre atmosph\u00e9rique de la Terre pourrait \u00eatre perturb\u00e9, entra\u00eenant une chute drastique de l\u2019oxyg\u00e8ne. \ud83d\udd0d&hellip;\n","protected":false},"author":2,"featured_media":254674,"comment_status":"","ping_status":"","sticky":false,"template":"","format":"standard","meta":{"footnotes":""},"categories":[10],"tags":[1011,27,72,71],"class_list":{"0":"post-254673","1":"post","2":"type-post","3":"status-publish","4":"format-standard","5":"has-post-thumbnail","7":"category-sante","8":"tag-fr","9":"tag-france","10":"tag-health","11":"tag-sante"},"share_on_mastodon":{"url":"https:\/\/pubeurope.com\/@fr\/114870296523823390","error":""},"_links":{"self":[{"href":"https:\/\/www.europesays.com\/fr\/wp-json\/wp\/v2\/posts\/254673","targetHints":{"allow":["GET"]}}],"collection":[{"href":"https:\/\/www.europesays.com\/fr\/wp-json\/wp\/v2\/posts"}],"about":[{"href":"https:\/\/www.europesays.com\/fr\/wp-json\/wp\/v2\/types\/post"}],"author":[{"embeddable":true,"href":"https:\/\/www.europesays.com\/fr\/wp-json\/wp\/v2\/users\/2"}],"replies":[{"embeddable":true,"href":"https:\/\/www.europesays.com\/fr\/wp-json\/wp\/v2\/comments?post=254673"}],"version-history":[{"count":0,"href":"https:\/\/www.europesays.com\/fr\/wp-json\/wp\/v2\/posts\/254673\/revisions"}],"wp:featuredmedia":[{"embeddable":true,"href":"https:\/\/www.europesays.com\/fr\/wp-json\/wp\/v2\/media\/254674"}],"wp:attachment":[{"href":"https:\/\/www.europesays.com\/fr\/wp-json\/wp\/v2\/media?parent=254673"}],"wp:term":[{"taxonomy":"category","embeddable":true,"href":"https:\/\/www.europesays.com\/fr\/wp-json\/wp\/v2\/categories?post=254673"},{"taxonomy":"post_tag","embeddable":true,"href":"https:\/\/www.europesays.com\/fr\/wp-json\/wp\/v2\/tags?post=254673"}],"curies":[{"name":"wp","href":"https:\/\/api.w.org\/{rel}","templated":true}]}}