{"id":254677,"date":"2025-07-17T19:47:09","date_gmt":"2025-07-17T19:47:09","guid":{"rendered":"https:\/\/www.europesays.com\/fr\/254677\/"},"modified":"2025-07-17T19:47:09","modified_gmt":"2025-07-17T19:47:09","slug":"pas-dannee-blanche-pour-le-signalement-de-vertu","status":"publish","type":"post","link":"https:\/\/www.europesays.com\/fr\/254677\/","title":{"rendered":"pas d\u2019ann\u00e9e blanche pour le signalement de vertu"},"content":{"rendered":"<p><strong>HUMEUR &#8211;<\/strong> La chanteuse Yoa, aur\u00e9ol\u00e9e de deux Victoires de la Musique, a annonc\u00e9 boycotter le festival des Francofolies \u00e0 Spa (Belgique), en raison de la pr\u00e9sence du chanteur Amir, accus\u00e9 d\u2019accointances avec Tsahal. Une d\u00e9cision qui suinte la posture oblig\u00e9e.<\/p>\n<p class=\"fig-paragraph\">Quand la machine \u00e0 courroux tourne \u00e0 plein r\u00e9gime, on trouve toujours un volontaire pour ins\u00e9rer une pi\u00e8ce neuve dans la fente, avec l\u2019espoir que son cliquetis fera plus de bruit que les autres. Cette fois, c\u2019est Yoa, chanteuse\u00a0<a href=\"http:\/\/www.lefigaro.fr\/musique\/victoires-de-la-musique-2025-decouvrez-les-grands-gagnants-de-la-40e-edition-20250215\" data-fig-type=\"NewsFlash\" data-gtm-custom-categorie=\"navigation\" data-gtm-custom-action=\"crossclick\" data-gtm-custom-label=\"Contextuel\" data-gtm-event=\"customEventSPE\" data-fig-domain=\"LEFIGARO\" target=\"_blank\" rel=\"noopener\">aur\u00e9ol\u00e9e de deux Victoires de la Musique en f\u00e9vrier 2025<\/a>, qui s\u2019y colle.<\/p>\n<p class=\"fig-paragraph\">La jeune artiste franco-suisse, r\u00e9v\u00e9l\u00e9e avec son album \u00ab La Favorite\u00a0\u00bb , a d\u00e9cid\u00e9 de boycotter les Francofolies de Spa, ce week-end, une d\u00e9clinaison belge du festival\u00a0<a href=\"http:\/\/www.lefigaro.fr\/musique\/jean-louis-aubert-sdm-cassius-hommage-a-renaud-la-riche-programmation-des-francofolies-2025-20250708\" data-fig-type=\"NewsFlash\" data-gtm-custom-categorie=\"navigation\" data-gtm-custom-action=\"crossclick\" data-gtm-custom-label=\"Contextuel\" data-gtm-event=\"customEventSPE\" data-fig-domain=\"LEFIGARO\" target=\"_blank\" rel=\"noopener\">organis\u00e9 chaque \u00e9t\u00e9 \u00e0 La Rochelle<\/a>. Le motif\u00a0? Amir, un chanteur au sourire de pub pour dentifrice qui chante des tubes gentillets diffus\u00e9s dans les rayons de supermarch\u00e9s et lors des prime TF1, programm\u00e9 sur la sc\u00e8ne de Spa ce vendredi 18 juillet, est\u00a0<a href=\"http:\/\/www.lefigaro.fr\/musique\/francofolies-de-spa-la-venue-du-chanteur-franco-israelien-amir-provoque-des-remous-20250717\" data-fig-type=\"NewsFlash\" data-gtm-custom-categorie=\"navigation\" data-gtm-custom-action=\"crossclick\" data-gtm-custom-label=\"Contextuel\" data-gtm-event=\"customEventSPE\" data-fig-domain=\"LEFIGARO\" target=\"_blank\" rel=\"noopener\">trop pro-isra\u00e9lien \u00e0 son go\u00fbt<\/a>. \u00c0 l\u2019heure o\u00f9 m\u00eame les coups de gueule se doivent d\u2019\u00eatre photog\u00e9niques, elle s\u2019est offusqu\u00e9e avec l\u2019esth\u00e9tique de la gravit\u00e9 de notre temps\u00a0: un post Instagram, accompagn\u00e9 d\u2019un message blanc sur fond noir.<\/p>\n<p class=\"fig-paragraph\">Yoa refuse de partager la sc\u00e8ne\u2026<\/p>\n<p class=\"fig-premium-paywall__infos\">\n        Cet article est r\u00e9serv\u00e9 aux abonn\u00e9s.        Il vous reste 84% \u00e0 d\u00e9couvrir.\n    <\/p>\n<p>                <img  data- alt=\"Le Figaro\" class=\"fig-img--complete fig-img\"\/><\/p>\n<p class=\"fig-premium-paywall__title\">Vous avez envie de lire la suite ?<\/p>\n<p class=\"fig-premium-paywall__subtitle\">D\u00e9bloquez tous les articles imm\u00e9diatement.<\/p>\n<p class=\"fig-premium-paywall__connect\">\n                D\u00e9j\u00e0 abonn\u00e9\u00a0?                <a class=\"fig-premium-paywall__connect-link\" href=\"https:\/\/connect.lefigaro.fr\/login?client=horizon_web&amp;type=main&amp;redirect_uri=https%3A%2F%2Fwww.lefigaro.fr%2Fvox%2Fculture%2Fla-chanteuse-yoa-refuse-de-partager-l-affiche-avec-amir-le-signalement-de-vertu-ne-connait-pas-la-crise-20250717\" data-js-gtm=\"{&quot;customCategorie&quot;: &quot;conversion&quot;, &quot;customAction&quot;: &quot;before_Landing_Connexion_paywall_auto&quot;, &quot;customLabel&quot;: &quot;bGVmaWdhcm8uZnJfXzFmMDYyMjFiLTA5MjMtNjEyMC1iNTljLTgxZjM2MjE0ZWNjM19fQXJ0aWNsZQ==_La chanteuse Yoa refuse de partager l\u2019affiche avec Amir\u00a0: pas d\u2019ann\u00e9e blanche pour le signalement de vertu_31&quot;, &quot;customIDSPE&quot;: &quot;bGVmaWdhcm8uZnJfXzFmMDYyMjFiLTA5MjMtNjEyMC1iNTljLTgxZjM2MjE0ZWNjM19fQXJ0aWNsZQ==&quot;, &quot;event&quot;: &quot;customEventSPE&quot;}\" target=\"_blank\" rel=\"noopener\"><br \/>\n                    Connectez-vous<br \/>\n                <\/a>\n            <\/p>\n","protected":false},"excerpt":{"rendered":"HUMEUR &#8211; La chanteuse Yoa, aur\u00e9ol\u00e9e de deux Victoires de la Musique, a annonc\u00e9 boycotter le festival des&hellip;\n","protected":false},"author":2,"featured_media":254678,"comment_status":"","ping_status":"","sticky":false,"template":"","format":"standard","meta":{"footnotes":""},"categories":[8],"tags":[3259,58,59,1011,27,8625],"class_list":{"0":"post-254677","1":"post","2":"type-post","3":"status-publish","4":"format-standard","5":"has-post-thumbnail","7":"category-divertissement","8":"tag-conflit-israelo-palestinien","9":"tag-divertissement","10":"tag-entertainment","11":"tag-fr","12":"tag-france","13":"tag-victoires-de-la-musique"},"share_on_mastodon":{"url":"https:\/\/pubeurope.com\/@fr\/114870304376693334","error":""},"_links":{"self":[{"href":"https:\/\/www.europesays.com\/fr\/wp-json\/wp\/v2\/posts\/254677","targetHints":{"allow":["GET"]}}],"collection":[{"href":"https:\/\/www.europesays.com\/fr\/wp-json\/wp\/v2\/posts"}],"about":[{"href":"https:\/\/www.europesays.com\/fr\/wp-json\/wp\/v2\/types\/post"}],"author":[{"embeddable":true,"href":"https:\/\/www.europesays.com\/fr\/wp-json\/wp\/v2\/users\/2"}],"replies":[{"embeddable":true,"href":"https:\/\/www.europesays.com\/fr\/wp-json\/wp\/v2\/comments?post=254677"}],"version-history":[{"count":0,"href":"https:\/\/www.europesays.com\/fr\/wp-json\/wp\/v2\/posts\/254677\/revisions"}],"wp:featuredmedia":[{"embeddable":true,"href":"https:\/\/www.europesays.com\/fr\/wp-json\/wp\/v2\/media\/254678"}],"wp:attachment":[{"href":"https:\/\/www.europesays.com\/fr\/wp-json\/wp\/v2\/media?parent=254677"}],"wp:term":[{"taxonomy":"category","embeddable":true,"href":"https:\/\/www.europesays.com\/fr\/wp-json\/wp\/v2\/categories?post=254677"},{"taxonomy":"post_tag","embeddable":true,"href":"https:\/\/www.europesays.com\/fr\/wp-json\/wp\/v2\/tags?post=254677"}],"curies":[{"name":"wp","href":"https:\/\/api.w.org\/{rel}","templated":true}]}}