{"id":254687,"date":"2025-07-17T19:53:19","date_gmt":"2025-07-17T19:53:19","guid":{"rendered":"https:\/\/www.europesays.com\/fr\/254687\/"},"modified":"2025-07-17T19:53:19","modified_gmt":"2025-07-17T19:53:19","slug":"saint-etienne-sans-permis-le-motard-roule-a-vive-allure-en-centre-ville-et-refuse-de-se-faire-controler","status":"publish","type":"post","link":"https:\/\/www.europesays.com\/fr\/254687\/","title":{"rendered":"Saint-\u00c9tienne. Sans permis, le motard roule \u00e0 vive allure en centre-ville et refuse de se faire contr\u00f4ler"},"content":{"rendered":"<p>Samedi 12\u00a0juillet, en fin d\u2019apr\u00e8s-midi, un \u00e9quipage de la Police municipale en patrouille dans le centre-ville aper\u00e7oit un jeune homme au guidon d\u2019une moto de 125 cm3\u00a0 circulant \u00e0 vive allure. Les fonctionnaires d\u00e9cident de proc\u00e9der au contr\u00f4le du pilote au niveau de la place Dorian mais ce dernier refuse d\u2019obtemp\u00e9rer et prend la fuite. <\/p>\n<p>Les policiers municipaux engagent les mesures pour le poursuivre mais l\u2019individu, \u00e2g\u00e9 de 22 ans et habitant de Saint-\u00c9tienne n\u2019ira gu\u00e8re plus loin. Il d\u00e9cide d\u2019abandonner son engin \u00e0 quelques encablures et sera rattrap\u00e9 \u00e0 pied par les agents. Interpell\u00e9 et plac\u00e9 en garde \u00e0 vue dans les locaux de l\u2019H\u00f4tel-de-police, cours Fauriel, il a finalement \u00e9t\u00e9 rel\u00e2ch\u00e9 mais s\u2019est vu notifier une composition p\u00e9nale pour refus d\u2019obtemp\u00e9rer et conduite sans permis de conduire.<\/p>\n","protected":false},"excerpt":{"rendered":"Samedi 12\u00a0juillet, en fin d\u2019apr\u00e8s-midi, un \u00e9quipage de la Police municipale en patrouille dans le centre-ville aper\u00e7oit un&hellip;\n","protected":false},"author":2,"featured_media":30227,"comment_status":"","ping_status":"","sticky":false,"template":"","format":"standard","meta":{"footnotes":""},"categories":[9653],"tags":[1111,11,2430,271,272,7539,1777,674,274,1011,27,3367,12,25,4001,7538,104,2803],"class_list":{"0":"post-254687","1":"post","2":"type-post","3":"status-publish","4":"format-standard","5":"has-post-thumbnail","7":"category-saint-etienne","8":"tag-actu","9":"tag-actualites","10":"tag-auvergne-rhone-alpes","11":"tag-crime","12":"tag-delit-et-contravention","13":"tag-edition-loire-sud","14":"tag-eu","15":"tag-europe","16":"tag-faits-divers-justice","17":"tag-fr","18":"tag-france","19":"tag-loire","20":"tag-news","21":"tag-republique-francaise","22":"tag-saint-etienne","23":"tag-saint-etienne-ville","24":"tag-societe","25":"tag-transport"},"share_on_mastodon":{"url":"https:\/\/pubeurope.com\/@fr\/114870327989794187","error":""},"_links":{"self":[{"href":"https:\/\/www.europesays.com\/fr\/wp-json\/wp\/v2\/posts\/254687","targetHints":{"allow":["GET"]}}],"collection":[{"href":"https:\/\/www.europesays.com\/fr\/wp-json\/wp\/v2\/posts"}],"about":[{"href":"https:\/\/www.europesays.com\/fr\/wp-json\/wp\/v2\/types\/post"}],"author":[{"embeddable":true,"href":"https:\/\/www.europesays.com\/fr\/wp-json\/wp\/v2\/users\/2"}],"replies":[{"embeddable":true,"href":"https:\/\/www.europesays.com\/fr\/wp-json\/wp\/v2\/comments?post=254687"}],"version-history":[{"count":0,"href":"https:\/\/www.europesays.com\/fr\/wp-json\/wp\/v2\/posts\/254687\/revisions"}],"wp:featuredmedia":[{"embeddable":true,"href":"https:\/\/www.europesays.com\/fr\/wp-json\/wp\/v2\/media\/30227"}],"wp:attachment":[{"href":"https:\/\/www.europesays.com\/fr\/wp-json\/wp\/v2\/media?parent=254687"}],"wp:term":[{"taxonomy":"category","embeddable":true,"href":"https:\/\/www.europesays.com\/fr\/wp-json\/wp\/v2\/categories?post=254687"},{"taxonomy":"post_tag","embeddable":true,"href":"https:\/\/www.europesays.com\/fr\/wp-json\/wp\/v2\/tags?post=254687"}],"curies":[{"name":"wp","href":"https:\/\/api.w.org\/{rel}","templated":true}]}}