{"id":254688,"date":"2025-07-17T19:54:17","date_gmt":"2025-07-17T19:54:17","guid":{"rendered":"https:\/\/www.europesays.com\/fr\/254688\/"},"modified":"2025-07-17T19:54:17","modified_gmt":"2025-07-17T19:54:17","slug":"la-pelouse-de-geoffroy-guichard-met-les-voiles","status":"publish","type":"post","link":"https:\/\/www.europesays.com\/fr\/254688\/","title":{"rendered":"La pelouse de Geoffroy Guichard met les voiles"},"content":{"rendered":"<p class=\"is-style-chapo\">Propri\u00e9taire du stade, Saint-Etienne M\u00e9tropole vient de pr\u00e9senter une solution de soin de la pelouse, de pr\u00e9servation plut\u00f4t, d\u00e9crite comme in\u00e9dite en France. Des voiles d\u2019ombrage suspendues durant cet \u00e9t\u00e9 au-dessus des 7\u00a0200 m2 du terrain de Geoffroy Guichard. De quoi r\u00e9duire l\u2019impact des fortes chaleurs dess\u00e9chantes favorisant la maladie.Un \u00ab\u00a0prototypage\u00a0\u00bb appliqu\u00e9 \u00e0 cet \u00e9t\u00e9 2025 bien parti pour devenir dispositif courant, voire s\u2019exporter. Avec cet \u2013 autre \u2013 avantage de ne pas co\u00fbter grand chose \u00e0 la M\u00e9tropole si ce n\u2019est le temps consacr\u00e9 par ses employ\u00e9s.<\/p>\n<p><img loading=\"lazy\" decoding=\"async\" width=\"1024\" height=\"576\" src=\"https:\/\/www.europesays.com\/fr\/wp-content\/uploads\/2025\/07\/qb-1024x576.jpg\" alt=\"\" class=\"wp-image-80122\"  \/>La mise en place a n\u00e9cessit\u00e9 des c\u00e2bles fix\u00e9s par des attaches viss\u00e9es aux parois des tribunes. \u00a9If M\u00e9dias \/ Xavier Alix<\/p>\n<p>Il suffisait d\u2019y penser\u00a0? Certes, mais \u00e0 l\u2019heure des soins appuy\u00e9s par la technologie \u2013 comme la luminoth\u00e9rapie \u2013, cela n\u2019avait rien de si facile et \u00e9vident, \u00e0 \u00e9couter les jardiniers du stade <a href=\"https:\/\/www.if-saint-etienne.fr\/sports\/balcons-de-geoffroy-guichard-la-solution-qui-sera-testee-contre-le-psg\" target=\"_blank\" rel=\"noreferrer noopener\">Geoffroy Guichard<\/a>. Pas plus qu\u2019une mise en \u0153uvre, justement en plein rodage pour en tirer les le\u00e7ons et, \u00e0 terme, le meilleur parti de ce qui n\u2019est actuellement qu\u2019un prototype. Depuis mi-juin, environ 7\u00a0500 m2 de voiles d\u2019ombrage en fibre synth\u00e9tique sont suspendus au-dessus de la pelouse Geoffroy Guichard. Seulement retir\u00e9es quelques jours en un mois, le temps du match amical, \u00e0 huis-clos, face \u00e0 Troyes samedi dernier. C\u2019est un dispositif in\u00e9dit en France, assure Saint-Etienne M\u00e9tropole, <a href=\"https:\/\/www.google.com\/url?sa=t&amp;source=web&amp;rct=j&amp;opi=89978449&amp;url=http:\/\/www.saint-etienne-metropole.fr\/design-culture-sport\/equipements-sportifs\/le-stade-geoffroy-guichard&amp;ved=2ahUKEwim0oG7qcSOAxUCdqQEHae1LMwQFnoECCEQAQ&amp;usg=AOvVaw2OF8Aa3QXTxfYadCbqszm9\" target=\"_blank\" rel=\"noopener\">propri\u00e9taire<\/a> des lieux et c\u2019est dans le Chaudron qu\u2019il est actuellement test\u00e9 et appel\u00e9 \u00e0 \u00eatre p\u00e9rennis\u00e9.<\/p>\n<p>Cela ne co\u00fbte rien ou presque en investissement pour la collectivit\u00e9, l\u2019une des derni\u00e8res, si ce n\u2019est la derni\u00e8re \u00e0 assurer sa gestion, de la pelouse entre autres, via une r\u00e9gie directe, parmi les enceintes de calibre comparable en France appartenant encore \u00e0 la sph\u00e8re publique. Ce qui lui offre aussi le \u00ab\u00a0luxe\u00a0\u00bb, pr\u00e9cise-t-elle de prendre son temps, t\u00e2tonner, risquer. Le mat\u00e9riel n\u00e9cessaire, Geoffroy-Guichard l\u2019avait d\u00e9j\u00e0 \u00e0 disposition. Il s\u2019agit des m\u00eames voiles que l\u2019on peut observer par exemple, d\u00e9ploy\u00e9es sur les grilles entourant l\u2019enceinte, teint\u00e9es d\u2019un vert assez sombre bien adapt\u00e9 aux lieux et laissant, naturellement, passer la lumi\u00e8re tout en limitant fortement\u00a0l\u2019effet d\u2019un ardent soleil cognant. Soit 50 % d\u2019UV subi en moins. Seul l\u2019appel ext\u00e9rieur \u00e0 une soci\u00e9t\u00e9 sp\u00e9cialis\u00e9e dans le cordage \u2013 2\u00a0000 \u20ac environ  \u2013 a \u00e9t\u00e9 n\u00e9cessaire pour fixer en hauteur, sur les tribunes les c\u00e2bles permettant de tendre l\u2019ensemble.<\/p>\n<p>Une exigence toujours montante<\/p>\n<p>Le reste, ce sont les employ\u00e9s de la collectivit\u00e9 qui s\u2019en chargent, constatant les \u00e9cueils \u00e0 lever, ce qui reste \u00e0 am\u00e9liorer. \u00a0Il faut compter un jour et demi pour d\u00e9ployer le tout, une demi-journ\u00e9e pour remballer. \u00ab\u00a0L\u2019id\u00e9e remonte \u00e0 l\u2019issue de l\u2019Euro 2016, \u00e0 une \u00e9poque o\u00f9 la Pyricularia (maladie fongique des pelouses venue des rizi\u00e8res d\u2019Italie, favoris\u00e9e par les \u00e9t\u00e9s chauds) a commenc\u00e9 \u00e0 faire son \u0153uvre partout en France\u00a0\u00bb, explique Jos\u00e9 Machado, responsable technique du stade, 20 d\u2019exp\u00e9rience avec Geoffroy-Guichard et sa pelouse. Cette derni\u00e8re n\u2019avait alors pas \u00e9t\u00e9 \u00e9pargn\u00e9e mais \u00ab\u00a0nous avions remarqu\u00e9 que les parties les plus \u00e0 l\u2019ombre avaient bien mieux tenu\u00a0\u00bb. Une premi\u00e8re tentative d\u2019ombrage partielle, sur 2\u00a0000 m2, avait alors \u00e9t\u00e9 esquiss\u00e9e \u00e0 l\u2019\u00e9t\u00e9 2017 mais l\u2019exp\u00e9rience, effectu\u00e9e dans de \u00ab\u00a0mauvaises conditions\u00a0\u00bb et apparemment mal appuy\u00e9e \u2013 \u00ab\u00a0tout le monde n\u2019y croyait pas\u00a0\u00bb \u2013 sans que l\u2019on en sache plus sur ces circonstances, tourna court. Avant de rena\u00eetre donc, cette fois \u00e0 plein r\u00e9gime en 2025.<\/p>\n<blockquote>\n<p>L\u2019id\u00e9e remonte \u00e0 l\u2019issue de l\u2019Euro 2016, \u00e0 une \u00e9poque o\u00f9 la Pyricularia a commenc\u00e9 \u00e0 faire son \u0153uvre partout en France. \u00a0<\/p>\n<p>Jos\u00e9 Machado, responsable technique du stade<\/p><\/blockquote>\n<p>Objectif donc\u00a0: pr\u00e9server du mieux possible la qualit\u00e9 du gazon soumis \u00e0 d\u00e9vastation de la maladie alli\u00e9e \u00e0 des \u00e9t\u00e9s de plus en plus ardents alors m\u00eame que l\u2019exigence impos\u00e9e aux stades de L1 et m\u00eame L2 en la mati\u00e8re ne cesse de monter. A des ann\u00e9es lumi\u00e8res d\u2019ailleurs de ce qui \u00e9tait accept\u00e9 il y a 30 ou m\u00eame 20 ans, souligne Marianne Petiot, directrice des sports Ville et M\u00e9tropole. Souvent quelque peu abruptement, estiment les personnels de la collectivit\u00e9 au regard de la difficult\u00e9 \u00e0 les maintenir \u00e0 ce niveau et de leur investissement. \u00ab\u00a0Il y a ces notes, ces classements qui tombent issus des impressions, des ressentis des journalistes, des joueurs, etc. Mais bon\u2026 Faire par exemple r\u00e9f\u00e9rence aux jardiniers anglais et sous-entendre que l\u2019on n\u2019est pas bon \u00e0 comparer, c\u2019est aussi oublier que l\u2019on n\u2019a pas le m\u00eame climat, m\u00eame en France, entre le Nord et Marseille ou Bordeaux, que le changement climatique n\u2019arrange rien, que la maladie peut tout d\u00e9t\u00e9riorer en un rien de temps, que le substrat synth\u00e9tique sous la pelouse fait qu\u2019elle grille plus vite.\u00a0\u00bb<\/p>\n<p>Chaque plaquage de pelouse co\u00fbte 500\u00a0000 \u20ac<\/p>\n<p>Apr\u00e8s avoir obtenu un excellent 17,9\/20, 3e \u00e0 \u00e9galit\u00e9 de L1 + L2 \u00e0 l\u2019issue de la saison <a href=\"https:\/\/www.lfp.fr\/article\/le-paris-saint-germain-et-l-as-saint-etienne-remportent-le-championnat-des-pelouses-bkt-2023-2024\" target=\"_blank\" rel=\"noreferrer noopener\">2023\/24<\/a> (1\u00e8re de L2), la pelouse du Chaudron a \u00e9t\u00e9 rel\u00e9gu\u00e9e \u00e0 la 13e place lors de la suivante, celle qui vient de s\u2019\u00e9couler. Elle a \u00e9t\u00e9 re plaqu\u00e9e deux ann\u00e9es cons\u00e9cutives apr\u00e8s l\u2019\u00e9t\u00e9 assez brutal de 2023 puis en 2024. La seconde fois s\u2019est moins bien pass\u00e9e. Plaqu\u00e9e plut\u00f4t que \u00ab\u00a0ressem\u00e9e\u00a0\u00bb, comme cela \u00e9tait conseill\u00e9 \u00e0 une autre \u00e9poque. \u00ab\u00a0Les ann\u00e9es pass\u00e9es \u00e0 faire ce m\u00e9tier apprennent la modestie, rel\u00e8ve Jos\u00e9 Machado. On apprend au fur et \u00e0 mesure des exigences qui augmentent, de la situation locale surtout et il vaut mieux \u00e9viter d\u2019appliquer aveuglement des conseils de soin ext\u00e9rieurs de la part de ceux qui disent il faut faire ainsi, comme \u00e7a\u2026 A force d\u2019exp\u00e9riences, on sait comment faire au mieux dans son stade que l\u2019on pratique au quotidien, mais pas ce qui doit \u00eatre mis en \u0153uvre ailleurs. Nous ferions forc\u00e9ment moins bien si nous \u00e9tions affect\u00e9s \u00e0 une autre enceinte du jour au lendemain.\u00a0\u00bb<\/p>\n<p><img loading=\"lazy\" decoding=\"async\" width=\"720\" height=\"472\" src=\"https:\/\/www.europesays.com\/fr\/wp-content\/uploads\/2025\/07\/Capture.jpg\" alt=\"\" class=\"wp-image-80125\" style=\"width:903px;height:auto\"  \/>Marianne Petiot, directrice des sports Ville \/ M\u00e9tropole, Jean-Luc Degraix, vice-pr\u00e9sident de Saint-Etienne M\u00e9tropole aux grands \u00e9quipements et Jos\u00e9 Machado, responsable technique du stade. \u00a9If M\u00e9dias \/ Xavier Alix <\/p>\n<p>Pour le vice-pr\u00e9sident aux grands \u00e9quipements de M\u00e9tropole qu\u2019est Jean-Luc Degraix, le voilage appliqu\u00e9 aussi longtemps que n\u00e9cessaire en p\u00e9riode chaude, c\u2019est aussi la perspective d\u2019\u00e9conomiser 500\u00a0000 \u20ac sur budget engloutis en re plaquage les ann\u00e9es o\u00f9 cela est n\u00e9cessaire. C\u2019est aussi, en plus d\u2019une r\u00e9duction de 50 % d\u2019exposition aux UV donc, une \u00e9conomie notable d\u2019arrosage de 30 \u00e0 50 % m\u00eame si les cuves de r\u00e9cup\u00e9ration d\u2019eau de pluie de 430 m3 existantes permettent d\u00e9j\u00e0 de limiter en partie le puisement dans le r\u00e9seau. C\u2019est enfin, la possibilit\u00e9 de r\u00e9duire, voire d\u2019\u00e9liminer le recours aux produits phytosanitaires, seule solution appliqu\u00e9e dans les grandes enceintes sportives contre la Pyricularia, par d\u00e9rogation \u00e0 l\u2019obligation \u00ab\u00a0z\u00e9ro phyto\u00a0\u00bb, valable actuellement jusqu\u2019en juillet 2026. \u00ab\u00a0Avec les panneaux photovolta\u00efques ou encore les derniers am\u00e9nagements <a href=\"https:\/\/www.if-saint-etienne.fr\/sports\/geoffroy-guichard-un-stade-plus-ecolo-pour-les-j-o\" target=\"_blank\" rel=\"noreferrer noopener\">d\u2019Enedis<\/a> sur l\u2019\u00e9clairage, cela contribue \u00e0 essayer de faire de Geoffroy-Guichard est un stade le plus exemplaire possible en mati\u00e8re d\u2019environnement.\u00a0\u00bb<\/p>\n<p>Selon la M\u00e9tropole, l\u2019id\u00e9e des voiles d\u2019ombrage porte d\u00e9j\u00e0 de tr\u00e8s bons r\u00e9sultats, qui plus est lanc\u00e9e pile avant une v\u00e9ritable et imm\u00e9diate \u00e9preuve du feu\u00a0: pr\u00e8s de 3 semaines caniculaires entre mi-juin et d\u00e9but juillet. Apr\u00e8s bilan fin septembre, le prototype est donc bien parti pour se muer en dispositif p\u00e9renne \u00e0 l\u2019\u00e9t\u00e9 2026, les rectifications n\u00e9cessaires issues du rodage 2025 effectu\u00e9es. Elle pourrait faire l\u2019objet d\u2019un brevet et, suscitant l\u2019int\u00e9r\u00eat d\u2019autres gestionnaires de grands stades, devrait s\u2019exporter hors de Geoffroy-Guichard. Marianne Petiot dispensera d\u2019ailleurs une formation \u00e0 son sujet au Centre de droit et d\u2019\u00e9conomie du sport (<a href=\"https:\/\/www.google.com\/url?sa=t&amp;source=web&amp;rct=j&amp;opi=89978449&amp;url=https:\/\/cdes.fr\/&amp;ved=2ahUKEwjplpmVr8SOAxWlUKQEHV3yJSgQFnoECAwQAQ&amp;usg=AOvVaw3Ywv-HzSu2mKYBM1TQRIRC\" target=\"_blank\" rel=\"noreferrer noopener\">CDES<\/a>) de Limoges en juin prochain.<\/p>\n","protected":false},"excerpt":{"rendered":"Propri\u00e9taire du stade, Saint-Etienne M\u00e9tropole vient de pr\u00e9senter une solution de soin de la pelouse, de pr\u00e9servation plut\u00f4t,&hellip;\n","protected":false},"author":2,"featured_media":254689,"comment_status":"","ping_status":"","sticky":false,"template":"","format":"standard","meta":{"footnotes":""},"categories":[9653],"tags":[1111,11,444,461,2430,21646,9119,1777,674,39494,1011,27,37177,12,12250,25,4001,10060,60,9841],"class_list":{"0":"post-254688","1":"post","2":"type-post","3":"status-publish","4":"format-standard","5":"has-post-thumbnail","7":"category-saint-etienne","8":"tag-actu","9":"tag-actualites","10":"tag-as-saint-etienne","11":"tag-asse","12":"tag-auvergne-rhone-alpes","13":"tag-chaudron","14":"tag-dispositif","15":"tag-eu","16":"tag-europe","17":"tag-evenement-sportifs","18":"tag-fr","19":"tag-france","20":"tag-gazon","21":"tag-news","22":"tag-pelouse","23":"tag-republique-francaise","24":"tag-saint-etienne","25":"tag-saint-etienne-metropole","26":"tag-sports","27":"tag-stade-geoffroy-guichard"},"share_on_mastodon":{"url":"https:\/\/pubeurope.com\/@fr\/114870332022002490","error":""},"_links":{"self":[{"href":"https:\/\/www.europesays.com\/fr\/wp-json\/wp\/v2\/posts\/254688","targetHints":{"allow":["GET"]}}],"collection":[{"href":"https:\/\/www.europesays.com\/fr\/wp-json\/wp\/v2\/posts"}],"about":[{"href":"https:\/\/www.europesays.com\/fr\/wp-json\/wp\/v2\/types\/post"}],"author":[{"embeddable":true,"href":"https:\/\/www.europesays.com\/fr\/wp-json\/wp\/v2\/users\/2"}],"replies":[{"embeddable":true,"href":"https:\/\/www.europesays.com\/fr\/wp-json\/wp\/v2\/comments?post=254688"}],"version-history":[{"count":0,"href":"https:\/\/www.europesays.com\/fr\/wp-json\/wp\/v2\/posts\/254688\/revisions"}],"wp:featuredmedia":[{"embeddable":true,"href":"https:\/\/www.europesays.com\/fr\/wp-json\/wp\/v2\/media\/254689"}],"wp:attachment":[{"href":"https:\/\/www.europesays.com\/fr\/wp-json\/wp\/v2\/media?parent=254688"}],"wp:term":[{"taxonomy":"category","embeddable":true,"href":"https:\/\/www.europesays.com\/fr\/wp-json\/wp\/v2\/categories?post=254688"},{"taxonomy":"post_tag","embeddable":true,"href":"https:\/\/www.europesays.com\/fr\/wp-json\/wp\/v2\/tags?post=254688"}],"curies":[{"name":"wp","href":"https:\/\/api.w.org\/{rel}","templated":true}]}}