{"id":254707,"date":"2025-07-17T20:07:14","date_gmt":"2025-07-17T20:07:14","guid":{"rendered":"https:\/\/www.europesays.com\/fr\/254707\/"},"modified":"2025-07-17T20:07:14","modified_gmt":"2025-07-17T20:07:14","slug":"un-homme-est-mort-apres-setre-jete-dans-la-vilaine","status":"publish","type":"post","link":"https:\/\/www.europesays.com\/fr\/254707\/","title":{"rendered":"un homme est mort apr\u00e8s s&rsquo;\u00eatre jet\u00e9 dans la Vilaine"},"content":{"rendered":"<p>            Par<br \/>\n        <strong><br \/>\n            <a href=\"https:\/\/actu.fr\/auteur\/brian-legoff\" title=\"Consulter tous les articles de Brian Le Goff\" rel=\"nofollow noopener\" target=\"_blank\">Brian Le Goff<\/a><br \/>\n        <\/strong><\/p>\n<p>        Publi\u00e9 le<\/p>\n<p>            17 juil. 2025 \u00e0 18h42        <\/p>\n<p>Jeudi 17\u00a0juillet, vers 16h30, un<strong> homme, \u00e2g\u00e9 de 40\u00a0ans,<\/strong> a <strong>grimp\u00e9 la structure du belv\u00e9d\u00e8re,<\/strong> tout pr\u00e8s du pont de Bretagne \u00e0 <a href=\"https:\/\/actu.fr\/rennes\/\" rel=\"nofollow noopener\" target=\"_blank\">Rennes<\/a>, avant de se jeter dans la <a href=\"https:\/\/actu.fr\/bretagne\/ille-et-vilaine_35\" rel=\"nofollow noopener\" target=\"_blank\">Vilaine<\/a>, selon plusieurs t\u00e9moins qui se sont exprim\u00e9s aupr\u00e8s de notre journaliste sur place.<\/p>\n<p>L\u2019homme dispara\u00eet sous l\u2019eau<\/p>\n<p class=\" wall-content\">Ces derniers ont imm\u00e9diatement appel\u00e9 les <a href=\"https:\/\/actu.fr\/tag\/pompiers\" rel=\"nofollow noopener\" target=\"_blank\">pompiers<\/a>. \u00ab\u2009\u00c0 notre arriv\u00e9e, des <strong>t\u00e9moins ont indiqu\u00e9 o\u00f9 l\u2019homme avait disparu sous l\u2019eau\u2009\u00bb<\/strong>, explique le chef de groupe des pompiers sur place.<\/p>\n<p>    <img   decoding=\"async\" loading=\"lazy\" src=\"https:\/\/www.europesays.com\/fr\/wp-content\/uploads\/2025\/07\/pompiers-rennes-noyade-samedi-police-pont-de-bretagne-vilaine-4-960x640.jpg\" alt=\"Le Samu a \u00e9t\u00e9 appel\u00e9 en renfort pour accompagner la tentative de r\u00e9animation de quadrag\u00e9naire.\" width=\"960\" height=\"640\"\/><br \/>\n    Le Samu a \u00e9t\u00e9 appel\u00e9 en renfort pour accompagner la tentative de r\u00e9animation de quadrag\u00e9naire. (\u00a9 Brian Le Goff \/ actu Rennes)<\/p>\n<p class=\" wall-content\">Les <strong>plongeurs<\/strong> sont donc <strong>intervenus<\/strong> pour extraire la victime de la Vilaine. Les premiers soins ont \u00e9t\u00e9 prodigu\u00e9s. Malgr\u00e9 la <strong>tentative de r\u00e9animation avant et apr\u00e8s l\u2019arriv\u00e9e du Samu,<\/strong> l\u2019homme n\u2019a pas surv\u00e9cu \u00e0 sa noyade.<\/p>\n<p>Une enqu\u00eate ouverte<\/p>\n<p class=\" wall-content\"><strong>L\u2019enqu\u00eate ouverte<\/strong> devra d\u00e9terminer les circonstances exactes dans lesquelles ces faits ont eu lieu.<\/p>\n<p class=\" wall-content\">Suivez toute l\u2019actualit\u00e9 de vos villes et m\u00e9dias favoris en vous inscrivant \u00e0 <a href=\"https:\/\/moncompte.actu.fr\" title=\"D\u00e9couvez Mon Actu\" rel=\"nofollow noopener\" data-trk=\"{&quot;cta&quot;:{&quot;action&quot;:&quot;https:\\\/\\\/moncompte.actu.fr&quot;,&quot;category&quot;:&quot;mon compte&quot;,&quot;from&quot;:&quot;article footer&quot;,&quot;name&quot;:&quot;Mon actu&quot;,&quot;type&quot;:&quot;cta&quot;}}\" target=\"_blank\">Mon Actu<\/a>.<\/p>\n","protected":false},"excerpt":{"rendered":"Par Brian Le Goff Publi\u00e9 le 17 juil. 2025 \u00e0 18h42 Jeudi 17\u00a0juillet, vers 16h30, un homme, \u00e2g\u00e9&hellip;\n","protected":false},"author":2,"featured_media":254708,"comment_status":"","ping_status":"","sticky":false,"template":"","format":"standard","meta":{"footnotes":""},"categories":[2821],"tags":[1111,11,829,1777,674,118,1011,27,12,1072,1311,584,25,7009],"class_list":{"0":"post-254707","1":"post","2":"type-post","3":"status-publish","4":"format-standard","5":"has-post-thumbnail","7":"category-rennes","8":"tag-actu","9":"tag-actualites","10":"tag-bretagne","11":"tag-eu","12":"tag-europe","13":"tag-faits-divers","14":"tag-fr","15":"tag-france","16":"tag-news","17":"tag-police","18":"tag-pompiers","19":"tag-rennes","20":"tag-republique-francaise","21":"tag-vilaine"},"share_on_mastodon":{"url":"https:\/\/pubeurope.com\/@fr\/114870383000134938","error":""},"_links":{"self":[{"href":"https:\/\/www.europesays.com\/fr\/wp-json\/wp\/v2\/posts\/254707","targetHints":{"allow":["GET"]}}],"collection":[{"href":"https:\/\/www.europesays.com\/fr\/wp-json\/wp\/v2\/posts"}],"about":[{"href":"https:\/\/www.europesays.com\/fr\/wp-json\/wp\/v2\/types\/post"}],"author":[{"embeddable":true,"href":"https:\/\/www.europesays.com\/fr\/wp-json\/wp\/v2\/users\/2"}],"replies":[{"embeddable":true,"href":"https:\/\/www.europesays.com\/fr\/wp-json\/wp\/v2\/comments?post=254707"}],"version-history":[{"count":0,"href":"https:\/\/www.europesays.com\/fr\/wp-json\/wp\/v2\/posts\/254707\/revisions"}],"wp:featuredmedia":[{"embeddable":true,"href":"https:\/\/www.europesays.com\/fr\/wp-json\/wp\/v2\/media\/254708"}],"wp:attachment":[{"href":"https:\/\/www.europesays.com\/fr\/wp-json\/wp\/v2\/media?parent=254707"}],"wp:term":[{"taxonomy":"category","embeddable":true,"href":"https:\/\/www.europesays.com\/fr\/wp-json\/wp\/v2\/categories?post=254707"},{"taxonomy":"post_tag","embeddable":true,"href":"https:\/\/www.europesays.com\/fr\/wp-json\/wp\/v2\/tags?post=254707"}],"curies":[{"name":"wp","href":"https:\/\/api.w.org\/{rel}","templated":true}]}}