{"id":254710,"date":"2025-07-17T20:09:23","date_gmt":"2025-07-17T20:09:23","guid":{"rendered":"https:\/\/www.europesays.com\/fr\/254710\/"},"modified":"2025-07-17T20:09:23","modified_gmt":"2025-07-17T20:09:23","slug":"strasbourg-en-manque-de-sommeil-besoin-de-decompresser-un-festival-de-la-sieste-au-phare-citadelle","status":"publish","type":"post","link":"https:\/\/www.europesays.com\/fr\/254710\/","title":{"rendered":"Strasbourg. En manque de sommeil\u00a0? Besoin de d\u00e9compresser\u00a0? Un festival de la sieste au Phare Citadelle"},"content":{"rendered":"<p>Vous avez pass\u00e9 une semaine compliqu\u00e9e, vous essayez de r\u00e9cup\u00e9rer de <a href=\"https:\/\/www.dna.fr\/videos\/concerts-record-battu-et-tenues-extravagantes-les-meilleurs-moments-de-decibulles-2025-30l5qpz\" target=\"_blank\" rel=\"noopener\">vos trois jours \u00e0 D\u00e9cibulles<\/a> ou d\u2019une insomnie\u00a0? Nous avons peut-\u00eatre trouv\u00e9 la solution\u00a0: le Siestival, un festival de la sieste qui se d\u00e9roulera dimanche 20\u00a0juillet, de 14\u00a0h \u00e0 20\u00a0h, au Phare Citadelle.<\/p>\n<p>  De \u00ab\u00a0la musique toute douce\u00a0\u00bb<\/p>\n<p>Au programme, on nous annonce de \u00ab\u00a0la musique toute douce\u00a0\u00bb avec trois concerts live de Courant d\u2019Air, Fran\u00e7ois Delamarre et Midva, soit de la musique \u00e9lectro et acoustique. Si vous \u00eates encore r\u00e9veill\u00e9 \u00e0 17\u00a0h\u00a030, vous pourrez assister \u00e0 une conf\u00e9rence d\u2019H\u00e9l\u00e8ne Dumont sur l\u2019importance du sommeil (parce que <a href=\"https:\/\/www.dna.fr\/magazine-sante\/2024\/04\/01\/sommeil-les-francais-ont-ils-de-bonnes-habitudes\" target=\"_blank\" rel=\"noopener\">pour vivre en bonne sant\u00e9 et de bonne humeur<\/a> , il n\u2019y a que \u00e7a de vrai). Deux DJ sets de Margarita Temp\u00eate B2B Midva et Xanass ouvriront et cl\u00f4tureront cette \u00e9tonnante f\u00eate.<\/p>\n<p>Enfin, ceux qui auront assez d\u2019\u00e9nergie pour tenir debout pourront d\u00e9couvrir une exposition sur le th\u00e8me de la sieste avec des illustrations, des po\u00e8mes, des photos et m\u00eame des \u0153uvres en tufting.<\/p>\n<p class=\"note\">Gratuit. 14\u00a0h \u00e0 20 h.\u00a013, rue de Nantes, \u00e0 Strasbourg. D\u00e9tails de l\u2019\u00e9v\u00e8nement sur phare-citadelle.eu<\/p>\n","protected":false},"excerpt":{"rendered":"Vous avez pass\u00e9 une semaine compliqu\u00e9e, vous essayez de r\u00e9cup\u00e9rer de vos trois jours \u00e0 D\u00e9cibulles ou d\u2019une&hellip;\n","protected":false},"author":2,"featured_media":254711,"comment_status":"","ping_status":"","sticky":false,"template":"","format":"standard","meta":{"footnotes":""},"categories":[2820],"tags":[1111,11,6211,1687,2880,1777,674,2271,107,1011,27,775,12,5486,25,640,2879],"class_list":{"0":"post-254710","1":"post","2":"type-post","3":"status-publish","4":"format-standard","5":"has-post-thumbnail","7":"category-strasbourg","8":"tag-actu","9":"tag-actualites","10":"tag-conference","11":"tag-culture-loisirs","12":"tag-edition-strasbourg","13":"tag-eu","14":"tag-europe","15":"tag-exposition-arts-plastiques","16":"tag-fil-info","17":"tag-fr","18":"tag-france","19":"tag-grand-est","20":"tag-news","21":"tag-rencontre","22":"tag-republique-francaise","23":"tag-strasbourg","24":"tag-strasbourg-ville"},"share_on_mastodon":{"url":"https:\/\/pubeurope.com\/@fr\/114870390864225050","error":""},"_links":{"self":[{"href":"https:\/\/www.europesays.com\/fr\/wp-json\/wp\/v2\/posts\/254710","targetHints":{"allow":["GET"]}}],"collection":[{"href":"https:\/\/www.europesays.com\/fr\/wp-json\/wp\/v2\/posts"}],"about":[{"href":"https:\/\/www.europesays.com\/fr\/wp-json\/wp\/v2\/types\/post"}],"author":[{"embeddable":true,"href":"https:\/\/www.europesays.com\/fr\/wp-json\/wp\/v2\/users\/2"}],"replies":[{"embeddable":true,"href":"https:\/\/www.europesays.com\/fr\/wp-json\/wp\/v2\/comments?post=254710"}],"version-history":[{"count":0,"href":"https:\/\/www.europesays.com\/fr\/wp-json\/wp\/v2\/posts\/254710\/revisions"}],"wp:featuredmedia":[{"embeddable":true,"href":"https:\/\/www.europesays.com\/fr\/wp-json\/wp\/v2\/media\/254711"}],"wp:attachment":[{"href":"https:\/\/www.europesays.com\/fr\/wp-json\/wp\/v2\/media?parent=254710"}],"wp:term":[{"taxonomy":"category","embeddable":true,"href":"https:\/\/www.europesays.com\/fr\/wp-json\/wp\/v2\/categories?post=254710"},{"taxonomy":"post_tag","embeddable":true,"href":"https:\/\/www.europesays.com\/fr\/wp-json\/wp\/v2\/tags?post=254710"}],"curies":[{"name":"wp","href":"https:\/\/api.w.org\/{rel}","templated":true}]}}