{"id":254712,"date":"2025-07-17T20:10:12","date_gmt":"2025-07-17T20:10:12","guid":{"rendered":"https:\/\/www.europesays.com\/fr\/254712\/"},"modified":"2025-07-17T20:10:12","modified_gmt":"2025-07-17T20:10:12","slug":"ils-planquent-dans-leur-superette-de-nice-pendant-la-nuit-pour-debusquer-un-cambrioleur-en-serie-lepilogue-est-houleux","status":"publish","type":"post","link":"https:\/\/www.europesays.com\/fr\/254712\/","title":{"rendered":"Ils planquent dans leur sup\u00e9rette de Nice pendant la nuit pour d\u00e9busquer un cambrioleur en s\u00e9rie, l\u2019\u00e9pilogue est houleux"},"content":{"rendered":"<p>M\u00eame sans le son, la sc\u00e8ne est \u00e9loquente. On voit un homme \u00e2g\u00e9 d\u2019une trentaine d\u2019ann\u00e9es, en short, s\u2019introduire par effraction dans une sup\u00e9rette. Il jette des regards inquiets autour de lui. Une femme vient lui bloquer la sortie. L\u2019intrus se rue sur elle. Un homme intervient et le plaque \u00e0 terre. S\u2019ensuit une sc\u00e8ne de lutte confuse. Trois minutes plus tard, c\u2019est la police qui intervient. Fin de la partie. Le cambrioleur est interpell\u00e9.<\/p>\n<p>Cette sc\u00e8ne a \u00e9t\u00e9 film\u00e9e par une cam\u00e9ra de vid\u00e9osurveillance du Carrefour Express du 18, rue Lamartine, dans le centre-ville de Nice. Elle s\u2019est d\u00e9roul\u00e9e mardi 15 juillet 2025, \u00e0 23h30. Marine et Vladimir, le couple de g\u00e9rants, 28 ans chacun, a surpris un cambrioleur en flag\u2019. Avec leur jeune employ\u00e9e Valentine, ils sont parvenus \u00e0 le ma\u00eetriser, puis \u00e0 le remettre la police. Et stopper ainsi une s\u00e9rie de vols.<\/p>\n<p>Voil\u00e0 d\u00e9j\u00e0 plusieurs nuits que des bouteilles disparaissaient, derri\u00e8re la caisse de leur sup\u00e9rette. Le 12 juillet, puis le 15, un visiteur p\u00e9n\u00e8tre par effraction peu apr\u00e8s minuit et d\u00e9robe des bouteilles de vodka. \u00ab\u00a0Nous sommes all\u00e9s d\u00e9poser plainte, t\u00e9moigne Valentine. Quelques heures plus tard, il recommen\u00e7ait. \u00c7a nous a un peu agac\u00e9s\u2026\u00a0\u00bb<\/p>\n<p>\u00ab\u00a0Il s\u2019est jet\u00e9 sur moi et m\u2019a donn\u00e9 un coup de poing\u00a0\u00bb<\/p>\n<p>              <img ci-src=\"https:\/\/www.nicematin.com\/justice\/protec\/DATA_ART_15924344-TuKPn2NE.jpg?vh=3523b2&amp;ci_seal=66883555ae\" alt=\"\"\/><br \/>\n        Les cam\u00e9ras de vid\u00e9osurveillance avaient film\u00e9 de pr\u00e9c\u00e9dentes intrusions du m\u00eame individu. <strong>Photo DR.<\/strong> <\/p>\n<p>Trois intrusions en trois jours: \u00e7\u2019en \u00e9tait trop. Alors les g\u00e9rants prennent, de leur propre aveu, \u00ab\u00a0une d\u00e9cision audacieuse: passer la nuit en planque dans la r\u00e9serve du magasin, en guettant une \u00e9ventuelle intrusion. Un coup de poker qui a pay\u00e9. Et puis la porte d\u2019entr\u00e9e devait \u00eatre r\u00e9par\u00e9e: on s\u2019est dit que c\u2019\u00e9tait plus prudent.\u00a0\u00bb<\/p>\n<p>Mardi, \u00e0 22 heures, les grilles s\u2019abaissent, les lumi\u00e8res s\u2019\u00e9teignent. Marine, Vladimir et Valentine se cachent dans la r\u00e9serve. \u00ab\u00a0Vers 23h30, ayant une petite faim, je d\u00e9cide d\u2019aller chercher une pizza\u2026 Et au moment o\u00f9 j\u2019arrive au rayon, je le vois par la fen\u00eatre.\u00a0\u00bb Marine reconna\u00eet le visage de l\u2019individu film\u00e9 par leur cam\u00e9ra la nuit pr\u00e9c\u00e9dente. \u00ab\u00a0Je me planque. Il rentre. J\u2019\u00e9tais compl\u00e8tement flipp\u00e9e!\u00a0\u00bb<\/p>\n<p>Sit\u00f4t entr\u00e9, l\u2019intrus comprend qu\u2019il n\u2019est pas seul. \u00ab\u00a0Il a pris peur et a tent\u00e9 de s\u2019enfuir, t\u00e9moigne Valentine. Je bloquais la sortie. Il s\u2019est jet\u00e9 sur moi. Il m\u2019a donn\u00e9 un coup de poing. Mon conjoint a couru vers lui. L\u2019individu lui a mordu les doigts, a mis les siens dans ses yeux. Pendant ce temps, notre employ\u00e9e a appel\u00e9 la police. Ils \u00e9taient ravis qu\u2019il soit arr\u00eat\u00e9. Ils ont \u00e9t\u00e9 tr\u00e8s sympas avec nous.\u00a0\u00bb<\/p>\n<p>\u00ab\u00a0Un peu d\u00e9raisonn\u00e9, mais\u2026\u00a0\u00bb<\/p>\n<p>              <img ci-src=\"https:\/\/www.nicematin.com\/justice\/protec\/DATA_ART_15924341-x0Kr4xpS.jpg?vh=31029f&amp;ci_seal=511976ea18\" alt=\"\"\/><br \/>\n        Les g\u00e9rants ont ma\u00eetris\u00e9 le cambrioleur avant d\u2019\u00eatre rejoints par la police. <strong>Photo DR.<\/strong> <\/p>\n<p>Interpell\u00e9, menott\u00e9, le suspect est conduit \u00e0 la caserne Auvare. Direction le groupe d\u2019appui judiciaire (GAJ) de la police nationale. Au terme de sa garde \u00e0 vue, il a \u00e9t\u00e9 d\u00e9f\u00e9r\u00e9 au parquet de Nice ce jeudi apr\u00e8s-midi, en vue d\u2019un proc\u00e8s en comparution imm\u00e9diate devant le tribunal correctionnel.<\/p>\n<p>Les g\u00e9rants se disent \u00ab\u00a0encore un peu secou\u00e9s\u00a0\u00bb. Mais \u00ab\u00a0pas m\u00e9contents de l\u2019avoir fait\u00a0\u00bb. En t\u00e9moigne leur selfie hilare pris dans la foul\u00e9e. Valentine l\u2019admet: \u00ab\u00a0C\u2019\u00e9tait un peu d\u00e9raisonn\u00e9. Il aurait pu avoir un couteau, \u00e7a aurait pu finir beaucoup plus mal\u2026 Mais c\u2019est normal de prot\u00e9ger son business. C\u2019est all\u00e9 tr\u00e8s vite. Valentine a voulu rester avec nous et elle n\u2019a pas \u00e9t\u00e9 de trop! \u00c7a a boost\u00e9 l\u2019adr\u00e9naline de tout le monde. Et \u00e7a renforce la coh\u00e9sion de groupe. \u00c7a restera un sacr\u00e9 souvenir!\u00a0\u00bb<\/p>\n<p>              <img ci-src=\"https:\/\/www.nicematin.com\/justice\/protec\/DATA_ART_15924338-FsST3Eyi.jpg?vh=ac12d8&amp;ci_seal=31e64574bf\" alt=\"\"\/><br \/>\n        Marine, Dimitri et Valentine ont tenu \u00e0 diffuser ce selfie pris peu apr\u00e8s l\u2019interpellation, avec les bouteilles sur lesquelles ils veillaient. <strong>Photo DR.<\/strong> <\/p>\n","protected":false},"excerpt":{"rendered":"M\u00eame sans le son, la sc\u00e8ne est \u00e9loquente. On voit un homme \u00e2g\u00e9 d\u2019une trentaine d\u2019ann\u00e9es, en short,&hellip;\n","protected":false},"author":2,"featured_media":254713,"comment_status":"","ping_status":"","sticky":false,"template":"","format":"standard","meta":{"footnotes":""},"categories":[2819],"tags":[1111,11,1777,674,118,1011,27,303,12,2401,882,25,240],"class_list":{"0":"post-254712","1":"post","2":"type-post","3":"status-publish","4":"format-standard","5":"has-post-thumbnail","7":"category-nice","8":"tag-actu","9":"tag-actualites","10":"tag-eu","11":"tag-europe","12":"tag-faits-divers","13":"tag-fr","14":"tag-france","15":"tag-justice","16":"tag-news","17":"tag-nice","18":"tag-provence-alpes-cote-dazur","19":"tag-republique-francaise","20":"tag-temoignage"},"share_on_mastodon":{"url":"https:\/\/pubeurope.com\/@fr\/114870394738490407","error":""},"_links":{"self":[{"href":"https:\/\/www.europesays.com\/fr\/wp-json\/wp\/v2\/posts\/254712","targetHints":{"allow":["GET"]}}],"collection":[{"href":"https:\/\/www.europesays.com\/fr\/wp-json\/wp\/v2\/posts"}],"about":[{"href":"https:\/\/www.europesays.com\/fr\/wp-json\/wp\/v2\/types\/post"}],"author":[{"embeddable":true,"href":"https:\/\/www.europesays.com\/fr\/wp-json\/wp\/v2\/users\/2"}],"replies":[{"embeddable":true,"href":"https:\/\/www.europesays.com\/fr\/wp-json\/wp\/v2\/comments?post=254712"}],"version-history":[{"count":0,"href":"https:\/\/www.europesays.com\/fr\/wp-json\/wp\/v2\/posts\/254712\/revisions"}],"wp:featuredmedia":[{"embeddable":true,"href":"https:\/\/www.europesays.com\/fr\/wp-json\/wp\/v2\/media\/254713"}],"wp:attachment":[{"href":"https:\/\/www.europesays.com\/fr\/wp-json\/wp\/v2\/media?parent=254712"}],"wp:term":[{"taxonomy":"category","embeddable":true,"href":"https:\/\/www.europesays.com\/fr\/wp-json\/wp\/v2\/categories?post=254712"},{"taxonomy":"post_tag","embeddable":true,"href":"https:\/\/www.europesays.com\/fr\/wp-json\/wp\/v2\/tags?post=254712"}],"curies":[{"name":"wp","href":"https:\/\/api.w.org\/{rel}","templated":true}]}}