{"id":254716,"date":"2025-07-17T20:12:11","date_gmt":"2025-07-17T20:12:11","guid":{"rendered":"https:\/\/www.europesays.com\/fr\/254716\/"},"modified":"2025-07-17T20:12:11","modified_gmt":"2025-07-17T20:12:11","slug":"des-ombrieres-sur-le-parking-de-lesperance","status":"publish","type":"post","link":"https:\/\/www.europesays.com\/fr\/254716\/","title":{"rendered":"Des ombri\u00e8res sur le parking de l\u2019Esp\u00e9rance"},"content":{"rendered":"<p>A <a href=\"https:\/\/nantes.maville.com\/actu\/actudet_-ils-partagent-le-fauteuil-de-maire-on-se-demande-comment-on-ferait-si-on-etait-tout-seul-_8-6890987_actu.Htm?utm_source=troove&amp;utm_medium=site\" target=\"_blank\" rel=\"noopener\">Teill\u00e9<\/a>, le chantier d\u00e9marr\u00e9 d\u00e8s le 7\u00a0juillet 2025 va se d\u00e9rouler en plusieurs phases planifi\u00e9es jusqu\u2019\u00e0 la fin de l\u2019ann\u00e9e. Pour cette premi\u00e8re phase, les interventions sont celles essentiellement des employ\u00e9s communaux pour pr\u00e9parer et s\u00e9curiser le site. Vont suivre aussit\u00f4t les fondation.<\/p>\n<p>En 3e phase \u00e0 partir du 21\u00a0juillet il s\u2019agira de la partie VRD (Voirie R\u00e9seaux Divers), puis \u00e0 partir du 20\u00a0octobre, commencera le montage de la structure\u00a0: un chantier qui ira jusqu\u2019\u00e0 No\u00ebl. Il faudra attendre les premiers jours de janvier\u00a02026 pour l\u2019installation de l\u2019\u00e9lectricit\u00e9 et les goutti\u00e8res. L\u2019ensemble de ces phases verra se succ\u00e9der diverses entreprises\u00a0: Donada, Raulet TP, AD Solaire, SOCOTEC, ATAE\u2026\u00a0C\u2019est un beau projet structurant pour la commune qui permettra de produire de<a href=\"https:\/\/nantes.maville.com\/actu\/actudet_-energies-renouvelables-le-moratoire-tant-decrie-n-est-plus-d-actualite-_8-6892839_actu.Htm?utm_source=troove&amp;utm_medium=site\" target=\"_blank\" rel=\"noopener\"> l\u2019\u00e9nergie renouvelable <\/a>tout en prot\u00e9geant les v\u00e9hicules sur le parking tr\u00e8s utile aux parents de l\u2019\u00e9cole Saint-Pierre mais aussi aux usagers de la mairie toute proche\u00a0, d\u00e9clarent Arnaud Pageaud et J\u00e9r\u00f4me Squ\u00e9lard, les \u00e9diles de la commune.<\/p>\n<p>\u00a0<\/p>\n","protected":false},"excerpt":{"rendered":"A Teill\u00e9, le chantier d\u00e9marr\u00e9 d\u00e8s le 7\u00a0juillet 2025 va se d\u00e9rouler en plusieurs phases planifi\u00e9es jusqu\u2019\u00e0 la&hellip;\n","protected":false},"author":2,"featured_media":254717,"comment_status":"","ping_status":"","sticky":false,"template":"","format":"standard","meta":{"footnotes":""},"categories":[2818],"tags":[1111,11,28722,1777,674,1011,27,766,12,16098,16025,2636,25],"class_list":{"0":"post-254716","1":"post","2":"type-post","3":"status-publish","4":"format-standard","5":"has-post-thumbnail","7":"category-nantes","8":"tag-actu","9":"tag-actualites","10":"tag-esperance","11":"tag-eu","12":"tag-europe","13":"tag-fr","14":"tag-france","15":"tag-nantes","16":"tag-news","17":"tag-ombrieres","18":"tag-parking","19":"tag-pays-de-la-loire","20":"tag-republique-francaise"},"share_on_mastodon":{"url":"https:\/\/pubeurope.com\/@fr\/114870402656152600","error":""},"_links":{"self":[{"href":"https:\/\/www.europesays.com\/fr\/wp-json\/wp\/v2\/posts\/254716","targetHints":{"allow":["GET"]}}],"collection":[{"href":"https:\/\/www.europesays.com\/fr\/wp-json\/wp\/v2\/posts"}],"about":[{"href":"https:\/\/www.europesays.com\/fr\/wp-json\/wp\/v2\/types\/post"}],"author":[{"embeddable":true,"href":"https:\/\/www.europesays.com\/fr\/wp-json\/wp\/v2\/users\/2"}],"replies":[{"embeddable":true,"href":"https:\/\/www.europesays.com\/fr\/wp-json\/wp\/v2\/comments?post=254716"}],"version-history":[{"count":0,"href":"https:\/\/www.europesays.com\/fr\/wp-json\/wp\/v2\/posts\/254716\/revisions"}],"wp:featuredmedia":[{"embeddable":true,"href":"https:\/\/www.europesays.com\/fr\/wp-json\/wp\/v2\/media\/254717"}],"wp:attachment":[{"href":"https:\/\/www.europesays.com\/fr\/wp-json\/wp\/v2\/media?parent=254716"}],"wp:term":[{"taxonomy":"category","embeddable":true,"href":"https:\/\/www.europesays.com\/fr\/wp-json\/wp\/v2\/categories?post=254716"},{"taxonomy":"post_tag","embeddable":true,"href":"https:\/\/www.europesays.com\/fr\/wp-json\/wp\/v2\/tags?post=254716"}],"curies":[{"name":"wp","href":"https:\/\/api.w.org\/{rel}","templated":true}]}}