{"id":254729,"date":"2025-07-17T20:19:25","date_gmt":"2025-07-17T20:19:25","guid":{"rendered":"https:\/\/www.europesays.com\/fr\/254729\/"},"modified":"2025-07-17T20:19:25","modified_gmt":"2025-07-17T20:19:25","slug":"ce-lieu-ultra-branche-a-lille-organise-une-grosse-soiree-annees-90-2000","status":"publish","type":"post","link":"https:\/\/www.europesays.com\/fr\/254729\/","title":{"rendered":"Ce lieu ultra-branch\u00e9 \u00e0 Lille organise une grosse soir\u00e9e ann\u00e9es 90-2000\u00a0!"},"content":{"rendered":"<p>            Par<br \/>\n        <strong><br \/>\n            <a href=\"https:\/\/actu.fr\/auteur\/hervine-mahaud\" title=\"Consulter tous les articles de Hervine Mahaud\" target=\"_blank\" rel=\"noopener\">Hervine Mahaud<\/a><br \/>\n        <\/strong><\/p>\n<p>        Publi\u00e9 le<\/p>\n<p>            17 juil. 2025 \u00e0 17h50        <\/p>\n<p>Envie de faire un bond dans le pass\u00e9\u2009? <b>Le Mama Shelter de Lille<\/b> sort la DeLorean et vous propulse directement dans l\u2019ambiance survolt\u00e9e des <b>ann\u00e9es 90 et 2000<\/b> avec une soir\u00e9e sp\u00e9ciale <b data-end=\"457\">Back to the Future<\/b>, pr\u00e9vue le <b data-end=\"497\">vendredi 25\u00a0juillet 2025<\/b>, de <b data-end=\"519\">21\u2009h\u200930 \u00e0 00\u2009h\u200930<\/b>.<\/p>\n<p>Ressortez vos looks des ann\u00e9es 90 et 2000\u2009!<\/p>\n<p data-end=\"832\" class=\" wall-content\">On conna\u00eet le Mama Shelter pour ses brunchs gargantuesques le dimanche,<\/p>\n<p data-end=\"832\" class=\" wall-content\"><b>Ambiance r\u00e9tro garantie<\/b> dans l\u2019un des spots les plus branch\u00e9s de la capitale des Flandres\u2009: <b data-end=\"627\">DJ Maleek<\/b> enverra du lourd aux platines pour r\u00e9veiller les ic\u00f4nes du dancefloor qui sommeillent en chacun de nous. Au programme\u2009: sons R\u2019n\u2019B, hip-hop, pop et tubes embl\u00e9matiques qui ont marqu\u00e9 toute une g\u00e9n\u00e9ration.<\/p>\n<p data-end=\"832\" class=\" wall-content\">Si vous avez envie de vous replonger dans l\u2019ambiance, petit rappel du dress code de ces ann\u00e9es-l\u00e0\u2009: baggy XXL, crop tops, lunettes teint\u00e9es, cha\u00eenes bling-bling ou total look Matrix. Que vous soyez team Britney, Usher ou Keanu Reeves, <b data-end=\"1022\">l\u2019important c\u2019est le style<\/b>.<\/p>\n<p data-end=\"1187\" class=\" wall-content\">Ajoutez \u00e0 cela des <b data-end=\"1066\">cocktails vintage<\/b>, de la nostalgie et une ambiance joyeuse\u2009: la recette parfaite pour une soir\u00e9e estivale survolt\u00e9e.<\/p>\n<p>Vid\u00e9os : en ce moment sur ActuInfos pratiques\u2009: Mama Shelter Lille, 97 place Saint-Hubert. Soir\u00e9e Back to the Future, vendredi 25\u00a0juillet 2025, de 21\u2009h\u200930 \u00e0 00\u2009h\u200930. R\u00e9servation conseill\u00e9e au 03\u200959\u200982\u200972\u200972. Agenda des \u00e9v\u00e9nements <a href=\"https:\/\/fr.mamashelter.com\/lille\/agenda\/\" target=\"_blank\" rel=\"noopener\">\u00e0 retrouver ici<\/a>.<\/p>\n<p class=\" wall-content\">Suivez toute l\u2019actualit\u00e9 de vos villes et m\u00e9dias favoris en vous inscrivant \u00e0 <a href=\"https:\/\/moncompte.actu.fr\" title=\"D\u00e9couvez Mon Actu\" rel=\"nofollow noopener\" data-trk=\"{&quot;cta&quot;:{&quot;action&quot;:&quot;https:\\\/\\\/moncompte.actu.fr&quot;,&quot;category&quot;:&quot;mon compte&quot;,&quot;from&quot;:&quot;article footer&quot;,&quot;name&quot;:&quot;Mon actu&quot;,&quot;type&quot;:&quot;cta&quot;}}\" target=\"_blank\">Mon Actu<\/a>.<\/p>\n","protected":false},"excerpt":{"rendered":"Par Hervine Mahaud Publi\u00e9 le 17 juil. 2025 \u00e0 17h50 Envie de faire un bond dans le pass\u00e9\u2009?&hellip;\n","protected":false},"author":2,"featured_media":254730,"comment_status":"","ping_status":"","sticky":false,"template":"","format":"standard","meta":{"footnotes":""},"categories":[2815],"tags":[1111,11,6557,1777,674,1011,27,811,1307,1652,12,25],"class_list":{"0":"post-254729","1":"post","2":"type-post","3":"status-publish","4":"format-standard","5":"has-post-thumbnail","7":"category-lille","8":"tag-actu","9":"tag-actualites","10":"tag-bon-plan-a-lille","11":"tag-eu","12":"tag-europe","13":"tag-fr","14":"tag-france","15":"tag-hauts-de-france","16":"tag-lille","17":"tag-loisirs-culture","18":"tag-news","19":"tag-republique-francaise"},"share_on_mastodon":{"url":"https:\/\/pubeurope.com\/@fr\/114870430129604150","error":""},"_links":{"self":[{"href":"https:\/\/www.europesays.com\/fr\/wp-json\/wp\/v2\/posts\/254729","targetHints":{"allow":["GET"]}}],"collection":[{"href":"https:\/\/www.europesays.com\/fr\/wp-json\/wp\/v2\/posts"}],"about":[{"href":"https:\/\/www.europesays.com\/fr\/wp-json\/wp\/v2\/types\/post"}],"author":[{"embeddable":true,"href":"https:\/\/www.europesays.com\/fr\/wp-json\/wp\/v2\/users\/2"}],"replies":[{"embeddable":true,"href":"https:\/\/www.europesays.com\/fr\/wp-json\/wp\/v2\/comments?post=254729"}],"version-history":[{"count":0,"href":"https:\/\/www.europesays.com\/fr\/wp-json\/wp\/v2\/posts\/254729\/revisions"}],"wp:featuredmedia":[{"embeddable":true,"href":"https:\/\/www.europesays.com\/fr\/wp-json\/wp\/v2\/media\/254730"}],"wp:attachment":[{"href":"https:\/\/www.europesays.com\/fr\/wp-json\/wp\/v2\/media?parent=254729"}],"wp:term":[{"taxonomy":"category","embeddable":true,"href":"https:\/\/www.europesays.com\/fr\/wp-json\/wp\/v2\/categories?post=254729"},{"taxonomy":"post_tag","embeddable":true,"href":"https:\/\/www.europesays.com\/fr\/wp-json\/wp\/v2\/tags?post=254729"}],"curies":[{"name":"wp","href":"https:\/\/api.w.org\/{rel}","templated":true}]}}