{"id":254734,"date":"2025-07-17T20:22:14","date_gmt":"2025-07-17T20:22:14","guid":{"rendered":"https:\/\/www.europesays.com\/fr\/254734\/"},"modified":"2025-07-17T20:22:14","modified_gmt":"2025-07-17T20:22:14","slug":"ztl-a-lyon-des-bouchons-monstres-agacent-les-automobilistes-a-bellecour-cest-lanarchie","status":"publish","type":"post","link":"https:\/\/www.europesays.com\/fr\/254734\/","title":{"rendered":"ZTL \u00e0 Lyon. Des bouchons monstres agacent les automobilistes \u00e0 Bellecour : \u00ab\u00a0C&rsquo;est l&rsquo;anarchie\u00a0\u00bb"},"content":{"rendered":"<p>            Par<br \/>\n        <strong><br \/>\n            <a href=\"https:\/\/actu.fr\/auteur\/julien-sournies\" title=\"Consulter tous les articles de Julien Sournies\" target=\"_blank\" rel=\"noopener\">Julien Sournies<\/a><br \/>\n        <\/strong><\/p>\n<p>        Publi\u00e9 le<\/p>\n<p>            17 juil. 2025 \u00e0 18h24        <\/p>\n<p>Elle agace certains <a href=\"https:\/\/actu.fr\/auvergne-rhone-alpes\/lyon_69123\/ztl-a-lyon-commercants-habitants-et-usagers-des-tcl-agaces-on-ne-tiendra-pas_62869137.html\" target=\"_blank\" rel=\"noopener\">commer\u00e7ants, riverains, usagers des TCL<\/a>, mais \u00e9galement les automobilistes du centre-ville de <a href=\"https:\/\/actu.fr\/auvergne-rhone-alpes\/lyon_69123\" target=\"_blank\" rel=\"noopener\">Lyon<\/a>, et plus particuli\u00e8rement ceux osant s\u2019aventurer sur la <strong>place Bellecour<\/strong> (2e). Depuis l\u2019entr\u00e9e en vigueur de la <a href=\"https:\/\/actu.fr\/auvergne-rhone-alpes\/lyon_69123\/lyon-la-ztl-entre-officiellement-en-vigueur-en-presqu-ile-voici-tout-ce-qu-il-faut-savoir_62802052.html\" target=\"_blank\" rel=\"noopener\">Zone \u00e0 trafic limit\u00e9 (ZTL) le 21\u00a0juin dernier en Presqu\u2019\u00eele<\/a>, nombre de conducteurs d\u00e9noncent un trafic devenu \u00ab\u2009encore plus perturb\u00e9\u2009\u00bb.<br \/>Entre klaxons \u00e0 r\u00e9p\u00e9tition, automobilistes indisciplin\u00e9s et augmentation de la fr\u00e9quence des bus, laquelle est notamment due \u00e0 l\u2019arriv\u00e9e d\u2019un nouveau p\u00f4le-bus \u00e0 Bellecour, la circulation aux abords de la plus grande place lyonnaise g\u00e9n\u00e8re des <strong>tensions<\/strong>.<\/p>\n<blockquote class=\"tiktok-embed\" cite=\"https:\/\/www.tiktok.com\/@actulyon\/video\/7528089578977332482\" data-video-id=\"7528089578977332482\" data-embed-from=\"oembed\" style=\"max-width:605px; min-width:325px;\"><p>\n<a target=\"_blank\" title=\"@actulyon\" href=\"https:\/\/www.tiktok.com\/@actulyon?refer=embed\" rel=\"noopener\">@actulyon<\/a> <\/p>\n<p>Sur la place Bellecour de Lyon, les v\u00e9hicules circulent encore plus au ralenti depuis plusieurs semaines \ud83d\ude97 En cons\u00e9quence, les automobilistes s\u2019agacent et font parfois preuve d\u2019incivilit\u00e9s. Pour certains, la ZTL n\u2019y est pas \u00e9trang\u00e8re <a title=\"fyp\" target=\"_blank\" href=\"https:\/\/www.tiktok.com\/tag\/fyp?refer=embed\" rel=\"noopener\">#fyp<\/a> <a title=\"actu\" target=\"_blank\" href=\"https:\/\/www.tiktok.com\/tag\/actu?refer=embed\" rel=\"noopener\">#actu<\/a> <a title=\"lyon\" target=\"_blank\" href=\"https:\/\/www.tiktok.com\/tag\/lyon?refer=embed\" rel=\"noopener\">#lyon<\/a> <a title=\"bellecour\" target=\"_blank\" href=\"https:\/\/www.tiktok.com\/tag\/bellecour?refer=embed\" rel=\"noopener\">#bellecour<\/a> <\/p>\n<p> <a target=\"_blank\" title=\"\u266c Shadow - VEL94EV\" href=\"https:\/\/www.tiktok.com\/music\/Shadow-7245145574781208577?refer=embed\" rel=\"noopener\">\u266c Shadow \u2013 VEL94EV<\/a> <\/p>\n<\/blockquote>\n<p>Une circulation au ralenti<\/p>\n<p class=\" wall-content\">Alors qu\u2019elle rentre chez elle \u00e0 la pause m\u00e9ridienne, St\u00e9phanie, au volant de sa Nissan Juke grise, montre des signes d\u2019impatience. Selon elle, la travers\u00e9e entre le <a href=\"https:\/\/actu.fr\/auvergne-rhone-alpes\/rhone_69\" target=\"_blank\" rel=\"noopener\">Rh\u00f4ne<\/a> et la Sa\u00f4ne est \u00e0 pr\u00e9sent devenue un p\u00e9riple, et ce, m\u00eame en dehors des heures de pointe.<\/p>\n<p class=\" wall-content\">\u00ab\u2009C\u2019est vraiment long. Depuis quelques jours, j\u2019ai l\u2019impression que \u00e7a va un peu mieux. On dirait que les gens ont un peu d\u00e9sert\u00e9 la ville. Mais bon, \u00e7a me prend quand m\u00eame \u00e0 peu pr\u00e8s<strong> 20\u00a0minutes<\/strong>\u2009\u00bb, t\u00e9moigne-t-elle.<\/p>\n<p class=\" wall-content\">M\u00eame si la travers\u00e9e a toujours \u00e9t\u00e9 compliqu\u00e9e sur cet axe, Nathalie a remarqu\u00e9 une v\u00e9ritable <strong>d\u00e9gradation<\/strong> des conditions de circulation ces derni\u00e8res semaines. \u00ab\u2009On voit de plus en plus de bus sortant du c\u00f4t\u00e9 ouest de la place, puisqu\u2019ils ne peuvent plus passer dans les rues et \u00e7a perturbe tout le monde, m\u00eame si ce n\u2019est pas leur faute\u2009\u00bb, glisse-t-elle avant de reprendre sa route.<\/p>\n<p>    <img   decoding=\"async\" loading=\"lazy\" src=\"https:\/\/www.europesays.com\/fr\/wp-content\/uploads\/2025\/07\/bellecour-circulation-voiture-960x640.jpeg\" alt=\"sbgs\" width=\"960\" height=\"640\"\/><br \/>\n    Certains automobilistes prennent plusieurs dizaines de minutes pour faire la jonction entre Rh\u00f4ne et Sa\u00f4ne via la place Bellecour. (\u00a9Julien Sournies \/ actu Lyon)<\/p>\n<p class=\" wall-content\">Et sur place, le constat est visible. Tandis que plusieurs chauffeurs de bus tentent de se frayer un chemin au sortir de la voie qui leur est r\u00e9serv\u00e9e, de nombreux automobilistes, visiblement exasp\u00e9r\u00e9s par l\u2019attente, ne l\u2019entendent pas de cette oreille. R\u00e9sultat\u2009: le feu tricolore redevient rouge et des <strong>embouteillages<\/strong> encore plus importants se forment, augmentant ainsi la col\u00e8re des deux partis.<\/p>\n<p>\u00ab\u2009Ils nous coupent la route alors qu\u2019on est au vert\u2009\u00bb<\/p>\n<p class=\" wall-content\">Outre une entente parfois peu cordiale entre les conducteurs de car et de voitures, l\u2019attitude de certains <strong>pi\u00e9tons<\/strong> est par ailleurs point\u00e9e du doigt. \u00ab\u2009Si vous saviez le nombre de personnes qui traversent au rouge, c\u2019est insupportable. \u00c7a fait freiner tout le monde, du coup, on klaxonne par \u00e9nervement. C\u2019est l\u2019anarchie\u2009\u00bb, d\u00e9plore Rachid, \u00e0 bord de son fourgon.<\/p>\n<p class=\" wall-content\">Ce dernier regrette \u00e9galement des <strong>cyclistes<\/strong> \u00ab\u2009dangereux\u2009\u00bb, en particulier ceux rejoignant Bellecour depuis la rue \u00c9mile-Zola. \u00ab\u2009Ils nous coupent la route alors qu\u2019on est au vert\u2009\u00bb, ajoute Rachid.<\/p>\n<p>    <img   decoding=\"async\" loading=\"lazy\" src=\"https:\/\/www.europesays.com\/fr\/wp-content\/uploads\/2025\/07\/bellecour-lyon-voitures-960x640.jpeg\" alt=\"Des tensions sont palpables entre les automobilistes sur la place Bellecour.\" width=\"960\" height=\"640\"\/><br \/>\n    Des tensions sont palpables entre les automobilistes sur la place Bellecour. (\u00a9Julien Sournies \/ actu Lyon)<\/p>\n<p class=\" wall-content\">Les voitures circulant sur la voie de bus sont, elles aussi, sous le feu des critiques. En effet, pour se faciliter l\u2019acc\u00e8s \u00e0 la rue Gasparin, laquelle fait office de d\u00e9viation en attendant la fin du chantier sur la rue \u00c9douard-Herriot pr\u00e9vu le<strong> 26\u00a0septembre<\/strong> prochain, certains automobilistes n\u2019h\u00e9sitent pas \u00e0 l\u2019emprunter.<\/p>\n<blockquote class=\"ac-article-quote wall-content\">\n<p>Eux, ce sont vraiment les pires. Ils g\u00eanent les personnes sur la bonne voie, qui, elles aussi, veulent tourner. Sans parler des bus&#8230;<\/p>\n<p>    <strong>Rachid<\/strong><br \/>\n        Automobiliste sur la place Bellecour    <\/p><\/blockquote>\n<p>\u00ab\u2009C\u2019est vraiment le bazar\u2009\u00bb<\/p>\n<p class=\" wall-content\">Mais la principale source de frustration demeure autour des feux tricolores. Si certains jugent, entre autres, le temps de passage au vert \u00ab\u2009trop court\u2009\u00bb, les v\u00e9hicules souhaitant rallier le quai Tilsitt se frottent parfois \u00e0 une horde de pi\u00e9tons, dont le feu passe au vert simultan\u00e9ment.<\/p>\n<p class=\" wall-content\">En cons\u00e9quence, derri\u00e8re, les voitures d\u00e9sireuses de rejoindre le pont Bonaparte en face sont contraintes de prendre leur mal en patience, <strong>frustrant<\/strong> ainsi encore un peu plus les automobilistes suivants.<\/p>\n<p class=\" wall-content\">\u00ab\u2009C\u2019est vraiment le bazar. M\u00eame si pas grand monde ne va vers le pont, \u00e7a bloque tout derri\u00e8re\u2009\u00bb, confirme de son c\u00f4t\u00e9 Jonathan, dans l\u2019habitacle de sa Renault Clio 4, lequel esp\u00e8re que la situation s\u2019apaise car \u00ab\u2009en fin de journ\u00e9e, c\u2019est l\u2019enfer\u2009\u00bb.<\/p>\n<p class=\" wall-content\">Contact\u00e9e \u00e0 ce sujet, la M\u00e9tropole de Lyon n\u2019a pas encore r\u00e9pondu \u00e0 nos sollicitations.<\/p>\n<p class=\" wall-content\">Suivez toute l\u2019actualit\u00e9 de vos villes et m\u00e9dias favoris en vous inscrivant \u00e0 <a href=\"https:\/\/moncompte.actu.fr\" title=\"D\u00e9couvez Mon Actu\" rel=\"nofollow noopener\" data-trk=\"{&quot;cta&quot;:{&quot;action&quot;:&quot;https:\\\/\\\/moncompte.actu.fr&quot;,&quot;category&quot;:&quot;mon compte&quot;,&quot;from&quot;:&quot;article footer&quot;,&quot;name&quot;:&quot;Mon actu&quot;,&quot;type&quot;:&quot;cta&quot;}}\" target=\"_blank\">Mon Actu<\/a>.<\/p>\n<p>                    <script async src=\"\/\/www.tiktok.com\/embed.js\"><\/script><\/p>\n","protected":false},"excerpt":{"rendered":"Par Julien Sournies Publi\u00e9 le 17 juil. 2025 \u00e0 18h24 Elle agace certains commer\u00e7ants, riverains, usagers des TCL,&hellip;\n","protected":false},"author":2,"featured_media":254735,"comment_status":"","ping_status":"","sticky":false,"template":"","format":"standard","meta":{"footnotes":""},"categories":[1889],"tags":[1111,11,2430,5272,3542,1777,674,1011,27,2428,12,25,104],"class_list":{"0":"post-254734","1":"post","2":"type-post","3":"status-publish","4":"format-standard","5":"has-post-thumbnail","7":"category-lyon","8":"tag-actu","9":"tag-actualites","10":"tag-auvergne-rhone-alpes","11":"tag-bellecour","12":"tag-circulation","13":"tag-eu","14":"tag-europe","15":"tag-fr","16":"tag-france","17":"tag-lyon","18":"tag-news","19":"tag-republique-francaise","20":"tag-societe"},"share_on_mastodon":{"url":"https:\/\/pubeurope.com\/@fr\/114870442083284094","error":""},"_links":{"self":[{"href":"https:\/\/www.europesays.com\/fr\/wp-json\/wp\/v2\/posts\/254734","targetHints":{"allow":["GET"]}}],"collection":[{"href":"https:\/\/www.europesays.com\/fr\/wp-json\/wp\/v2\/posts"}],"about":[{"href":"https:\/\/www.europesays.com\/fr\/wp-json\/wp\/v2\/types\/post"}],"author":[{"embeddable":true,"href":"https:\/\/www.europesays.com\/fr\/wp-json\/wp\/v2\/users\/2"}],"replies":[{"embeddable":true,"href":"https:\/\/www.europesays.com\/fr\/wp-json\/wp\/v2\/comments?post=254734"}],"version-history":[{"count":0,"href":"https:\/\/www.europesays.com\/fr\/wp-json\/wp\/v2\/posts\/254734\/revisions"}],"wp:featuredmedia":[{"embeddable":true,"href":"https:\/\/www.europesays.com\/fr\/wp-json\/wp\/v2\/media\/254735"}],"wp:attachment":[{"href":"https:\/\/www.europesays.com\/fr\/wp-json\/wp\/v2\/media?parent=254734"}],"wp:term":[{"taxonomy":"category","embeddable":true,"href":"https:\/\/www.europesays.com\/fr\/wp-json\/wp\/v2\/categories?post=254734"},{"taxonomy":"post_tag","embeddable":true,"href":"https:\/\/www.europesays.com\/fr\/wp-json\/wp\/v2\/tags?post=254734"}],"curies":[{"name":"wp","href":"https:\/\/api.w.org\/{rel}","templated":true}]}}