{"id":254748,"date":"2025-07-17T20:30:11","date_gmt":"2025-07-17T20:30:11","guid":{"rendered":"https:\/\/www.europesays.com\/fr\/254748\/"},"modified":"2025-07-17T20:30:11","modified_gmt":"2025-07-17T20:30:11","slug":"lancien-president-russe-dmitri-medvedev-suggere-de-lancer-des-frappes-preventives-contre-loccident-2","status":"publish","type":"post","link":"https:\/\/www.europesays.com\/fr\/254748\/","title":{"rendered":"l&rsquo;ancien pr\u00e9sident russe Dmitri Medvedev sugg\u00e8re de \u00ablancer des frappes pr\u00e9ventives\u00bb contre l&rsquo;Occident"},"content":{"rendered":"<p class=\"intro \">Alors que Donald Trump a impos\u00e9 \u00e0 Vladimir Poutine un ultimatum de 50 jours pour arr\u00eater la guerre en Ukraine, l&rsquo;ancien pr\u00e9sident russe Dmitri Medvedev hausse le ton et sugg\u00e8re de \u00ab\u00a0lancer des frappes pr\u00e9ventives\u00a0\u00bb contre l&rsquo;Occident, qu&rsquo;il accuse de mener une guerre \u00e0 grande \u00e9chelle contre la Russie.<\/p>\n<p>\u00a0L&rsquo;ancien pr\u00e9sident russe Dmitri Medvedev serait-il plus radical que Vladimir Poutine concernant la guerre en Ukraine ? C&rsquo;est ce que ses derni\u00e8res d\u00e9clarations laissent \u00e0 penser, apr\u00e8s avoir sugg\u00e9r\u00e9 de frapper \u00ab\u00a0pr\u00e9ventivement\u00a0\u00bb l&rsquo;Occident, qu&rsquo;il accuse de mener une guerre contre la Russie.<\/p>\n<p>    La suite apr\u00e8s cette publicit\u00e9<\/p>\n<p>    La suite apr\u00e8s cette publicit\u00e9<\/p>\n<p><strong>\u00ab\u00a0<\/strong>\u00c7a fait partie de la guerre de la communication\u00a0\u00bb<\/p>\n<p>De son c\u00f4t\u00e9, la Russie revendique la prise de nouveaux villages dans trois r\u00e9gions ukrainiennes : Donetsk, Zaporijia, Kharkiv, les Russes poursuivent leur avanc\u00e9e sur le front malgr\u00e9 l&rsquo;ultimatum de <a href=\"https:\/\/www.europe1.fr\/dossiers\/donald-trump\" target=\"_blank\" rel=\"noopener\">Donald Trump<\/a>.<\/p>\n<p>Le pr\u00e9sident am\u00e9ricain a donn\u00e9 50 jours \u00e0 Moscou pour arr\u00eater la guerre. Pendant ce temps, l&rsquo;ancien pr\u00e9sident russe, Dmitri Medvedev, estime qu&rsquo;il faut \u00ab\u00a0lancer des frappes pr\u00e9ventives contre l&rsquo;Occident\u00a0\u00bb.<\/p>\n<p>    La suite apr\u00e8s cette publicit\u00e9<\/p>\n<p>    La suite apr\u00e8s cette publicit\u00e9<\/p>\n<p>Celui qui est aujourd&rsquo;hui <a href=\"https:\/\/www.europe1.fr\/international\/russie-dmitri-medvedev-nomme-premier-ministre-par-les-deputes-3646790\" target=\"_blank\" rel=\"noopener\">vice-pr\u00e9sident du Conseil de s\u00e9curit\u00e9 de la Russie<\/a> estime que Moscou doit r\u00e9agir pleinement face \u00e0 ce conflit que m\u00e8nent selon lui les Occidentaux contre la Russie, voire si n\u00e9cessaire de lancer des frappes pr\u00e9ventives. La menace est claire, mais il faut d&rsquo;abord y voir un avertissement, selon le grand reporter et directeur de la r\u00e9daction d&rsquo;Omerta, R\u00e9gis Le Sommier.<\/p>\n<p>\u00ab\u00a0\u00c7a fait partie de la guerre de la communication, \u00e7a contribue \u00e0 acc\u00e9l\u00e9rer une tension, \u00e0 montrer que <a href=\"https:\/\/www.europe1.fr\/dossiers\/russie\" target=\"_blank\" rel=\"noopener\">la Russie<\/a> vis-\u00e0-vis de ses amis ne se laisse pas faire\u00a0\u00bb, pr\u00e9cise le reporter, \u00e0 l&rsquo;heure o\u00f9 \u00ab\u00a0la position de Trump s&rsquo;est largement durcie\u00a0\u00bb avec l&rsquo;ultimatum.\u00a0<\/p>\n<p>    La suite apr\u00e8s cette publicit\u00e9<\/p>\n<p>    La suite apr\u00e8s cette publicit\u00e9<\/p>\n<p>Ultimatum tr\u00e8s mal per\u00e7u par Dmitri Medvedev, dont les propos et menaces font partie de la communication du Kremlin. \u00ab\u00a0Je pense que tout \u00e7a est parfaitement coordonn\u00e9 autour de Vladimir Poutine. Il n&rsquo;y a pas de place \u00e0 l&rsquo;improvisation dans ce genre de propos. Medvedev est connu pour attiser un petit peu les choses quand les choses sont d\u00e9j\u00e0 extr\u00eamement tendues\u00a0\u00bb, t\u00e9moigne R\u00e9gis Le Sommier.<\/p>\n<p>Toujours tr\u00e8s proche de Vladimir Poutine, certains qualifient Dmitri Medvedev de plus radical que le pr\u00e9sident russe. En mai dernier, il brandissait la menace d&rsquo;une troisi\u00e8me guerre mondiale et en 2023, il \u00e9voquait une possible utilisation de l&rsquo;arme nucl\u00e9aire contre l&rsquo;Ukraine.<\/p>\n","protected":false},"excerpt":{"rendered":"Alors que Donald Trump a impos\u00e9 \u00e0 Vladimir Poutine un ultimatum de 50 jours pour arr\u00eater la guerre&hellip;\n","protected":false},"author":2,"featured_media":254749,"comment_status":"","ping_status":"","sticky":false,"template":"","format":"standard","meta":{"footnotes":""},"categories":[1591],"tags":[11,1887,12,1885,1886,132],"class_list":{"0":"post-254748","1":"post","2":"type-post","3":"status-publish","4":"format-standard","5":"has-post-thumbnail","7":"category-russie","8":"tag-actualites","9":"tag-federation-de-russie","10":"tag-news","11":"tag-russia","12":"tag-russian-federation","13":"tag-russie"},"share_on_mastodon":{"url":"https:\/\/pubeurope.com\/@fr\/114870473413344350","error":""},"_links":{"self":[{"href":"https:\/\/www.europesays.com\/fr\/wp-json\/wp\/v2\/posts\/254748","targetHints":{"allow":["GET"]}}],"collection":[{"href":"https:\/\/www.europesays.com\/fr\/wp-json\/wp\/v2\/posts"}],"about":[{"href":"https:\/\/www.europesays.com\/fr\/wp-json\/wp\/v2\/types\/post"}],"author":[{"embeddable":true,"href":"https:\/\/www.europesays.com\/fr\/wp-json\/wp\/v2\/users\/2"}],"replies":[{"embeddable":true,"href":"https:\/\/www.europesays.com\/fr\/wp-json\/wp\/v2\/comments?post=254748"}],"version-history":[{"count":0,"href":"https:\/\/www.europesays.com\/fr\/wp-json\/wp\/v2\/posts\/254748\/revisions"}],"wp:featuredmedia":[{"embeddable":true,"href":"https:\/\/www.europesays.com\/fr\/wp-json\/wp\/v2\/media\/254749"}],"wp:attachment":[{"href":"https:\/\/www.europesays.com\/fr\/wp-json\/wp\/v2\/media?parent=254748"}],"wp:term":[{"taxonomy":"category","embeddable":true,"href":"https:\/\/www.europesays.com\/fr\/wp-json\/wp\/v2\/categories?post=254748"},{"taxonomy":"post_tag","embeddable":true,"href":"https:\/\/www.europesays.com\/fr\/wp-json\/wp\/v2\/tags?post=254748"}],"curies":[{"name":"wp","href":"https:\/\/api.w.org\/{rel}","templated":true}]}}