{"id":254756,"date":"2025-07-17T20:34:10","date_gmt":"2025-07-17T20:34:10","guid":{"rendered":"https:\/\/www.europesays.com\/fr\/254756\/"},"modified":"2025-07-17T20:34:10","modified_gmt":"2025-07-17T20:34:10","slug":"les-bleues-affirment-leurs-ambitions-avant-lallemagne","status":"publish","type":"post","link":"https:\/\/www.europesays.com\/fr\/254756\/","title":{"rendered":"Les Bleues affirment leurs ambitions avant l&rsquo;Allemagne"},"content":{"rendered":"<p class=\"date\">\n                                                            Thomas Siniecki, Media365 : publi\u00e9 le jeudi 17 juillet 2025 \u00e0 21h36\n                                                    <\/p>\n<p>Sandie Toletti et Sakina Karchaoui, deux tauli\u00e8res de l&rsquo;\u00e9quipe de France, \u00e9taient face aux journalistes jeudi.<\/p>\n<p>A force de vouloir absolument \u00e9vacuer la pression avant d&rsquo;affronter l&rsquo;Allemagne samedi soir, et on a bien compris le m\u00e9canisme psychologique, c&rsquo;\u00e9tait \u00e0 se demander si les Bleues pensaient quand m\u00eame \u00e0 se qualifier&#8230; On caricature, bien entendu, d&rsquo;autant que Sandie Toletti a remis tout le monde d&rsquo;\u00e9querre : \u00ab\u00a0On est comp\u00e9titrices, on a des ambitions. On savait que la poule allait \u00eatre difficile, mais on a su montrer match apr\u00e8s match que nous, c&rsquo;\u00e9tait la victoire. C&rsquo;est ce qu&rsquo;on s&rsquo;est dit depuis le d\u00e9but, chaque match ! L\u00e0 ce sera l&rsquo;Allemagne et on est focus, on veut la victoire. On sait que ce ne sera pas facile, c&rsquo;est un peu un classique, mais on a confiance en notre jeu et nos qualit\u00e9s. En tout cas, on va tout faire pour aller le plus loin possible.\u00a0\u00bb<\/p>\n<p>Karchaoui : \u00ab\u00a0La pression sera plus forte ensuite\u00a0\u00bb<\/p>\n<p>Sakina Karchaoui fait aussi partie des cadres, surtout avec des Bleues <a href=\"https:\/\/sports.orange.fr\/football\/football-feminin\/euro\/bleues\/article\/bleues-renard-n-a-toujours-pas-digere-sa-mise-a-l-ecart-CNT000002jqmgw.html\" rel=\"nofollow noopener\" target=\"_blank\">qui avancent d\u00e9sormais sans Wendie Renard, Eug\u00e9nie Le Sommer et Kenza Dali<\/a>. Alors, les France &#8211; Allemagne, \u00e7a la conna\u00eet \u00e9galement : \u00ab\u00a0C&rsquo;est une bonne pression, positive. On est habitu\u00e9es \u00e0 arriver en quarts, donc la pression sera plus forte ensuite.\u00a0\u00bb Mais comme ce serait l&rsquo;Espagne, \u00e0 moins d&rsquo;une sensation vendredi soir si l&rsquo;h\u00f4te suisse tombe la Roja, la situation ne s&rsquo;annoncerait pas non plus tout \u00e0 fait banale&#8230; \u00ab\u00a0On continue notre travail, notre chemin, on se donne \u00e0 fond aux entra\u00eenements et en match.\u00a0\u00bb<\/p>\n<p>Comme le pr\u00e9cise encore la joueuse du Paris Saint-Germain, l&rsquo;histoire dira la suite, <a href=\"https:\/\/sports.orange.fr\/football\/football-feminin\/euro\/bleues\/article\/bleues-bonadei-confiant-avant-d-affronter-l-allemagne-exclu-CNT000002jBYzb.html\" rel=\"nofollow noopener\" target=\"_blank\">avec dans l&rsquo;imm\u00e9diat cette Allemagne \u00e0 renverser<\/a> : \u00ab\u00a0On ne peut pas oublier notre historique, mais on a un nouveau groupe et il y en a peu qui ont jou\u00e9 ces matchs-l\u00e0&#8230;\u00a0\u00bb L&rsquo;avantage de l&rsquo;insouciance qui, effectivement, semble porter l&rsquo;\u00e9quipe de France de Laurent Bonadei dans ce d\u00e9but d&rsquo;Euro 2025. \u00ab\u00a0On est une nouvelle g\u00e9n\u00e9ration avec de nouvelles ambitions, on doit rester humbles mais garder quand m\u00eame l&rsquo;ambition d&rsquo;aller gagner.\u00a0\u00bb A vrai dire, on n&rsquo;en doutait pas.<\/p>\n","protected":false},"excerpt":{"rendered":"Thomas Siniecki, Media365 : publi\u00e9 le jeudi 17 juillet 2025 \u00e0 21h36 Sandie Toletti et Sakina Karchaoui, deux&hellip;\n","protected":false},"author":2,"featured_media":254757,"comment_status":"","ping_status":"","sticky":false,"template":"","format":"standard","meta":{"footnotes":""},"categories":[1587],"tags":[11,672,1804,1805,1803,1777,674,1801,12,1802],"class_list":{"0":"post-254756","1":"post","2":"type-post","3":"status-publish","4":"format-standard","5":"has-post-thumbnail","7":"category-allemagne","8":"tag-actualites","9":"tag-allemagne","10":"tag-bundesrepublik-deutschland","11":"tag-de","12":"tag-deutschland","13":"tag-eu","14":"tag-europe","15":"tag-germany","16":"tag-news","17":"tag-republique-federale-dallemagne"},"share_on_mastodon":{"url":"https:\/\/pubeurope.com\/@fr\/114870489204178868","error":""},"_links":{"self":[{"href":"https:\/\/www.europesays.com\/fr\/wp-json\/wp\/v2\/posts\/254756","targetHints":{"allow":["GET"]}}],"collection":[{"href":"https:\/\/www.europesays.com\/fr\/wp-json\/wp\/v2\/posts"}],"about":[{"href":"https:\/\/www.europesays.com\/fr\/wp-json\/wp\/v2\/types\/post"}],"author":[{"embeddable":true,"href":"https:\/\/www.europesays.com\/fr\/wp-json\/wp\/v2\/users\/2"}],"replies":[{"embeddable":true,"href":"https:\/\/www.europesays.com\/fr\/wp-json\/wp\/v2\/comments?post=254756"}],"version-history":[{"count":0,"href":"https:\/\/www.europesays.com\/fr\/wp-json\/wp\/v2\/posts\/254756\/revisions"}],"wp:featuredmedia":[{"embeddable":true,"href":"https:\/\/www.europesays.com\/fr\/wp-json\/wp\/v2\/media\/254757"}],"wp:attachment":[{"href":"https:\/\/www.europesays.com\/fr\/wp-json\/wp\/v2\/media?parent=254756"}],"wp:term":[{"taxonomy":"category","embeddable":true,"href":"https:\/\/www.europesays.com\/fr\/wp-json\/wp\/v2\/categories?post=254756"},{"taxonomy":"post_tag","embeddable":true,"href":"https:\/\/www.europesays.com\/fr\/wp-json\/wp\/v2\/tags?post=254756"}],"curies":[{"name":"wp","href":"https:\/\/api.w.org\/{rel}","templated":true}]}}