{"id":254759,"date":"2025-07-17T20:36:11","date_gmt":"2025-07-17T20:36:11","guid":{"rendered":"https:\/\/www.europesays.com\/fr\/254759\/"},"modified":"2025-07-17T20:36:11","modified_gmt":"2025-07-17T20:36:11","slug":"tour-de-france-vingegaard-et-les-visma-ont-eu-tout-faux","status":"publish","type":"post","link":"https:\/\/www.europesays.com\/fr\/254759\/","title":{"rendered":"Tour de France\u00a0: Vingegaard et les Visma ont eu tout faux"},"content":{"rendered":"<p class=\"paragraph text_align_left lp-f-body-02\">Une douche express, quelques gorg\u00e9es de jus de cerise acide &#8211; la nouvelle boisson \u00e0 la mode juste apr\u00e8s l\u2019effort \u2013 puis c\u2019est s\u00fbr, <a href=\"https:\/\/www.leparisien.fr\/sports\/cyclisme\/jonas-vingegaard\/\" target=\"_blank\" rel=\"noreferrer nofollow noopener\">Jonas Vingegaard<\/a> va redescendre du bus. Comme chaque jour de grosse chaleur et de dur labeur. Voil\u00e0 grosso modo ce que les journalistes cuisant sur le bitume d\u2019Argel\u00e8s-Gazost (Hautes-Pyr\u00e9n\u00e9es) se disent \u00e0 18h20. 18h55, toujours rien, dans le flot des coureurs de retour un sifflet \u00e0 la bouche des cimes pyr\u00e9n\u00e9ennes. Ah si, ce mot du responsable presse qui glisse que Jonas ne redescendra pas.<\/p>\n<p class=\"paragraph text_align_left lp-f-body-02\">Le <a href=\"https:\/\/www.leparisien.fr\/sports\/cyclisme\/tour-de-france\/\" target=\"_blank\" rel=\"noreferrer nofollow noopener\">Tour <\/a>semble pli\u00e9, on le savait d\u00e9j\u00e0 depuis une bonne heure et <a href=\"https:\/\/www.leparisien.fr\/sports\/cyclisme\/tour-de-france\/tour-de-france-2025-pogacar-senvole-a-hautacam-et-ecrase-la-concurrence-17-07-2025-R2ZY7MIDQFBMXOORMYDQFPI3BU.php\" target=\"_blank\" rel=\"noreferrer nofollow noopener\">cette attaque de Tadej Pogacar<\/a> \u00e0 quelques hectom\u00e8tres d\u00e9coch\u00e9e d\u00e8s le d\u00e9but de l\u2019ascension. Mais visiblement Jonas Vingegaard l\u2019est aussi. <a href=\"https:\/\/www.leparisien.fr\/sports\/cyclisme\/tour-de-france\/\" target=\"_blank\" rel=\"noreferrer nofollow noopener\">Pas d\u2019humeur \u00e0 composer<\/a>, comme ces derni\u00e8res semaines. Cette fois, il est \u00e0 terre. Que le Danois c\u00e8de du terrain faisait partie des sc\u00e9narios envisag\u00e9s au d\u00e9part d\u2019Auch. Mais pas dans de telles proportions 2\u203210\u2032&rsquo; sur l\u2019\u00e9tape et 3\u203231\u2032&rsquo; au g\u00e9n\u00e9ral), pas aussi rinc\u00e9.<\/p>\n<p>\u00ab Ils doivent arr\u00eater de faire \u00e7a \u00bb, le coup de gueule d\u2019Evenepoel<\/p>\n<p class=\"paragraph text_align_left lp-f-body-02\">C\u2019est la 12e fois que le double vainqueur (2022, 2023) fait deuxi\u00e8me derri\u00e8re Pogacar sur une \u00e9tape de la plus grande course au monde. Pour ne pas qu\u2019il y en ait de 13e, ou du moins qu\u2019elle n\u2019arrive pas trop vite, ne faudrait-il pas changer de strat\u00e9gie ? Beaucoup dans le peloton le pensent et ne sont pas priv\u00e9s de le dire au sommet Hautacam. \u00ab Les gars de Visma lui ont donn\u00e9 un assist, ils doivent arr\u00eater de faire \u00e7a. Tadej est juste plus fort que Jonas \u00bb, a balanc\u00e9 <a href=\"https:\/\/www.leparisien.fr\/sports\/cyclisme\/remco-evenepoel\/\" target=\"_blank\" rel=\"noreferrer nofollow noopener\">Remco Evenepoel<\/a>. Traduisez \u00ab assist \u00bb par passe d\u00e9cisive dans la bouche de l\u2019ancien prodige du foot.<\/p>\n<p class=\"paragraph text_align_left lp-f-body-02\">\u00ab Je ne comprends pas du tout la strat\u00e9gie des Visma, ils ont roul\u00e9 bizarrement, appuie <a href=\"https:\/\/www.leparisien.fr\/sports\/cyclisme\/tour-de-france\/theatre-tour-effondree-et-velo-bienvenue-dans-la-normandie-de-guillaume-martin-guyonnet-10-07-2025-DCVH6YTORRBRXPWDZJ7Q6BPHDI.php\" target=\"_blank\" rel=\"noreferrer nofollow noopener\">Guillaume Martin-Guyonnet<\/a>, d\u00e9sormais 14e au g\u00e9n\u00e9ral. Peut-\u00eatre qu\u2019il aurait mieux valu rester compact et tenter une journ\u00e9e pour rien plut\u00f4t que de laisser des mecs comme Matteo Jorgenson se faire l\u00e2cher. \u00bb<\/p>\n<p>Wellens et Narvaez encore l\u00e0 quand Yates et Jorgenson ont craqu\u00e9<\/p>\n<p class=\"paragraph text_align_left lp-f-body-02\">L\u2019Am\u00e9ricain a termin\u00e9 l\u2019\u00e9tape dix minutes derri\u00e8re. On l\u2019a vu \u00e0 la peine d\u00e8s la mont\u00e9e du Soulor apr\u00e8s avoir roul\u00e9 \u00e0 l\u2019avant en d\u00e9but de journ\u00e9e. <a href=\"https:\/\/www.leparisien.fr\/sports\/cyclisme\/tour-de-france\/tour-de-france-nous-essayons-de-le-battre-dune-maniere-sportive-fallait-il-attendre-tadej-pogacar-17-07-2025-ISU5JX6M5RGHNKQ6DFHVKHXAMM.php\" target=\"_blank\" rel=\"noreferrer nofollow noopener\">Lui qui voulait gagner \u00e0 la loyale<\/a>, fier de ne pas avoir profit\u00e9 de la chute de Pogi vingt-quatre heures plus t\u00f4t, c\u2019est rat\u00e9. Il \u00e9tait au c\u0153ur de la tactique du harc\u00e8lement, au m\u00eame titre que Simon Yates. Tous deux ont en fait dit stop alors que Pogacar b\u00e9n\u00e9ficiait encore des sacrifices de Tim Wellens et Jhonatan Narvaez.<\/p>\n<p class=\"paragraph text_align_left lp-f-body-02\">Pogacar a d\u2019ailleurs choisi de placer son uppercut \u00e0 ce moment pr\u00e9cis. Quand Vingegaard s\u2019est retrouv\u00e9 officiellement en solitaire \u00e0 douze kilom\u00e8tres de la fin. Comme pour signifier que le ballon de baudruche venait d\u2019\u00e9clater et que la f\u00eate \u00e9tait finie <a href=\"https:\/\/www.leparisien.fr\/sports\/cyclisme\/tour-de-france\/tour-de-france-pogacar-vingegaard-duel-en-trois-actes-attendu-dans-les-pyrenees-17-07-2025-PCVRP4WFJRAGNNS2JI6VZFMYXM.php\" target=\"_blank\" rel=\"noreferrer nofollow noopener\">d\u00e8s le premier round<\/a>, sans sommation.<\/p>\n<p>\u00ab Pas la fin du monde \u00bb mais la fin d\u2019un monde<\/p>\n<p class=\"paragraph text_align_left lp-f-body-02\">Puisque Vingegaard n\u2019a pas voulu parler, tenons-en nous aux d\u00e9clarations de son directeur sportif Grischa Niermann. Du moins \u00e0 cette phrase d\u00e9j\u00e0 prononc\u00e9e lors du Crit\u00e9rium du Dauphin\u00e9 le mois dernier, quand <a href=\"https:\/\/www.leparisien.fr\/sports\/cyclisme\/vingegaard-va-evidemment-sameliorer-pourquoi-pogacar-ne-peut-pas-encore-crier-victoire-pour-le-tour-de-france-16-06-2025-6XHKKZ4O6VFCPGCFVEL6XTIAVI.php\" target=\"_blank\" rel=\"noreferrer nofollow noopener\">l\u2019odeur de roussi avait d\u00e9j\u00e0 bien embaum\u00e9 la pi\u00e8ce<\/a>. \u00ab Ce n\u2019est pas la fin du monde. \u00bb<\/p>\n<p class=\"paragraph text_align_left lp-f-body-02\">Soit. C\u2019est en revanche la fin d\u2019un monde. Celui o\u00f9 son poulain faisait encore office de concurrent cr\u00e9dible. Cette fois, il n\u2019est m\u00eame plus un faire-valoir, juste un t\u00e9moin somm\u00e9 de regarder derri\u00e8re lui. Les Lipowitz, Onley, Vauquelin, Evenepoel\u2026 Toute cette tribu qui se tient en deux minutes et trente-quatre secondes. Ou comment ce 17 juillet 2025, un r\u00e9troviseur s\u2019est incrust\u00e9 sur le guidon du leader de la Visma.<\/p>\n","protected":false},"excerpt":{"rendered":"Une douche express, quelques gorg\u00e9es de jus de cerise acide &#8211; la nouvelle boisson \u00e0 la mode juste&hellip;\n","protected":false},"author":2,"featured_media":254760,"comment_status":"","ping_status":"","sticky":false,"template":"","format":"standard","meta":{"footnotes":""},"categories":[1586],"tags":[11,207,1777,674,1779,1011,27,12,25,60,210,1778,364],"class_list":{"0":"post-254759","1":"post","2":"type-post","3":"status-publish","4":"format-standard","5":"has-post-thumbnail","7":"category-europe","8":"tag-actualites","9":"tag-cyclisme","10":"tag-eu","11":"tag-europe","12":"tag-european-union","13":"tag-fr","14":"tag-france","15":"tag-news","16":"tag-republique-francaise","17":"tag-sports","18":"tag-tour-de-france","19":"tag-ue","20":"tag-union-europeenne"},"share_on_mastodon":{"url":"https:\/\/pubeurope.com\/@fr\/114870496936729997","error":""},"_links":{"self":[{"href":"https:\/\/www.europesays.com\/fr\/wp-json\/wp\/v2\/posts\/254759","targetHints":{"allow":["GET"]}}],"collection":[{"href":"https:\/\/www.europesays.com\/fr\/wp-json\/wp\/v2\/posts"}],"about":[{"href":"https:\/\/www.europesays.com\/fr\/wp-json\/wp\/v2\/types\/post"}],"author":[{"embeddable":true,"href":"https:\/\/www.europesays.com\/fr\/wp-json\/wp\/v2\/users\/2"}],"replies":[{"embeddable":true,"href":"https:\/\/www.europesays.com\/fr\/wp-json\/wp\/v2\/comments?post=254759"}],"version-history":[{"count":0,"href":"https:\/\/www.europesays.com\/fr\/wp-json\/wp\/v2\/posts\/254759\/revisions"}],"wp:featuredmedia":[{"embeddable":true,"href":"https:\/\/www.europesays.com\/fr\/wp-json\/wp\/v2\/media\/254760"}],"wp:attachment":[{"href":"https:\/\/www.europesays.com\/fr\/wp-json\/wp\/v2\/media?parent=254759"}],"wp:term":[{"taxonomy":"category","embeddable":true,"href":"https:\/\/www.europesays.com\/fr\/wp-json\/wp\/v2\/categories?post=254759"},{"taxonomy":"post_tag","embeddable":true,"href":"https:\/\/www.europesays.com\/fr\/wp-json\/wp\/v2\/tags?post=254759"}],"curies":[{"name":"wp","href":"https:\/\/api.w.org\/{rel}","templated":true}]}}