{"id":254765,"date":"2025-07-17T20:39:14","date_gmt":"2025-07-17T20:39:14","guid":{"rendered":"https:\/\/www.europesays.com\/fr\/254765\/"},"modified":"2025-07-17T20:39:14","modified_gmt":"2025-07-17T20:39:14","slug":"la-france-egalise-face-a-la-croatie-grace-a-richard-gasquet-en-hopman-cup","status":"publish","type":"post","link":"https:\/\/www.europesays.com\/fr\/254765\/","title":{"rendered":"la France \u00e9galise face \u00e0 la Croatie gr\u00e2ce \u00e0 Richard Gasquet en Hopman Cup"},"content":{"rendered":"<p class=\"fig-paragraph\">La France est revenue \u00e0 la hauteur de la Croatie, tenante du titre, gr\u00e2ce au n\u00e9o-retrait\u00e9 Richard Gasquet jeudi \u00e0 Bari (sud-est de l&rsquo;Italie) lors de la deuxi\u00e8me journ\u00e9e de la Hopman Cup, \u00e9preuve mixte de tennis qui oppose six nations. Gasquet, sorti de sa retraite pour cette comp\u00e9tition \u00e0 39 ans et 182e au classement ATP, est venu \u00e0 bout de Duje Ajdukovic (177e) en trois manches (5-7, 6-2, 10\/6).<\/p>\n<p class=\"fig-paragraph\">Plus t\u00f4t, Chlo\u00e9 Paquet, 156e mondiale, s&rsquo;\u00e9tait inclin\u00e9e 6-3, 6-3 face \u00e0 Donna Vekic (52e) dans le premier simple. La France et la Croatie sont \u00e0 \u00e9galit\u00e9 une victoire partout et l&rsquo;issue de leur duel du groupe B sera d\u00e9cid\u00e9e par un double mixte qui doit d\u00e9buter ce jeudi soir. Mercredi, en ouverture de cette Hopman Cup, la Croatie s&rsquo;\u00e9tait inclin\u00e9e 2 \u00e0 1 face \u00e0 l&rsquo;Italie.<\/p>\n<p>                                    <a class=\"fig-a11y-skip a11y-hidden\" href=\"#fig-a11y-skip-main-inarticle\"><br \/>\n        Passer la publicit\u00e9<br \/>\n    <\/a><\/p>\n<p class=\"fig-paragraph\">Dans le groupe A, la premi\u00e8re rencontre oppose ce jeudi la Gr\u00e8ce \u00e0 l&rsquo;Espagne et les deux \u00e9quipes sont \u00e9galement \u00e0 \u00e9galit\u00e9 une victoire partout. Les premiers de chaque groupe se disputeront le titre dimanche. La Hopman Cup \u00e9tait de 1988 \u00e0 2018 l&rsquo;un des premiers rendez-vous de la saison, \u00e0 Perth en Australie. Apr\u00e8s quatre ann\u00e9es d&rsquo;interruption, elle a eu lieu \u00e0 Nice, en France, en 2023, o\u00f9 la Croatie, avec d\u00e9j\u00e0 Vekic, s&rsquo;\u00e9tait impos\u00e9e face \u00e0 la Suisse.<\/p>\n","protected":false},"excerpt":{"rendered":"La France est revenue \u00e0 la hauteur de la Croatie, tenante du titre, gr\u00e2ce au n\u00e9o-retrait\u00e9 Richard Gasquet&hellip;\n","protected":false},"author":2,"featured_media":254766,"comment_status":"","ping_status":"","sticky":false,"template":"","format":"standard","meta":{"footnotes":""},"categories":[4],"tags":[47,11,4169,525,1981,4178,4179,1011,27,1114,3996,4177,4176,4174,12,4175,25,1980,4171,1467,4172,4173,4170],"class_list":{"0":"post-254765","1":"post","2":"type-post","3":"status-publish","4":"format-standard","5":"has-post-thumbnail","7":"category-france","8":"tag-actualite","9":"tag-actualites","10":"tag-atp","11":"tag-calendrier","12":"tag-classement","13":"tag-coupe-davis","14":"tag-fed-cup","15":"tag-fr","16":"tag-france","17":"tag-infos","18":"tag-jeux-olympiques","19":"tag-masters-1000","20":"tag-masters-500","21":"tag-masters-series","22":"tag-news","23":"tag-open-daustralie","24":"tag-republique-francaise","25":"tag-resultats","26":"tag-roland-garros","27":"tag-tennis","28":"tag-us-open","29":"tag-wimbledon","30":"tag-wta"},"share_on_mastodon":{"url":"https:\/\/pubeurope.com\/@fr\/114870508814523313","error":""},"_links":{"self":[{"href":"https:\/\/www.europesays.com\/fr\/wp-json\/wp\/v2\/posts\/254765","targetHints":{"allow":["GET"]}}],"collection":[{"href":"https:\/\/www.europesays.com\/fr\/wp-json\/wp\/v2\/posts"}],"about":[{"href":"https:\/\/www.europesays.com\/fr\/wp-json\/wp\/v2\/types\/post"}],"author":[{"embeddable":true,"href":"https:\/\/www.europesays.com\/fr\/wp-json\/wp\/v2\/users\/2"}],"replies":[{"embeddable":true,"href":"https:\/\/www.europesays.com\/fr\/wp-json\/wp\/v2\/comments?post=254765"}],"version-history":[{"count":0,"href":"https:\/\/www.europesays.com\/fr\/wp-json\/wp\/v2\/posts\/254765\/revisions"}],"wp:featuredmedia":[{"embeddable":true,"href":"https:\/\/www.europesays.com\/fr\/wp-json\/wp\/v2\/media\/254766"}],"wp:attachment":[{"href":"https:\/\/www.europesays.com\/fr\/wp-json\/wp\/v2\/media?parent=254765"}],"wp:term":[{"taxonomy":"category","embeddable":true,"href":"https:\/\/www.europesays.com\/fr\/wp-json\/wp\/v2\/categories?post=254765"},{"taxonomy":"post_tag","embeddable":true,"href":"https:\/\/www.europesays.com\/fr\/wp-json\/wp\/v2\/tags?post=254765"}],"curies":[{"name":"wp","href":"https:\/\/api.w.org\/{rel}","templated":true}]}}