{"id":254769,"date":"2025-07-17T20:42:09","date_gmt":"2025-07-17T20:42:09","guid":{"rendered":"https:\/\/www.europesays.com\/fr\/254769\/"},"modified":"2025-07-17T20:42:09","modified_gmt":"2025-07-17T20:42:09","slug":"la-signature-de-leo-coly-a-bayonne-a-de-grosses-repercussions-explications","status":"publish","type":"post","link":"https:\/\/www.europesays.com\/fr\/254769\/","title":{"rendered":"La signature de L\u00e9o Coly \u00e0 Bayonne a de grosses r\u00e9percussions ! Explications !"},"content":{"rendered":"<p><strong>La signature de L\u00e9o Coly \u00e0 Bayonne pour 2026 a pr\u00e9cipit\u00e9 l\u2019ouverture du march\u00e9 des demis de m\u00eal\u00e9e. Plusieurs clubs, dont Montpellier, Clermont, Pau et Perpignan, sont d\u00e9j\u00e0 \u00e0 pied d\u2019\u0153uvre pour s\u00e9curiser leur avenir \u00e0 ce poste cl\u00e9.<\/strong><\/p>\n<p>L\u2019\u00e9t\u00e9 est encore loin d\u2019avoir livr\u00e9 tous ses secrets, mais le mercato des demis de m\u00eal\u00e9e a officiellement d\u00e9marr\u00e9 ce mardi avec l\u2019annonce de l\u2019arriv\u00e9e de L\u00e9o Coly \u00e0 Bayonne \u00e0 partir du 1er juillet 2026.<\/p>\n<p>\u00c0 25 ans, l\u2019ancien Montois, actuellement sous contrat avec Montpellier, s\u2019engagera \u00e0 l\u2019Aviron pour renforcer un poste que Maxime Machenaud pourrait bient\u00f4t quitter, fin de contrat et fin de carri\u00e8re approchant.<\/p>\n<p>Du c\u00f4t\u00e9 du MHR, ce d\u00e9part n\u2019a rien d\u2019une surprise.<\/p>\n<p>Si Bayonne a pris les devants, Montpellier n\u2019entend pas rester inactif. Le club h\u00e9raultais cherche activement le successeur de Coly, et une cible prioritaire est d\u00e9j\u00e0 identifi\u00e9e : <strong>Baptiste Serin<\/strong>, le ma\u00eetre \u00e0 jouer du RCT. \u00c0 31 ans et fort de 49 s\u00e9lections avec les Bleus, il repr\u00e9senterait un renfort de choix.<\/p>\n<p>Le MHR devra toutefois se montrer convaincant : <strong>l\u2019international poss\u00e8de une ann\u00e9e optionnelle \u00e0 Toulon et reste tr\u00e8s attach\u00e9 \u00e0 son club actuel explique Midi Olympique dans ses colonnes.<\/strong><\/p>\n<p>Autre nom dans la ligne de mire des recruteurs : <strong>Baptiste Jauneau<\/strong>, le jeune international clermontois (21 ans, 2 s\u00e9lections), dont l\u2019avenir reste \u00e0 \u00e9crire. Si Clermont affiche un certain optimisme, <strong>aucune offre formelle ne lui a encore \u00e9t\u00e9 soumise<\/strong>, et des sollicitations venues de l\u2019ext\u00e9rieur pourraient rebattre les cartes.<\/p>\n<p>Les discussions devraient s\u2019acc\u00e9l\u00e9rer apr\u00e8s le retour de la tourn\u00e9e des moins de 20 ans en Nouvelle-Z\u00e9lande.<\/p>\n<p>La Section Paloise, de son c\u00f4t\u00e9, n\u2019a pas encore tranch\u00e9 concernant l\u2019avenir de <strong>Thibault Daubagna<\/strong>. \u00c0 31 ans et tout juste s\u00e9lectionn\u00e9 avec les Bleus, le Palois est en fin de contrat en 2026. Il n\u2019est pas le seul concern\u00e9 : ses co\u00e9quipiers <strong>Dan Robson<\/strong> (33 ans) et <strong>Thomas Souverbie<\/strong> (21 ans) arrivent \u00e9galement au terme de leur bail. Le sujet devrait rapidement figurer \u00e0 l\u2019agenda de la direction sportive b\u00e9arnaise.<\/p>\n<p>M\u00eame effervescence \u00e0 Perpignan, o\u00f9 les trois demis de m\u00eal\u00e9e de l\u2019effectif \u2013 <strong>Tom Ecochard<\/strong> (32 ans), <strong>James Hall<\/strong> (29 ans) et <strong>Gela Aprasidze<\/strong> (27 ans) \u2013 entrent dans leur derni\u00e8re ann\u00e9e de contrat. Pour relancer la concurrence, l\u2019USAP explore activement des pistes \u00e0 l\u2019\u00e9tranger, notamment dans l\u2019h\u00e9misph\u00e8re Sud, avec <strong>une possible arriv\u00e9e d\u00e8s cette saison pour dynamiser la rotation.<\/strong><\/p>\n<p>La valse des n\u00b09 est donc bel et bien lanc\u00e9e. Et \u00e0 deux ans de l\u2019\u00e9ch\u00e9ance contractuelle, les clubs ne veulent pas rater leur coup. Dans un march\u00e9 resserr\u00e9, l\u2019anticipation pourrait bien faire la diff\u00e9rence.<\/p>\n","protected":false},"excerpt":{"rendered":"La signature de L\u00e9o Coly \u00e0 Bayonne pour 2026 a pr\u00e9cipit\u00e9 l\u2019ouverture du march\u00e9 des demis de m\u00eal\u00e9e.&hellip;\n","protected":false},"author":2,"featured_media":232651,"comment_status":"","ping_status":"","sticky":false,"template":"","format":"standard","meta":{"footnotes":""},"categories":[1416],"tags":[1011,27,479,1468,60],"class_list":{"0":"post-254769","1":"post","2":"type-post","3":"status-publish","4":"format-standard","5":"has-post-thumbnail","7":"category-rugby","8":"tag-fr","9":"tag-france","10":"tag-rugby","11":"tag-rugby-football","12":"tag-sports"},"share_on_mastodon":{"url":"https:\/\/pubeurope.com\/@fr\/114870520638829022","error":""},"_links":{"self":[{"href":"https:\/\/www.europesays.com\/fr\/wp-json\/wp\/v2\/posts\/254769","targetHints":{"allow":["GET"]}}],"collection":[{"href":"https:\/\/www.europesays.com\/fr\/wp-json\/wp\/v2\/posts"}],"about":[{"href":"https:\/\/www.europesays.com\/fr\/wp-json\/wp\/v2\/types\/post"}],"author":[{"embeddable":true,"href":"https:\/\/www.europesays.com\/fr\/wp-json\/wp\/v2\/users\/2"}],"replies":[{"embeddable":true,"href":"https:\/\/www.europesays.com\/fr\/wp-json\/wp\/v2\/comments?post=254769"}],"version-history":[{"count":0,"href":"https:\/\/www.europesays.com\/fr\/wp-json\/wp\/v2\/posts\/254769\/revisions"}],"wp:featuredmedia":[{"embeddable":true,"href":"https:\/\/www.europesays.com\/fr\/wp-json\/wp\/v2\/media\/232651"}],"wp:attachment":[{"href":"https:\/\/www.europesays.com\/fr\/wp-json\/wp\/v2\/media?parent=254769"}],"wp:term":[{"taxonomy":"category","embeddable":true,"href":"https:\/\/www.europesays.com\/fr\/wp-json\/wp\/v2\/categories?post=254769"},{"taxonomy":"post_tag","embeddable":true,"href":"https:\/\/www.europesays.com\/fr\/wp-json\/wp\/v2\/tags?post=254769"}],"curies":[{"name":"wp","href":"https:\/\/api.w.org\/{rel}","templated":true}]}}