{"id":254770,"date":"2025-07-17T20:43:10","date_gmt":"2025-07-17T20:43:10","guid":{"rendered":"https:\/\/www.europesays.com\/fr\/254770\/"},"modified":"2025-07-17T20:43:10","modified_gmt":"2025-07-17T20:43:10","slug":"hugo-gaston-sarrete-au-deuxieme-tour-de-lopen-de-bastad-lequipe","status":"publish","type":"post","link":"https:\/\/www.europesays.com\/fr\/254770\/","title":{"rendered":"Hugo Gaston s&#039;arr\u00eate au deuxi\u00e8me tour de l&#039;Open de Bastad &#8211; L&#039;\u00c9quipe"},"content":{"rendered":"<ol>\n<li><a href=\"https:\/\/news.google.com\/rss\/articles\/CBMiqgFBVV95cUxNb2tMM0plc2dDOXJkSWVTOXBKQXJiS2ktWGQycTZxNU5Ha3QzSWY5bEdlTmFXQXpBb1pRb2NxNVU1Sm9ZZl90cWpXNnpmRHdzNmdDRUd5WW9GQzcyMjBpeTVKMk5ZSEluTVNmOVFteXpFU0N3eUhzX2tvR0ZZSlo4ZW1ld1JLbEJiY1dLNTEzT1JobUl6bXRDd2prMjFjUFFudTFleDRjVFZRdw?oc=5\" target=\"_blank\" rel=\"nofollow noopener\">Hugo Gaston s&rsquo;arr\u00eate au deuxi\u00e8me tour de l&rsquo;Open de Bastad<\/a>&nbsp;&nbsp;L&rsquo;\u00c9quipe<\/li>\n<li><a href=\"https:\/\/news.google.com\/rss\/articles\/CBMimgFBVV95cUxQZzFnN1dwemJTVlFpbWJON29HLWRMVzZZZUt5S3VYWDREVlVtUjZBZzZCd3VYRDQ2eTc1eG9WaVd2T2hhU0owWm9taWg3RzhaVENJeFJ4RlF6SnNrNUQtZjh6dldKMjJYZWwyT2loQjZ4eUJNOXRuaG4wUG0yUExvZ1VsV29zdy1WYldtYmhfVTJIX0NpVjRJczZn0gGYAUFVX3lxTE40TTItaklvTVJnaHNWc0Y3eE1JNjZ5MkMzTzkxQ0pJY2VEZTBMbnc3anFEQ2pNT2tMUXAxYVhqTmczLXlfNGVtVmplYUpIRGZxVzRJazhhQ0xuMnliVG9ZQVdkWDRJUE1ULWRxOGx2UElXeG5tNk00aEJMZHVaU3ZQVjFHeG5Vdlh0OHZDWnZYLTItYlZKdGgz?oc=5\" target=\"_blank\" rel=\"nofollow noopener\">ATP &#8211; Bastad : Gaston reste \u00e0 quai<\/a>&nbsp;&nbsp;Orange Actualit\u00e9s | Sports<\/li>\n<li><a href=\"https:\/\/news.google.com\/rss\/articles\/CBMiwwFBVV95cUxQT3ZfVk9OdlNudTBuN1Z4S0hGRlQ1MnRBdEVVeGRPYjZVQVY4RlJmejNPVWVNQnNwb0IyNzZwZi1yVlE2Z3c0RS0xQnpkM3MyZTFfTHBZdXJvQ3lFNlJsMjdLaE9nSUNyLVJDN0dSSVBwMXdyTUc3R08zT3V5VGlOM3ptdk40Y0hyUDN1b19vQTIyS3RzaFNfbUZXc2JORlpCZ1JBZlRxMEpMdlY1OXFvemxvb0RJTWpsc3Y3NGd2QTlDckE?oc=5\" target=\"_blank\" rel=\"nofollow noopener\">PRONOS PARIS RMC Le pari tennis du jour du 17 juillet \u2013 ATP Bastad<\/a>&nbsp;&nbsp;RMC Sport<\/li>\n<li><a href=\"https:\/\/news.google.com\/rss\/articles\/CBMi7AFBVV95cUxPbHBYSjZYWW9YQk5KMHhKYURLQTFjdXY0SFVpOXl2c0pJaXZ4Y29vemZkVTNpbG4zejlLWUQ3RHpYYldicU9OOE8xMUVhX19TN1pPNDY4T2Z6NXo3VWs2ckQ1Z1dORDdZWHc4d0ZGZmVLdVF3b1lMQ3FHTW5Wck5JUjVEQWxXR0E2T295ZFNJai0xN2hxbl9VRUc5a2NwalBJdzZKalVLSTR4WXM1NngxSlBMT2tuc2pYWVRwR2t5MURNZFVadzQxSVlmTDNBbXVtNF92Z3pacjF6SVBGdGRwdFpIRFlmTFBUSzU3Xw?oc=5\" target=\"_blank\" rel=\"nofollow noopener\">Hugo Gaston au 2e tour \u00e0 Bastad, Arthur Rinderknech et Calvin Hemery \u00e9limin\u00e9s \u00e0 Gstaad<\/a>&nbsp;&nbsp;MSN<\/li>\n<li><a href=\"https:\/\/news.google.com\/rss\/articles\/CBMihAFBVV95cUxNU1NNTzdmV285enN0VVZpX1dFQ0NzcWstb1lTOTQxV2VTVUQ1Xy10ZEVKNndZTmFFemRxeFNfWlVjd25BRzlqTGJVdlFZalIzRUJoY3N3NEhKWGQ1VlZfTTc1TkVJc3FTYWg3WkxBUk1XR2hPZWVVQjQ3akZ0OFhoMWVpQXE?oc=5\" target=\"_blank\" rel=\"nofollow noopener\">R\u00e9sultats de Bastad et Gstaad : \u00e7a passe pour Gaston, Rinderknech s\u2019incline<\/a>&nbsp;&nbsp;Tennis Temple<\/li>\n<\/ol>\n","protected":false},"excerpt":{"rendered":"Hugo Gaston s&rsquo;arr\u00eate au deuxi\u00e8me tour de l&rsquo;Open de Bastad&nbsp;&nbsp;L&rsquo;\u00c9quipe ATP &#8211; Bastad : Gaston reste \u00e0 quai&nbsp;&nbsp;Orange&hellip;\n","protected":false},"author":2,"featured_media":254771,"comment_status":"","ping_status":"","sticky":false,"template":"","format":"standard","meta":{"footnotes":""},"categories":[1415],"tags":[1011,27,60,1467],"class_list":{"0":"post-254770","1":"post","2":"type-post","3":"status-publish","4":"format-standard","5":"has-post-thumbnail","7":"category-tennis","8":"tag-fr","9":"tag-france","10":"tag-sports","11":"tag-tennis"},"share_on_mastodon":{"url":"https:\/\/pubeurope.com\/@fr\/114870524474112391","error":""},"_links":{"self":[{"href":"https:\/\/www.europesays.com\/fr\/wp-json\/wp\/v2\/posts\/254770","targetHints":{"allow":["GET"]}}],"collection":[{"href":"https:\/\/www.europesays.com\/fr\/wp-json\/wp\/v2\/posts"}],"about":[{"href":"https:\/\/www.europesays.com\/fr\/wp-json\/wp\/v2\/types\/post"}],"author":[{"embeddable":true,"href":"https:\/\/www.europesays.com\/fr\/wp-json\/wp\/v2\/users\/2"}],"replies":[{"embeddable":true,"href":"https:\/\/www.europesays.com\/fr\/wp-json\/wp\/v2\/comments?post=254770"}],"version-history":[{"count":0,"href":"https:\/\/www.europesays.com\/fr\/wp-json\/wp\/v2\/posts\/254770\/revisions"}],"wp:featuredmedia":[{"embeddable":true,"href":"https:\/\/www.europesays.com\/fr\/wp-json\/wp\/v2\/media\/254771"}],"wp:attachment":[{"href":"https:\/\/www.europesays.com\/fr\/wp-json\/wp\/v2\/media?parent=254770"}],"wp:term":[{"taxonomy":"category","embeddable":true,"href":"https:\/\/www.europesays.com\/fr\/wp-json\/wp\/v2\/categories?post=254770"},{"taxonomy":"post_tag","embeddable":true,"href":"https:\/\/www.europesays.com\/fr\/wp-json\/wp\/v2\/tags?post=254770"}],"curies":[{"name":"wp","href":"https:\/\/api.w.org\/{rel}","templated":true}]}}