{"id":254778,"date":"2025-07-17T20:48:11","date_gmt":"2025-07-17T20:48:11","guid":{"rendered":"https:\/\/www.europesays.com\/fr\/254778\/"},"modified":"2025-07-17T20:48:11","modified_gmt":"2025-07-17T20:48:11","slug":"la-reponse-cash-de-hernandez-sur-son-avenir","status":"publish","type":"post","link":"https:\/\/www.europesays.com\/fr\/254778\/","title":{"rendered":"La r\u00e9ponse cash de Hernandez sur son avenir"},"content":{"rendered":"<p><strong>Lucas Hernandez, d\u00e9fenseur de 29 ans de l\u2019Equipe de France sous contrat au Paris Saint-Germain jusqu\u2019en 2028, est aujourd\u2019hui clairement une doublure \u00e0 Paris. Ce qui am\u00e8ne l\u2019id\u00e9e d\u2019un d\u00e9part. D\u2019apr\u00e8s L\u2019Equipe, c\u2019\u00e9tait m\u00eame une demande du joueur. Lequel a clairement r\u00e9pondu sur les r\u00e9seaux sociaux.<\/strong><\/p>\n<p><img loading=\"lazy\" decoding=\"async\" class=\"size-full wp-image-860489 aligncenter lazyload\" alt=\"\" width=\"750\" height=\"1334\" data-eio=\"p\" src=\"https:\/\/www.europesays.com\/fr\/wp-content\/uploads\/2025\/07\/20250717_210932.jpg\"  data- data-eio-rwidth=\"750\" data-eio-rheight=\"1334\"\/><\/p>\n<blockquote>\n<p>\u00ab\u00a0Un petit message pour faire suite aux diff\u00e9rents articles de presse et rumeurs qui affirment que j\u2019aurais demand\u00e9 \u00e0 partir du PSG si mon statut n\u2019\u00e9voluait pas. Je tiens \u00e0 dire que je n\u2019ai absolument pas demand\u00e9 \u00e0 partir et que j\u2019\u00e9voluerai au PSG la saison prochaine en continuant \u00e0 travailler dur au quotidien pour d\u00e9fendre du mieux possible les couleurs du Paris-Saint-Germain \u00e0 chaque fois que le coach m\u2019en donnera l\u2019occasion !\u00a0\u00bb Et de conclure: \u00ab\u00a0Ici c\u2019est Paris.\u00a0\u00bb<\/p>\n<\/blockquote>\n<p>On ne peut qu\u2019appr\u00e9cier une telle mentalit\u00e9. Hernandez est concentr\u00e9 sur son travail au PSG et d\u00e9termin\u00e9 \u00e0 en faire une aventure pleinement r\u00e9ussie. Il prend m\u00eame ici le temps de r\u00e9pondre \u00e0 une rumeur de d\u00e9part.<\/p>\n<p>Cette r\u00e9ponse vient d\u2019ailleurs souligner que ces rumeurs sont toujours \u00e0 prendre avec des pincettes et que les m\u00e9dias ont tendance \u00e0 exag\u00e9rer, avec en plus quelques hypoth\u00e8ses transform\u00e9es en informations.<\/p>\n<p>En tout cas, Hernandez a su \u00eatre clair et on sait qu\u2019il a envie de continuer au PSG.<\/p>\n<p>\t\t\t\t\t\t\t\t\t\t\t\t\t\t\t\t\t\t\t\t\t\t\t<img decoding=\"async\" src=\"https:\/\/www.europesays.com\/fr\/wp-content\/uploads\/2025\/04\/ParisFans_Logo.png\"\/><\/p>\n","protected":false},"excerpt":{"rendered":"Lucas Hernandez, d\u00e9fenseur de 29 ans de l\u2019Equipe de France sous contrat au Paris Saint-Germain jusqu\u2019en 2028, est&hellip;\n","protected":false},"author":2,"featured_media":254779,"comment_status":"","ping_status":"","sticky":false,"template":"","format":"standard","meta":{"footnotes":""},"categories":[1410],"tags":[63,1011,27,17477,60,96],"class_list":{"0":"post-254778","1":"post","2":"type-post","3":"status-publish","4":"format-standard","5":"has-post-thumbnail","7":"category-football","8":"tag-football","9":"tag-fr","10":"tag-france","11":"tag-lucas-hernandez","12":"tag-sports","13":"tag-une"},"share_on_mastodon":{"url":"https:\/\/pubeurope.com\/@fr\/114870544328815168","error":""},"_links":{"self":[{"href":"https:\/\/www.europesays.com\/fr\/wp-json\/wp\/v2\/posts\/254778","targetHints":{"allow":["GET"]}}],"collection":[{"href":"https:\/\/www.europesays.com\/fr\/wp-json\/wp\/v2\/posts"}],"about":[{"href":"https:\/\/www.europesays.com\/fr\/wp-json\/wp\/v2\/types\/post"}],"author":[{"embeddable":true,"href":"https:\/\/www.europesays.com\/fr\/wp-json\/wp\/v2\/users\/2"}],"replies":[{"embeddable":true,"href":"https:\/\/www.europesays.com\/fr\/wp-json\/wp\/v2\/comments?post=254778"}],"version-history":[{"count":0,"href":"https:\/\/www.europesays.com\/fr\/wp-json\/wp\/v2\/posts\/254778\/revisions"}],"wp:featuredmedia":[{"embeddable":true,"href":"https:\/\/www.europesays.com\/fr\/wp-json\/wp\/v2\/media\/254779"}],"wp:attachment":[{"href":"https:\/\/www.europesays.com\/fr\/wp-json\/wp\/v2\/media?parent=254778"}],"wp:term":[{"taxonomy":"category","embeddable":true,"href":"https:\/\/www.europesays.com\/fr\/wp-json\/wp\/v2\/categories?post=254778"},{"taxonomy":"post_tag","embeddable":true,"href":"https:\/\/www.europesays.com\/fr\/wp-json\/wp\/v2\/tags?post=254778"}],"curies":[{"name":"wp","href":"https:\/\/api.w.org\/{rel}","templated":true}]}}