{"id":254782,"date":"2025-07-17T20:50:15","date_gmt":"2025-07-17T20:50:15","guid":{"rendered":"https:\/\/www.europesays.com\/fr\/254782\/"},"modified":"2025-07-17T20:50:15","modified_gmt":"2025-07-17T20:50:15","slug":"todd-hido-lamerique-melancolique-en-images","status":"publish","type":"post","link":"https:\/\/www.europesays.com\/fr\/254782\/","title":{"rendered":"Todd Hido, l\u2019Am\u00e9rique m\u00e9lancolique en images"},"content":{"rendered":"<p>Ma\u00eetre de la<strong> lumi\u00e8re <\/strong>et du <strong>myst\u00e8re<\/strong>, <strong>Todd Hido <\/strong>explore depuis plus de trente ans la m\u00e9lancolie et l\u2019<strong>\u00e9tranget\u00e9 des paysages suburbains am\u00e9ricains<\/strong>. Par son<strong> style cin\u00e9matographique et intimiste<\/strong>, il est parvenu \u00e0 composer une \u0153uvre influente \u00e0 la fronti\u00e8re entre r\u00e9alit\u00e9 et fiction.<\/p>\n<p>\u00c0 l\u2019\u00e9t\u00e9 2025, son univers singulier se d\u00e9voile \u00e0 <strong>Arles<\/strong> avec l\u2019exposition <strong>Les Pr\u00e9sages d\u2019une lueur int\u00e9rieure<\/strong>, ainsi qu\u2019\u00e0 l\u2019occasion de la parution de la <strong>nouvelle \u00e9dition augment\u00e9e <\/strong>de sa <strong>monographie<\/strong>, <strong>Intimate Distance II<\/strong>, publi\u00e9e chez <strong>Textuel<\/strong> et <strong>Aperture<\/strong> (pour la version anglophone). L\u2019occasion de revenir sur sa carri\u00e8re riche avec ce nouveau Zoom photographe.<\/p>\n<p><img decoding=\"async\" width=\"1400\" height=\"1750\" loading=\"lazy\" src=\"https:\/\/www.europesays.com\/fr\/wp-content\/uploads\/2025\/07\/2025-hido-02.jpg\" alt=\"\" class=\"wp-image-244612\"  \/>#2653, extrait de la s\u00e9rie Itin\u00e9rance, 2000 \u2013 \u00a9 Todd Hido, avec l\u2019aimable autorisation de la Galerie Les filles du calvaire.<\/p>\n<p>Le ma\u00eetre incontest\u00e9 du suspense photographique<\/p>\n<p>Voil\u00e0 plus de trois d\u00e9cennies que Todd Hido tourne son objectif vers une <strong>Am\u00e9rique suburbaine m\u00e9connue<\/strong>. Routes d\u00e9sol\u00e9es, arbres aux silhouettes fantomatiques, pavillons fig\u00e9s \u00e9clair\u00e9s par les faisceaux de phares ou dans la nuit, et nus et portraits \u00e9nigmatiques d\u2019inconnues\u00a0partagent ce<strong> magn\u00e9tisme troublant<\/strong> et une <strong>puissance d\u2019\u00e9vocation cin\u00e9matographique<\/strong>.<\/p>\n<p>Todd Hido, <strong>n\u00e9 en 1968<\/strong> \u00e0 Kent, dans l\u2019Ohio, est un photographe am\u00e9ricain reconnu pour ses images myst\u00e9rieuses de <strong>paysages suburbains<\/strong> et de <strong>portraits \u00e9nigmatiques<\/strong>. Dipl\u00f4m\u00e9 d\u2019un BFA de Tufts University et du School of the Museum of Fine Arts de Boston en 1991, il obtient ensuite un MFA du California College of Arts and Crafts. Install\u00e9 depuis dans la r\u00e9gion de <strong>San Francisco<\/strong>, il y enseigne \u00e9galement en tant que professeur adjoint \u00e0 la California College of Art.<\/p>\n<p><img decoding=\"async\" width=\"1400\" height=\"934\" loading=\"lazy\" src=\"https:\/\/www.europesays.com\/fr\/wp-content\/uploads\/2025\/07\/textuel_hido_2.jpg\" alt=\"\" class=\"wp-image-243410\"  \/>\u00a9 Todd Hido, #11506-3940 \/ Oakland, Californie<\/p>\n<p>Souvent \u00e0 l\u2019\u00e9cart, retir\u00e9s, les lieux photographi\u00e9s expriment une certaine solitude,\u00a0<strong>entre m\u00e9lancolie et lumi\u00e8re<\/strong>. Si l\u2019interpr\u00e9tation de leur auteur demeure implicite,<strong> chaque image <\/strong>devient le <strong>point de d\u00e9part d\u2019un sc\u00e9nario subjectif<\/strong>.<\/p>\n<p>Ces <strong>arr\u00eats sur image<\/strong>, fr\u00f4lant les images de rep\u00e9rage pour le cin\u00e9ma, ont \u00e9rig\u00e9 ce natif de l\u2019Ohio en <strong>ma\u00eetre du suspense photographique<\/strong>, l\u2019\u00e9trange affleurant toujours sous la banalit\u00e9 de ce qui semble vid\u00e9 de vie, de substance. \u00c0 la fois <strong>familier<\/strong> et pourtant toujours <strong>l\u00e9g\u00e8rement inqui\u00e9tant,<\/strong> chaque clich\u00e9 entre fiction et r\u00e9alit\u00e9 enrichit la narration de la s\u00e9rie \u00e0 laquelle il appartient tout en offrant la possibilit\u00e9 d\u2019un r\u00e9cit en soi. Un talent de conteur dont la s\u00e9rie<strong>The End Sends Advance Warnings\u00a0<\/strong>ou la monographie\u00a0<strong>House Hunting<\/strong>\u00a0de 2001\u00a0nous avait d\u00e9j\u00e0 assur\u00e9es.<\/p>\n<p><img decoding=\"async\" width=\"1400\" height=\"1766\" loading=\"lazy\" src=\"https:\/\/www.europesays.com\/fr\/wp-content\/uploads\/2025\/07\/2025-hido-01.jpg\" alt=\"\" class=\"wp-image-244613\"  \/>#2421, extrait de la s\u00e9rie Maison de chasse, 1999. \u2013 \u00a9 Todd Hido, avec l\u2019aimable autorisation de la Galerie Les filles du calvaire.<\/p>\n<p>Quel que soit le lieu o\u00f9 ait \u00e9t\u00e9 prise la photographie, le spectateur semble invit\u00e9 dans un<strong> lieu hors du temps<\/strong>, <strong>issu du pass\u00e9 <\/strong>tout autant que du <strong>pr\u00e9sent<\/strong>. L\u2019artiste a d\u2019ailleurs pu faire de ce retour en arri\u00e8re, jeu de piste sur les traces de son enfance, le th\u00e8me central de ses images, comme celles publi\u00e9es dans <strong>Excerpts From Silver Meadows<\/strong>.<\/p>\n<p><img decoding=\"async\" width=\"1400\" height=\"1773\" loading=\"lazy\" src=\"https:\/\/www.europesays.com\/fr\/wp-content\/uploads\/2025\/07\/textuel_hido_10.jpg\" alt=\"\" class=\"wp-image-243412\"  \/>\u00a9 Todd Hido, #7373 \/ Yakima, \u00c9tat de Washington \/ Excerpts from Silver Meadows<\/p>\n<p>Photographe courtis\u00e9 par les publications, Todd Hido a parfois r\u00e9pondu \u00e0 certaines commandes photographiques, comme celle du <strong>Times<\/strong> l\u2019ayant envoy\u00e9 sur les lieux o\u00f9 a en partie \u00e9t\u00e9 tourn\u00e9 <strong>Twin Peaks.<\/strong> Une plong\u00e9e dans l\u2019univers de David Lynch, alter ego de cin\u00e9ma pour le soin port\u00e9 \u00e0 l\u2019image et au suspense.<\/p>\n<p>Si son travail peut rappeler les mises en sc\u00e8ne pharaoniques de <strong><a href=\"https:\/\/phototrend.fr\/tag\/Gregory-Crewdson\/\" target=\"_blank\" rel=\"noopener\">Gregory Crewdson<\/a><\/strong>, autre g\u00e9nie contemporain de la photographie am\u00e9ricaine, les images de Todd Hido ont un caract\u00e8re <strong>plus naturel<\/strong>. Bien qu\u2019elles ne soient pas prises \u00e0 la sauvette mais r\u00e9fl\u00e9chies, toutes paraissent saisies par un <strong>myst\u00e9rieux conducteur perdu dans un road trip<\/strong>, une errance sans destination finale plut\u00f4t que mises en sc\u00e8ne par un photographe \u2013 deus ex machina. En post-traitement, l\u2019artiste a confi\u00e9 retravailler les couleurs existantes pour en <strong>appuyer le caract\u00e8re<\/strong>, tout en s\u2019interdisant d\u2019ajouter ou de modifier les effets de flou obtenus.\u00a0<\/p>\n<p><img decoding=\"async\" width=\"1400\" height=\"1886\" loading=\"lazy\" src=\"https:\/\/www.europesays.com\/fr\/wp-content\/uploads\/2025\/07\/textuel_hido_1.jpg\" alt=\"\" class=\"wp-image-243409\"  \/>\u00a9 Todd Hido, #3737 \/ Daly City, Californie \/ Between the two<\/p>\n<p>Lumi\u00e8re et couleurs pour outils narratifs<\/p>\n<p>Si Todd Hido maitrise \u00e0 la perfection la mise en sc\u00e8ne d\u2019images aux <strong>atmosph\u00e8res dignes des plus grands films noirs<\/strong>, le photographe est un <strong>ma\u00eetre de la couleur<\/strong> abandonnant volontiers le monochrome. <\/p>\n<p>Todd Hido est friand de<strong> prises de vue nocturne<\/strong>. Pour obtenir une telle palette et des jeux de lumi\u00e8re aussi maitris\u00e9s, du rougeoiement d\u2019un lampadaire \u00e0 la lueur blafarde d\u2019un t\u00e9l\u00e9viseur \u00e9chapp\u00e9e d\u2019une fen\u00eatre, il va sans dire que sa <strong>ma\u00eetrise technique <\/strong>se r\u00e9v\u00e8le absolument impeccable.<\/p>\n<blockquote class=\"wp-block-quote is-style-default is-layout-flow wp-block-quote-is-layout-flow\">\n<p>Feuilleter les pages de ce livre revient \u00e0 passer d\u2019une chambre \u00e0 l\u2019autre en sentant comment la lumi\u00e8re elle-m\u00eame peut \u00eatre observ\u00e9e, calibr\u00e9e, transform\u00e9e en objet de pens\u00e9e. L\u2019impact de la lumi\u00e8re est affectueux, indiff\u00e9rent, voire cruel, tout comme la vie humaine qu\u2019elle \u00e9claire.<\/p>\n<p>David Campany, curateur<\/p><\/blockquote>\n<p>Adepte de <strong>photographies prises depuis l\u2019int\u00e9rieur de son v\u00e9hicule<\/strong>, souvent lors de cr\u00e9puscules nimb\u00e9s de brouillard,<strong> Todd Hido saisit \u00e0 travers le pare-brise des flous impr\u00e9visibles <\/strong>qui ajoutent au <strong>dramatisme<\/strong> et \u00e0 la <strong>po\u00e9sie<\/strong> de ses compositions.<\/p>\n<p>Pour <strong>The Light from Within<\/strong>, la couleur et la luminosit\u00e9 si particuli\u00e8res ont \u00e9t\u00e9 obtenues en photographiant <strong>face au soleil<\/strong>. Ce proc\u00e9d\u00e9 devient pour le photographe une mani\u00e8re de contrer la noirceur ambiante et de faire entrer la lumi\u00e8re. <strong>R\u00e9silience et espoir<\/strong> font bel et bien partie du vocabulaire photographique de l\u2019artiste.\u00a0<\/p>\n<blockquote class=\"wp-block-quote is-layout-flow wp-block-quote-is-layout-flow\">\n<p>Je photographie comme un documentariste, mais je fais mes tirages comme un peintre.<\/p>\n<p>Todd Hido<\/p><\/blockquote>\n<p><img decoding=\"async\" width=\"1400\" height=\"1750\" loading=\"lazy\" src=\"https:\/\/www.europesays.com\/fr\/wp-content\/uploads\/2025\/07\/textuel_hido_7-1.jpg\" alt=\"\" class=\"wp-image-243413\"  \/>\u00a9 Todd Hido #1447-a \/ Kent, Ohio \/ House Hunting, Excerpts from Silver Meadows<\/p>\n<p>Attach\u00e9 \u00e0 s\u2019approcher d\u2019images plus famili\u00e8res, attir\u00e9 par la photographie vernaculaire, Todd Hido a souhait\u00e9 pr\u00e9senter \u00e0 <strong>Arles<\/strong> une <strong>s\u00e9lection de photographies embl\u00e9matiques de son travail<\/strong>, tout en leur adjoignant des <strong>collages de vieilles photographies de famille<\/strong>. \u00c0 l\u2019isolement et la m\u00e9lancolie d\u2019hier semble \u00e0 pr\u00e9sent r\u00e9pondre le r\u00e9confort de liens familiaux. L\u2019exposition<strong> <\/strong><strong>Les Pr\u00e9sages d\u2019une Lueur Int\u00e9rieure<\/strong> atteste d\u2019une mani\u00e8re nouvelle de la <strong>dimension autobiographique<\/strong> des images de Todd Hido. Une confirmation de son emploi de l\u2019appareil photo comme un outil de \u00ab\u00a0reconnaissance\u00a0\u00bb, le photographe n\u2019ayant cess\u00e9 de prendre la route \u00e0 la recherche d\u2019images en rapport <strong>avec ses propres souvenirs<\/strong>.<\/p>\n<p>Une \u0153uvre majeure en \u00e9volution<\/p>\n<p>G\u00e9nie de l\u2019image, Todd Hido est par ailleurs l\u2019un des plus fervents <strong>collectionneurs de livres photographiques<\/strong>. Propri\u00e9taire d\u2019une<strong> biblioth\u00e8que personnelle de plus de 8500\u00a0ouvrages<\/strong> de toutes origines, le photographe met un point d\u2019honneur \u00e0 publier son travail. R\u00e9guli\u00e8rement expos\u00e9 dans les plus grands mus\u00e9es et collections priv\u00e9es, Todd Hido est consid\u00e9r\u00e9 comme l\u2019un des ma\u00eetres contemporains du <strong>paysage habit\u00e9<\/strong> et de la <strong>photographie narrative<\/strong>.<\/p>\n<p>Propos\u00e9 dans une \u00e9dition r\u00e9vis\u00e9e depuis sa parution originelle de 2016 l\u2019exhaustive monographie <strong>Intimate Distance\u00a0II <\/strong>s\u2019enrichit d\u2019une <strong>nouvelle d\u00e9cennie d\u2019images<\/strong>, parfois <strong>in\u00e9dites<\/strong>, r\u00e9alis\u00e9es aux<strong> \u00c9tats-Unis<\/strong>, mais \u00e9galement pour la premi\u00e8re fois <strong>France<\/strong>, en <strong>Islande<\/strong> ou au <strong>Japon<\/strong>. Partout, Todd Hido a su traquer ces sc\u00e8nes si embl\u00e9matiques de son \u00e9criture photographique.<\/p>\n<p>S\u2019ouvrant sur les mots de<strong> <\/strong><a href=\"https:\/\/phototrend.fr\/tag\/david-campany\/\" target=\"_blank\" rel=\"noopener\">David Campany<\/a>, Intimate Distance II met en exergue tout le dramatisme dont la photographie sait se montrer capable.\u00a0Pour mieux appuyer la <strong>construction d\u2019un style<\/strong>, son <strong>aboutissement<\/strong>, l\u2019organisation des pages respecte la <strong>chronologie<\/strong> de l\u2019\u0153uvre de Todd Hido.\u00a0Aux c\u00f4t\u00e9s du commissaire et essayiste, Katya Tylevich signe les textes de la monographie.<\/p>\n<blockquote class=\"wp-block-quote is-layout-flow wp-block-quote-is-layout-flow\">\n<p>\u00a0Si ces photographies semblent narratives, c\u2019est parce qu\u2019elles sugg\u00e8rent des histoires non racont\u00e9es et de possibles sc\u00e9narios. Derri\u00e8re les rideaux de la maison, il se passe peut-\u00eatre quelque chose, ou rien du tout.<\/p>\n<p>David Campany<\/p><\/blockquote>\n<p>Livre le plus complet consacr\u00e9 \u00e0 Todd Hido, <strong>Intimate Distance\u00a0II <\/strong>(29 x 24,5 cm, 320\u00a0pages) est propos\u00e9 par les <a href=\"https:\/\/www.editionstextuel.com\/livre\/intimate_distance_ii\" target=\"_blank\" rel=\"noopener\">\u00e9ditions Textuel<\/a>. Il est disponible <a href=\"https:\/\/www.awin1.com\/cread.php?awinmid=12665&amp;awinaffid=282185&amp;clickref=&amp;p=https:\/\/www.fnac.com\/a21300145\/Todd-Hido-Intimate-Distance-II\" target=\"_blank\" rel=\"noopener\">au tarif de 69 \u20ac<\/a>. L\u2019ouvrage rejoint une collection litt\u00e9raire comptant d\u00e9j\u00e0 plus d\u2019une dizaine de livres photo.<\/p>\n<p><img decoding=\"async\" width=\"1400\" height=\"1689\" loading=\"lazy\" src=\"https:\/\/www.europesays.com\/fr\/wp-content\/uploads\/2025\/07\/couv_hido_intimate-distance-2.jpg\" alt=\"\" class=\"wp-image-243408\"  \/>Couverture, Todd Hido, Intimate Distance II \u00a9 Textuel<\/p>\n<p><strong>L\u2019exposition Todd Hido, Les<\/strong><strong> Pr\u00e9sages d\u2019une Lueur Int\u00e9rieure<\/strong> est <strong>\u00e0 d\u00e9couvrir jusqu\u2019au 5\u00a0octobre 2025 \u00e0 l\u2019Espace Van Gogh de Arles<\/strong> \u00e0 l\u2019occasion des <strong><a href=\"https:\/\/phototrend.fr\/2025\/06\/rencontres-arles-2025\/\" target=\"_blank\" rel=\"noopener\">56e\u00a0Rencontres de la Photographie<\/a><\/strong>.\u00a0Une programmation et une publication comme un double regard sur une \u0153uvre en constante r\u00e9invention, \u00e0 la fois fid\u00e8le \u00e0 elle-m\u00eame et toujours en introspection.<\/p>\n","protected":false},"excerpt":{"rendered":"Ma\u00eetre de la lumi\u00e8re et du myst\u00e8re, Todd Hido explore depuis plus de trente ans la m\u00e9lancolie et&hellip;\n","protected":false},"author":2,"featured_media":254783,"comment_status":"","ping_status":"","sticky":false,"template":"","format":"standard","meta":{"footnotes":""},"categories":[1358],"tags":[9417,39498,1348,1384,1385,1386,58,59,11615,1011,27,39499,39500,39501,35279,39502,39503],"class_list":{"0":"post-254782","1":"post","2":"type-post","3":"status-publish","4":"format-standard","5":"has-post-thumbnail","7":"category-arts-et-design","8":"tag-arles","9":"tag-arles-2025","10":"tag-arts","11":"tag-arts-and-design","12":"tag-arts-et-design","13":"tag-design","14":"tag-divertissement","15":"tag-entertainment","16":"tag-featured","17":"tag-fr","18":"tag-france","19":"tag-photographe-americaine","20":"tag-photographie-ameliore","21":"tag-photographie-americaine","22":"tag-rencontres-darles","23":"tag-todd-hido","24":"tag-zoom-photographe"},"share_on_mastodon":{"url":"https:\/\/pubeurope.com\/@fr\/114870552413063031","error":""},"_links":{"self":[{"href":"https:\/\/www.europesays.com\/fr\/wp-json\/wp\/v2\/posts\/254782","targetHints":{"allow":["GET"]}}],"collection":[{"href":"https:\/\/www.europesays.com\/fr\/wp-json\/wp\/v2\/posts"}],"about":[{"href":"https:\/\/www.europesays.com\/fr\/wp-json\/wp\/v2\/types\/post"}],"author":[{"embeddable":true,"href":"https:\/\/www.europesays.com\/fr\/wp-json\/wp\/v2\/users\/2"}],"replies":[{"embeddable":true,"href":"https:\/\/www.europesays.com\/fr\/wp-json\/wp\/v2\/comments?post=254782"}],"version-history":[{"count":0,"href":"https:\/\/www.europesays.com\/fr\/wp-json\/wp\/v2\/posts\/254782\/revisions"}],"wp:featuredmedia":[{"embeddable":true,"href":"https:\/\/www.europesays.com\/fr\/wp-json\/wp\/v2\/media\/254783"}],"wp:attachment":[{"href":"https:\/\/www.europesays.com\/fr\/wp-json\/wp\/v2\/media?parent=254782"}],"wp:term":[{"taxonomy":"category","embeddable":true,"href":"https:\/\/www.europesays.com\/fr\/wp-json\/wp\/v2\/categories?post=254782"},{"taxonomy":"post_tag","embeddable":true,"href":"https:\/\/www.europesays.com\/fr\/wp-json\/wp\/v2\/tags?post=254782"}],"curies":[{"name":"wp","href":"https:\/\/api.w.org\/{rel}","templated":true}]}}