{"id":254784,"date":"2025-07-17T20:51:09","date_gmt":"2025-07-17T20:51:09","guid":{"rendered":"https:\/\/www.europesays.com\/fr\/254784\/"},"modified":"2025-07-17T20:51:09","modified_gmt":"2025-07-17T20:51:09","slug":"apres-dix-ans-a-la-tete-dune-librairie-de-cherbourg-anne-laure-passe-le-relais","status":"publish","type":"post","link":"https:\/\/www.europesays.com\/fr\/254784\/","title":{"rendered":"Apr\u00e8s dix ans \u00e0 la t\u00eate d\u2019une librairie de Cherbourg, Anne-Laure passe le relais"},"content":{"rendered":"<p>            Par<br \/>\n        <strong><br \/>\n            <a href=\"https:\/\/actu.fr\/auteur\/redaction-pressemanche\" title=\"Consulter tous les articles de R\u00e9daction La Presse de la Manche\" rel=\"nofollow noopener\" target=\"_blank\">R\u00e9daction La Presse de la Manche<\/a><br \/>\n        <\/strong><\/p>\n<p>        Publi\u00e9 le<\/p>\n<p>            17 juil. 2025 \u00e0 19h52        <\/p>\n<p>Une page se tourne pour <b>la librairie<\/b> de la <b>place Henry-Gr\u00e9ville<\/b> \u00e0 <a href=\"https:\/\/actu.fr\/normandie\/cherbourg-en-cotentin_50129\" rel=\"nofollow noopener\" target=\"_blank\">Cherbourg <\/a>(Manche), <a href=\"https:\/\/www.schistesbleus.com\/\" rel=\"nofollow noopener\" target=\"_blank\">Les Schistes Bleus<\/a>.<\/p>\n<p class=\" wall-content\">Le <b>samedi 19\u00a0juillet 2025<\/b>, <a href=\"https:\/\/actu.fr\/normandie\/cherbourg-en-cotentin_50129\/anne-laure-est-proprietaire-dune-librairie-a-cherbourg-il-faut-etre-un-lecteur-obsessionnel_62254651.html\" rel=\"nofollow noopener\" target=\"_blank\">pour Anne-Laure Verien<\/a>, \u00e0 la t\u00eate de la librairie depuis dix ans, ce sera non seulement l\u2019heure des <b>vacances<\/b>, mais aussi le moment de passer le t\u00e9moin \u00e0 une nouvelle libraire, <b>Sandrine Burnouf-Moncuit.<\/b><\/p>\n<blockquote class=\"ac-article-quote wall-content\">\n<p>Dix ans, c\u2019est la fin d\u2019un cycle. Je suis heureuse d\u2019avoir pu faire revivre cette librairie, j\u2019ai pu l\u2019emmener o\u00f9 je le voulais, y d\u00e9velopper des projets, mais on travaille tout le temps et j\u2019aspire \u00e0 d\u00e9velopper d\u2019autres id\u00e9es, \u00e0 prendre le temps de r\u00e9fl\u00e9chir. Je pars sereinement, car je sais qu\u2019une libraire exp\u00e9riment\u00e9e prend ma place et que l\u2019esprit des schistes va perdurer.<\/p>\n<p>Anne-Laure Verien<\/p><\/blockquote>\n<p class=\" wall-content\">Que les <b>fid\u00e8les lecteurs<\/b> se rassurent, le changement va se faire dans la continuit\u00e9, la librairie gardera <b>son identit\u00e9<\/b>.<\/p>\n<p class=\" wall-content\">Sandrine Burnouf-Moncuit, libraire depuis de longues ann\u00e9es \u00e0 Cherbourg, au Forum, \u00e0 la <a href=\"https:\/\/www.librairieryst.fr\/\" rel=\"nofollow noopener\" target=\"_blank\">librairie Ryst<\/a>, veut garder l\u2019esprit \u00ab\u2009librairie de <b>quartier<\/b>\u2009\u00bb, lieu <b>convivial <\/b>et d\u2019<b>\u00e9changes enthousiastes<\/b>, de <b>rencontres.<\/b><\/p>\n<p>    <a href=\"https:\/\/www.facebook.com\/plugins\/post.php?href=https%3A%2F%2Fwww.facebook.com%2Fsandrine.burnoufmoncuit.5%2Fposts%2Fpfbid02tfEKa1KN9z6j9vQjMLUZFcFhZwtHmnGtiNcANmKw445cZbjUmFXfSiMYCctbZXoal&amp;show_text=true&amp;width=350\" title=\"Ouvrie le lien\" rel=\"nofollow noopener\" target=\"_blank\">Cliquez ici pour visualiser le contenu<\/a><\/p>\n<p>Vid\u00e9os : en ce moment sur ActuDe nombreux remerciements<\/p>\n<p class=\" wall-content\">\u00ab\u2009Garder l\u2019esprit des lieux et <b>faire perdurer le travail<\/b> de mes <b>deux pr\u00e9d\u00e9cesseures<\/b>, B\u00e9atrice L\u00e9curu pendant quinze ans puis Anne-Laure, tout en y mettant <b>ma patte personnelle<\/b>\u2009\u00bb, r\u00e9sume Sandrine.<\/p>\n<p class=\" wall-content\">Elle a h\u00e2te d\u2019\u00eatre au <b>20\u00a0ao\u00fbt, <\/b>date pr\u00e9vue pour la <b>r\u00e9ouverture, <\/b>pour partager ses lectures <b>d\u2019\u00e9t\u00e9 <\/b>et ses <b>coups de c\u0153ur<\/b>.<\/p>\n<blockquote class=\"ac-article-quote wall-content\">\n<p>Cela me manquait de parler des livres que j\u2019avais lus et de partager mon enthousiasme.<\/p>\n<p>Sandrine Burnouf-Moncuit<\/p><\/blockquote>\n<p class=\" wall-content\">Depuis l\u2019annonce du d\u00e9part d\u2019Anne-Laure, celle-ci re\u00e7oit de <b>nombreux remerciements<\/b> de la part de <b>ses clients<\/b>, pour avoir su cr\u00e9er ce bel endroit, dans lequel <b>curiosit\u00e9 <\/b>et \u00e9changes sont les ma\u00eetres mots.<\/p>\n<p class=\" wall-content\">\u00ab\u2009Merci \u00e0 toutes les personnes qui m\u2019ont manifest\u00e9 <b>soutien et encouragement<\/b> et \u00e0 ceux qui sont pass\u00e9s me dire au revoir. Je reste \u00e0 Cherbourg, peut-\u00eatre que nous nous croiserons aux Schistes Bleus\u2009\u00bb, conclut Anne-Laure.<\/p>\n<p class=\" wall-content\"><b>De notre correspondante Karen PENVERN<\/b><\/p>\n<p>Les Schistes Bleus, 19 place Henry-Gr\u00e9ville. Fermeture pour cong\u00e9s du 19\u00a0juillet au 20\u00a0ao\u00fbt.<\/p>\n<p class=\" wall-content\">Suivez toute l\u2019actualit\u00e9 de vos villes et m\u00e9dias favoris en vous inscrivant \u00e0 <a href=\"https:\/\/moncompte.actu.fr\" title=\"D\u00e9couvez Mon Actu\" rel=\"nofollow noopener\" data-trk=\"{&quot;cta&quot;:{&quot;action&quot;:&quot;https:\\\/\\\/moncompte.actu.fr&quot;,&quot;category&quot;:&quot;mon compte&quot;,&quot;from&quot;:&quot;article footer&quot;,&quot;name&quot;:&quot;Mon actu&quot;,&quot;type&quot;:&quot;cta&quot;}}\" target=\"_blank\">Mon Actu<\/a>.<\/p>\n","protected":false},"excerpt":{"rendered":"Par R\u00e9daction La Presse de la Manche Publi\u00e9 le 17 juil. 2025 \u00e0 19h52 Une page se tourne&hellip;\n","protected":false},"author":2,"featured_media":254785,"comment_status":"","ping_status":"","sticky":false,"template":"","format":"standard","meta":{"footnotes":""},"categories":[1357],"tags":[1379,33304,3168,58,33,59,1011,27,1380],"class_list":{"0":"post-254784","1":"post","2":"type-post","3":"status-publish","4":"format-standard","5":"has-post-thumbnail","7":"category-livres","8":"tag-books","9":"tag-commerces-a-cherbourg","10":"tag-cotentin","11":"tag-divertissement","12":"tag-economie","13":"tag-entertainment","14":"tag-fr","15":"tag-france","16":"tag-livres"},"share_on_mastodon":{"url":"https:\/\/pubeurope.com\/@fr\/114870556024838395","error":""},"_links":{"self":[{"href":"https:\/\/www.europesays.com\/fr\/wp-json\/wp\/v2\/posts\/254784","targetHints":{"allow":["GET"]}}],"collection":[{"href":"https:\/\/www.europesays.com\/fr\/wp-json\/wp\/v2\/posts"}],"about":[{"href":"https:\/\/www.europesays.com\/fr\/wp-json\/wp\/v2\/types\/post"}],"author":[{"embeddable":true,"href":"https:\/\/www.europesays.com\/fr\/wp-json\/wp\/v2\/users\/2"}],"replies":[{"embeddable":true,"href":"https:\/\/www.europesays.com\/fr\/wp-json\/wp\/v2\/comments?post=254784"}],"version-history":[{"count":0,"href":"https:\/\/www.europesays.com\/fr\/wp-json\/wp\/v2\/posts\/254784\/revisions"}],"wp:featuredmedia":[{"embeddable":true,"href":"https:\/\/www.europesays.com\/fr\/wp-json\/wp\/v2\/media\/254785"}],"wp:attachment":[{"href":"https:\/\/www.europesays.com\/fr\/wp-json\/wp\/v2\/media?parent=254784"}],"wp:term":[{"taxonomy":"category","embeddable":true,"href":"https:\/\/www.europesays.com\/fr\/wp-json\/wp\/v2\/categories?post=254784"},{"taxonomy":"post_tag","embeddable":true,"href":"https:\/\/www.europesays.com\/fr\/wp-json\/wp\/v2\/tags?post=254784"}],"curies":[{"name":"wp","href":"https:\/\/api.w.org\/{rel}","templated":true}]}}