{"id":254788,"date":"2025-07-17T20:53:11","date_gmt":"2025-07-17T20:53:11","guid":{"rendered":"https:\/\/www.europesays.com\/fr\/254788\/"},"modified":"2025-07-17T20:53:11","modified_gmt":"2025-07-17T20:53:11","slug":"camille-yembe-la-nouvelle-sensation-pop-belge-fan-de-raymond-devos-actualites","status":"publish","type":"post","link":"https:\/\/www.europesays.com\/fr\/254788\/","title":{"rendered":"Camille Yembe, la nouvelle sensation pop belge, fan de Raymond Devos : Actualit\u00e9s"},"content":{"rendered":"<p class=\"lead \">Elle a \u00ab\u00a0le go\u00fbt de raconter des histoires\u00a0\u00bb: nouvelle t\u00eate d&rsquo;une pop sans fronti\u00e8res, la chanteuse belgo-congolaise Camille Yembe d\u00e9tonne depuis \u00ab\u00a0Plastique\u00a0\u00bb, premiers pas musicaux assum\u00e9s pour cette fan des concours d&rsquo;\u00e9loquence et de l&rsquo;humoriste Raymond Devos.<\/p>\n<p class=\"lead \">Tout va vite depuis que Camille Yembe a retir\u00e9 sa \u00ab\u00a0peau en plastique\u00a0\u00bb, celle qu&rsquo;elle avait enfil\u00e9e pour \u00ab\u00a0\u00e9viter de tout casser\u00a0\u00bb, comme elle le chante dans \u00ab\u00a0Plastique\u00a0\u00bb, titre de son premier EP (mini album) \u00e9ponyme sorti d\u00e9but juin.<\/p>\n<p class=\"lead \">A 28 ans, elle fait souffler un vent de fra\u00eecheur sur une pop \u00e0 la crois\u00e9e des influences, m\u00e9lodieuse et un brin rock, qui tire aussi vers le rap. La star belge Stromae, as du m\u00e9lange des styles, a valid\u00e9 cette jeune pousse francophone.<\/p>\n<p class=\"lead \">La native de Bruxelles, fille d&rsquo;une m\u00e8re belge et d&rsquo;un p\u00e8re congolais, r\u00eavait secr\u00e8tement de cette vie. \u00ab\u00a0Je faisais des interviews devant mon miroir, je chantais en imaginant un public\u00a0\u00bb, sourit cette joyeuse tornade aux longues dreadlocks.<\/p>\n<p class=\"lead \">Il y a moins de deux ans, elle oscillait pourtant encore entre ses aspirations artistiques et la recherche d&rsquo;une stabilit\u00e9 financi\u00e8re de jeune active. Jusqu&rsquo;au jour o\u00f9 elle d\u00e9cide de plaquer son boulot dans un centre d&rsquo;appels. <\/p>\n<p class=\"lead \">\u00ab\u00a0\u00c7a a l&rsquo;air d&rsquo;\u00eatre simple, mais investir en soi et croire en soi, c&rsquo;est une \u00e9tape qui est difficile mentalement\u00a0\u00bb, souligne-t-elle. D&rsquo;autant que \u00ab\u00a0la musique n&rsquo;est pas un univers accessible. Il faut avoir le temps, les moyens, les contacts.\u00a0\u00bb<\/p>\n<p class=\"lead \">Elle d\u00e9couvre \u00ab\u00a0sur le tas\u00a0\u00bb, comprend \u00ab\u00a0les rouages de l&rsquo;industrie\u00a0\u00bb et apprend que \u00ab\u00a0ce n&rsquo;est pas en un claquement de doigts que tout se passe\u00a0\u00bb.<\/p>\n<p class=\"lead \">Sa perc\u00e9e se confirme cet \u00e9t\u00e9: de nombreux festivals l&rsquo;ont programm\u00e9e, dont l&rsquo;\u00e9norme Dour en Belgique, o\u00f9 elle doit se produire dimanche, et la F\u00eate de l&rsquo;Humanit\u00e9 en septembre.<\/p>\n<p class=\"lead \">&#8211; \u00ab\u00a0Plaisir auditif\u00a0\u00bb &#8211;<\/p>\n<p class=\"lead \">\u00ab\u00a0La musique, \u00e7a a quand m\u00eame \u00e9t\u00e9 mon jardin secret\u00a0\u00bb, glisse l&rsquo;autrice-compositrice-interpr\u00e8te, qui, plus jeune, a \u00ab\u00a0mang\u00e9 toutes les saisons\u00a0\u00bb du t\u00e9l\u00e9-crochet musical \u00ab\u00a0X Factor\u00a0\u00bb en se projetant \u00e0 la place des candidats.<\/p>\n<p class=\"lead \">Adolescente, elle s\u2019accroche \u00e0 cette \u00ab\u00a0bou\u00e9e de sauvetage\u00a0\u00bb quand elle quitte le nid. Elle se met \u00e9galement \u00e0 d\u00e9vorer des vid\u00e9os de concours d&rsquo;\u00e9loquence, r\u00e9alis\u00e9s en banlieues.<\/p>\n<p class=\"lead \">\u00ab\u00a0Comme un podcast, je mettais \u00e7a le matin, je me maquillais, j&rsquo;\u00e9coutais les concours d&rsquo;\u00e9loquence. Vraiment, c&rsquo;\u00e9tait juste un plaisir auditif d&rsquo;entendre les mots, la langue fran\u00e7aise\u00a0\u00bb, rembobine-t-elle.<\/p>\n<p class=\"lead \">\u00ab\u00a0Je voyais des personnes auxquelles je pouvais m&rsquo;identifier, mais qui avaient une mani\u00e8re de parler parfois sup\u00e9rieure \u00e0 la mienne. Et je me disais, waouh, c&rsquo;est beau, \u00e7a peut exister aussi\u00a0\u00bb, explique l&rsquo;artiste. <\/p>\n<p class=\"lead \">Au gr\u00e9 de ses recherches, elle tombe sur les sketchs de Raymond Devos, ma\u00eetre du \u00ab\u00a0flagrant d\u00e9lire\u00a0\u00bb d\u00e9c\u00e9d\u00e9 en 2006.<\/p>\n<p class=\"lead \">\u00ab\u00a0Et&#8230;coup de foudre. Mais qui peut d\u00e9fier Raymond Devos ? Pour moi, s&rsquo;il \u00e9tait l\u00e0, il mangerait le +rap game+, parce qu&rsquo;il est trop fort en termes de tournure de phrases !\u00a0\u00bb, lance Camille Yembe.  <\/p>\n<p class=\"lead \">&#8211; St\u00e9fi Celma, Tiakola &#8211;<\/p>\n<p class=\"lead \">Elle-m\u00eame commence la musique par l&rsquo;\u00e9criture, en tant qu&rsquo;autrice.<\/p>\n<p class=\"lead \">A la faveur d&rsquo;une r\u00e9sidence, elle apprend \u00e0 faire vivre ses textes \u00ab\u00a0au travers d&rsquo;autres voix\u00a0\u00bb, en travaillant d&rsquo;abord avec la chanteuse et com\u00e9dienne St\u00e9fi Celma (\u00ab\u00a0Dix pour cent\u00a0\u00bb), puis avec des artistes fran\u00e7ais de la sph\u00e8re hip-hop comme Eva et le rappeur \u00e0 succ\u00e8s Tiakola.<\/p>\n<p class=\"lead \">Au d\u00e9part, \u00ab\u00a0j&rsquo;avais peur que \u00e7a vienne aspirer un peu mon inspiration et qu&rsquo;il n&rsquo;en reste plus pour moi\u00a0\u00bb, se souvient-elle.<\/p>\n<p class=\"lead \">Ce brassage produit tout l&rsquo;inverse: \u00ab\u00a0Je prends un petit peu de chaque personne, de chaque exp\u00e9rience et \u00e7a ne fait que grandir mon projet\u00a0\u00bb, loue l&rsquo;artiste.<\/p>\n<p class=\"lead \">R\u00e9sultat: aux pr\u00e9mices de sa carri\u00e8re, Camille Yembe \u00e9tonne autant par sa spontan\u00e9it\u00e9 que sa maturit\u00e9.<\/p>\n<p class=\"lead \">\u00ab\u00a0J&rsquo;ai tellement de choses \u00e0 dire encore !\u00a0\u00bb, lance la jeune femme, qui positionne sa musique entre \u00ab\u00a0un journal intime\u00a0\u00bb et un discours \u00ab\u00a0de l&rsquo;ordre de l&rsquo;affirmation\u00a0\u00bb, capable de r\u00e9sonner chez d&rsquo;autres.<\/p>\n<p class=\"lead \">Elle se dit sans pression pour la suite, d\u00e9j\u00e0 attel\u00e9e \u00e0 un disque pr\u00e9vu pour 2026.<\/p>\n<p class=\"small font-weight-bold text-gray3 \"> publi\u00e9 le 17 juillet \u00e0 21h06, AFP<\/p>\n<p>                             Partager<\/p>\n","protected":false},"excerpt":{"rendered":"Elle a \u00ab\u00a0le go\u00fbt de raconter des histoires\u00a0\u00bb: nouvelle t\u00eate d&rsquo;une pop sans fronti\u00e8res, la chanteuse belgo-congolaise Camille&hellip;\n","protected":false},"author":2,"featured_media":254789,"comment_status":"","ping_status":"","sticky":false,"template":"","format":"standard","meta":{"footnotes":""},"categories":[1355],"tags":[828,1971,58,59,849,1011,27,1361,873],"class_list":{"0":"post-254788","1":"post","2":"type-post","3":"status-publish","4":"format-standard","5":"has-post-thumbnail","7":"category-musique","8":"tag-belgique","9":"tag-clbrits","10":"tag-divertissement","11":"tag-entertainment","12":"tag-festival","13":"tag-fr","14":"tag-france","15":"tag-music","16":"tag-musique"},"share_on_mastodon":{"url":"https:\/\/pubeurope.com\/@fr\/114870563891146324","error":""},"_links":{"self":[{"href":"https:\/\/www.europesays.com\/fr\/wp-json\/wp\/v2\/posts\/254788","targetHints":{"allow":["GET"]}}],"collection":[{"href":"https:\/\/www.europesays.com\/fr\/wp-json\/wp\/v2\/posts"}],"about":[{"href":"https:\/\/www.europesays.com\/fr\/wp-json\/wp\/v2\/types\/post"}],"author":[{"embeddable":true,"href":"https:\/\/www.europesays.com\/fr\/wp-json\/wp\/v2\/users\/2"}],"replies":[{"embeddable":true,"href":"https:\/\/www.europesays.com\/fr\/wp-json\/wp\/v2\/comments?post=254788"}],"version-history":[{"count":0,"href":"https:\/\/www.europesays.com\/fr\/wp-json\/wp\/v2\/posts\/254788\/revisions"}],"wp:featuredmedia":[{"embeddable":true,"href":"https:\/\/www.europesays.com\/fr\/wp-json\/wp\/v2\/media\/254789"}],"wp:attachment":[{"href":"https:\/\/www.europesays.com\/fr\/wp-json\/wp\/v2\/media?parent=254788"}],"wp:term":[{"taxonomy":"category","embeddable":true,"href":"https:\/\/www.europesays.com\/fr\/wp-json\/wp\/v2\/categories?post=254788"},{"taxonomy":"post_tag","embeddable":true,"href":"https:\/\/www.europesays.com\/fr\/wp-json\/wp\/v2\/tags?post=254788"}],"curies":[{"name":"wp","href":"https:\/\/api.w.org\/{rel}","templated":true}]}}