{"id":254800,"date":"2025-07-17T20:59:14","date_gmt":"2025-07-17T20:59:14","guid":{"rendered":"https:\/\/www.europesays.com\/fr\/254800\/"},"modified":"2025-07-17T20:59:14","modified_gmt":"2025-07-17T20:59:14","slug":"attention-ces-capsules-de-cafe-sont-rappelees-dans-toute-la-france-pour-risque-sanitaire","status":"publish","type":"post","link":"https:\/\/www.europesays.com\/fr\/254800\/","title":{"rendered":"Attention, ces capsules de caf\u00e9 sont rappel\u00e9es dans toute la France pour risque sanitaire"},"content":{"rendered":"<p>Prudence si vous avez r\u00e9cemment achet\u00e9 des capsules de caf\u00e9 chez Aldi. Un rappel est en cours dans toute la France concernant les capsules Barissimo- espresso forte commercialis\u00e9es depuis le 11 mars 2025.<\/p>\n<p>La raison? Une\u00a0\u00ab\u00a0teneur en ochratoxine A (mycotoxine) sup\u00e9rieure \u00e0 la r\u00e9glementation en vigueur. Les mycotoxines sont des substances produites par des champignons microscopiques. Ces substances peuvent pr\u00e9senter un risque sanitaire en cas de consommation importante et r\u00e9p\u00e9t\u00e9e sur le long terme.\u00a0\u00bb<\/p>\n<p>Voici les r\u00e9f\u00e9rences rappel\u00e9es: <br \/>&#13;<br \/>\n&#8211; GTIN : 2006050119707, lot C0404425, date de durabilit\u00e9 minimale 13\/02\/2027 <br \/>&#13;<br \/>\n&#8211; GTIN 2006050119707, lot C0404525, date de durabilit\u00e9 minimale 14\/02\/2027 <br \/>&#13;<br \/>\n&#8211; GTIN 2006050119707, lot C0404825, date de durabilit\u00e9 minimale 17\/02\/2027 <br \/>&#13;<br \/>\n&#8211; GTIN 2006050119707, lot C0404925, date de durabilit\u00e9 minimale 18\/02\/2027 <br \/>&#13;<br \/>\n&#8211; GTIN 2006050119707, lot C0405025, date de durabilit\u00e9 minimale 19\/02\/2027 <br \/>&#13;<br \/>\n&#8211; GTIN 2006050119707, lot C0405125, date de durabilit\u00e9 minimale 20\/02\/2027\u00a0<\/p>\n<p>Les consommateurs sont invit\u00e9s \u00e0 les ramener en magasin afin d&rsquo;\u00eatre rembours\u00e9s.<\/p>\n","protected":false},"excerpt":{"rendered":"Prudence si vous avez r\u00e9cemment achet\u00e9 des capsules de caf\u00e9 chez Aldi. Un rappel est en cours dans&hellip;\n","protected":false},"author":2,"featured_media":254801,"comment_status":"","ping_status":"","sticky":false,"template":"","format":"standard","meta":{"footnotes":""},"categories":[6],"tags":[35,2876,33,34,1011,27],"class_list":{"0":"post-254800","1":"post","2":"type-post","3":"status-publish","4":"format-standard","5":"has-post-thumbnail","7":"category-economie","8":"tag-business","9":"tag-conso-shopping","10":"tag-economie","11":"tag-economy","12":"tag-fr","13":"tag-france"},"share_on_mastodon":{"url":"https:\/\/pubeurope.com\/@fr\/114870587660360203","error":""},"_links":{"self":[{"href":"https:\/\/www.europesays.com\/fr\/wp-json\/wp\/v2\/posts\/254800","targetHints":{"allow":["GET"]}}],"collection":[{"href":"https:\/\/www.europesays.com\/fr\/wp-json\/wp\/v2\/posts"}],"about":[{"href":"https:\/\/www.europesays.com\/fr\/wp-json\/wp\/v2\/types\/post"}],"author":[{"embeddable":true,"href":"https:\/\/www.europesays.com\/fr\/wp-json\/wp\/v2\/users\/2"}],"replies":[{"embeddable":true,"href":"https:\/\/www.europesays.com\/fr\/wp-json\/wp\/v2\/comments?post=254800"}],"version-history":[{"count":0,"href":"https:\/\/www.europesays.com\/fr\/wp-json\/wp\/v2\/posts\/254800\/revisions"}],"wp:featuredmedia":[{"embeddable":true,"href":"https:\/\/www.europesays.com\/fr\/wp-json\/wp\/v2\/media\/254801"}],"wp:attachment":[{"href":"https:\/\/www.europesays.com\/fr\/wp-json\/wp\/v2\/media?parent=254800"}],"wp:term":[{"taxonomy":"category","embeddable":true,"href":"https:\/\/www.europesays.com\/fr\/wp-json\/wp\/v2\/categories?post=254800"},{"taxonomy":"post_tag","embeddable":true,"href":"https:\/\/www.europesays.com\/fr\/wp-json\/wp\/v2\/tags?post=254800"}],"curies":[{"name":"wp","href":"https:\/\/api.w.org\/{rel}","templated":true}]}}