{"id":254807,"date":"2025-07-17T21:03:18","date_gmt":"2025-07-17T21:03:18","guid":{"rendered":"https:\/\/www.europesays.com\/fr\/254807\/"},"modified":"2025-07-17T21:03:18","modified_gmt":"2025-07-17T21:03:18","slug":"saint-chamond-un-nouveau-sentier-dinterpretation-inaugure-a-saint-martin-en-coailleux","status":"publish","type":"post","link":"https:\/\/www.europesays.com\/fr\/254807\/","title":{"rendered":"Saint-Chamond. Un nouveau sentier d\u2019interpr\u00e9tation inaugur\u00e9 \u00e0 Saint-Martin-en-Coailleux"},"content":{"rendered":"<p>Samedi 12\u00a0juillet, \u00e0 l\u2019ombre de la halle du clos des S\u0153urs, un public nombreux s\u2019\u00e9tait r\u00e9uni. Yves Alamercery, conseiller d\u00e9l\u00e9gu\u00e9 \u00e0 la valorisation du patrimoine naturel, a d\u00e9taill\u00e9 le travail r\u00e9alis\u00e9\u00a0: \u00ab\u00a0Saint-Chamond peut s\u2019enorgueillir d\u2019\u00eatre parcourue par 11 sentiers d\u2019interpr\u00e9tation et du GR7 (sentier national de Grande randonn\u00e9e), chacun offrant de belles possibilit\u00e9s de marcher au c\u0153ur de la nature et des paysages.<\/p>\n<p>Il faut les entretenir cependant. C\u2019est ce que la Ville s\u2019est employ\u00e9e \u00e0 faire, en&#8230;<\/p>\n","protected":false},"excerpt":{"rendered":"Samedi 12\u00a0juillet, \u00e0 l\u2019ombre de la halle du clos des S\u0153urs, un public nombreux s\u2019\u00e9tait r\u00e9uni. Yves Alamercery,&hellip;\n","protected":false},"author":2,"featured_media":254808,"comment_status":"","ping_status":"","sticky":false,"template":"","format":"standard","meta":{"footnotes":""},"categories":[9653],"tags":[1111,11,2430,7539,436,1777,674,1011,27,9588,12,25,9669,9670,4001],"class_list":{"0":"post-254807","1":"post","2":"type-post","3":"status-publish","4":"format-standard","5":"has-post-thumbnail","7":"category-saint-etienne","8":"tag-actu","9":"tag-actualites","10":"tag-auvergne-rhone-alpes","11":"tag-edition-loire-sud","12":"tag-environnement","13":"tag-eu","14":"tag-europe","15":"tag-fr","16":"tag-france","17":"tag-ici-on-agit","18":"tag-news","19":"tag-republique-francaise","20":"tag-saint-chamond","21":"tag-saint-chamond-ville","22":"tag-saint-etienne"},"share_on_mastodon":{"url":"https:\/\/pubeurope.com\/@fr\/114870603271871439","error":""},"_links":{"self":[{"href":"https:\/\/www.europesays.com\/fr\/wp-json\/wp\/v2\/posts\/254807","targetHints":{"allow":["GET"]}}],"collection":[{"href":"https:\/\/www.europesays.com\/fr\/wp-json\/wp\/v2\/posts"}],"about":[{"href":"https:\/\/www.europesays.com\/fr\/wp-json\/wp\/v2\/types\/post"}],"author":[{"embeddable":true,"href":"https:\/\/www.europesays.com\/fr\/wp-json\/wp\/v2\/users\/2"}],"replies":[{"embeddable":true,"href":"https:\/\/www.europesays.com\/fr\/wp-json\/wp\/v2\/comments?post=254807"}],"version-history":[{"count":0,"href":"https:\/\/www.europesays.com\/fr\/wp-json\/wp\/v2\/posts\/254807\/revisions"}],"wp:featuredmedia":[{"embeddable":true,"href":"https:\/\/www.europesays.com\/fr\/wp-json\/wp\/v2\/media\/254808"}],"wp:attachment":[{"href":"https:\/\/www.europesays.com\/fr\/wp-json\/wp\/v2\/media?parent=254807"}],"wp:term":[{"taxonomy":"category","embeddable":true,"href":"https:\/\/www.europesays.com\/fr\/wp-json\/wp\/v2\/categories?post=254807"},{"taxonomy":"post_tag","embeddable":true,"href":"https:\/\/www.europesays.com\/fr\/wp-json\/wp\/v2\/tags?post=254807"}],"curies":[{"name":"wp","href":"https:\/\/api.w.org\/{rel}","templated":true}]}}