{"id":254816,"date":"2025-07-17T21:10:15","date_gmt":"2025-07-17T21:10:15","guid":{"rendered":"https:\/\/www.europesays.com\/fr\/254816\/"},"modified":"2025-07-17T21:10:15","modified_gmt":"2025-07-17T21:10:15","slug":"roderick-cox-a-la-baguette-pour-dvorak-symphonie-du-nouveau-monde","status":"publish","type":"post","link":"https:\/\/www.europesays.com\/fr\/254816\/","title":{"rendered":"Roderick Cox \u00e0 la baguette pour \u00ab Dvo\u0159\u00e1k, Symphonie du nouveau monde \u00bb"},"content":{"rendered":"<p>Pour Radio France l\u2019\u00e9crivain Christian Wasselin commente ce concert au Corum <\/p>\n<p>\u00ab\u00a0Voil\u00e0 un concert fraternel, dont l\u2019enthousiaste Concerto pour piano de Schumann constitue le c\u0153ur. Le premier mouvement de ce concerto fut d\u2019abord con\u00e7u sous la forme d\u2019une fantaisie pour piano et orchestre, \u00e9crite au d\u00e9but des ann\u00e9es 1840. Schumann lui ajouta plus tard les deux mouvements encha\u00een\u00e9s qui suivent. Et s\u2019il se r\u00e9solut \u00e0 mettre au point un concerto dans les r\u00e8gles, c\u2019est que sa vie, \u00e0 cette \u00e9poque, \u00e9tait port\u00e9e par une s\u00e9r\u00e9nit\u00e9 qui fut loin d\u2019\u00eatre l\u2019humeur la plus constante de sa vie. Un concerto en trois mouvements, pour le Schumann de trente-cinq ans, c\u2019\u00e9tait aussi bien un hommage \u00e0 la stabilit\u00e9 d\u2019une forme qu\u2019un cri de joie devant l\u2019\u00e9quilibre personnel tout \u00e0 coup retrouv\u00e9.<\/p>\n<p>Schumann \u00e9crivait du jeune Brahms \u00e2g\u00e9 de vingt ans : \u00ab Il est venu cet \u00e9lu, au berceau duquel les gr\u00e2ces et les h\u00e9ros semblent avoir veill\u00e9. \u00bb Le Schicksalslied (\u00ab Chant du destin \u00bb) fait partie des pages pour ch\u0153ur et orchestre \u2013 dont la Rhapsodie pour contralto, ch\u0153ur et orchestre, compos\u00e9e simultan\u00e9ment au Chant du destin \u2013 dans lesquelles le compositeur se confie tout en puisant \u00e0 diff\u00e9rentes sources d\u2019inspiration. Il repose sur un po\u00e8me ench\u00e2ss\u00e9 par H\u00f6lderlin dans son roman Hyperion, qui exalte la nostalgie d\u2019une Gr\u00e8ce id\u00e9ale et, comme le dit Jean-Alexandre M\u00e9n\u00e9trier, \u00ab oppose \u00e0 la f\u00e9licit\u00e9 \u00e9ternelle des dieux le sort affreux de l\u2019humanit\u00e9, jouet d\u2019un destin aveugle, sombrant dans l\u2019inconnu de toute \u00e9ternit\u00e9 \u00bb.<\/p>\n<p>Plus tard, Brahms sera frapp\u00e9 par le talent d\u2019un jeune musicien tch\u00e8que, Anton\u00edn Dvo\u0159\u00e1k, et le recommandera aupr\u00e8s de son \u00e9diteur. Compos\u00e9e et cr\u00e9\u00e9e en 1893 \u00e0 New York, la Symphonie du Nouveau Monde a fait plus pour sa c\u00e9l\u00e9brit\u00e9 que l\u2019ensemble de ses autres partitions r\u00e9unies. Est-ce son titre ? son imp\u00e9tuosit\u00e9 m\u00eal\u00e9e de nostalgie ? Si Dvo\u0159\u00e1k, au fa\u00eete de la c\u00e9l\u00e9brit\u00e9, avait accept\u00e9 de partir pour l\u2019Am\u00e9rique, en 1892, afin de devenir directeur du conservatoire de New York, poste qu\u2019il occupa pendant quatre ans, c\u2019est le compositeur, sur place, qui fut fouett\u00e9 par les paysages et toutes les musiques m\u00eal\u00e9es qu\u2019il lui fut donn\u00e9 d\u2019entendre ou seulement de percevoir dans le grand brassage am\u00e9ricain.<\/p>\n","protected":false},"excerpt":{"rendered":"Pour Radio France l\u2019\u00e9crivain Christian Wasselin commente ce concert au Corum \u00ab\u00a0Voil\u00e0 un concert fraternel, dont l\u2019enthousiaste Concerto&hellip;\n","protected":false},"author":2,"featured_media":254817,"comment_status":"","ping_status":"","sticky":false,"template":"","format":"standard","meta":{"footnotes":""},"categories":[9599],"tags":[1111,11,1697,1777,674,1011,27,1652,2208,12,2680,25],"class_list":{"0":"post-254816","1":"post","2":"type-post","3":"status-publish","4":"format-standard","5":"has-post-thumbnail","7":"category-montpellier","8":"tag-actu","9":"tag-actualites","10":"tag-concert","11":"tag-eu","12":"tag-europe","13":"tag-fr","14":"tag-france","15":"tag-loisirs-culture","16":"tag-montpellier","17":"tag-news","18":"tag-occitanie","19":"tag-republique-francaise"},"share_on_mastodon":{"url":"https:\/\/pubeurope.com\/@fr\/114870630775786047","error":""},"_links":{"self":[{"href":"https:\/\/www.europesays.com\/fr\/wp-json\/wp\/v2\/posts\/254816","targetHints":{"allow":["GET"]}}],"collection":[{"href":"https:\/\/www.europesays.com\/fr\/wp-json\/wp\/v2\/posts"}],"about":[{"href":"https:\/\/www.europesays.com\/fr\/wp-json\/wp\/v2\/types\/post"}],"author":[{"embeddable":true,"href":"https:\/\/www.europesays.com\/fr\/wp-json\/wp\/v2\/users\/2"}],"replies":[{"embeddable":true,"href":"https:\/\/www.europesays.com\/fr\/wp-json\/wp\/v2\/comments?post=254816"}],"version-history":[{"count":0,"href":"https:\/\/www.europesays.com\/fr\/wp-json\/wp\/v2\/posts\/254816\/revisions"}],"wp:featuredmedia":[{"embeddable":true,"href":"https:\/\/www.europesays.com\/fr\/wp-json\/wp\/v2\/media\/254817"}],"wp:attachment":[{"href":"https:\/\/www.europesays.com\/fr\/wp-json\/wp\/v2\/media?parent=254816"}],"wp:term":[{"taxonomy":"category","embeddable":true,"href":"https:\/\/www.europesays.com\/fr\/wp-json\/wp\/v2\/categories?post=254816"},{"taxonomy":"post_tag","embeddable":true,"href":"https:\/\/www.europesays.com\/fr\/wp-json\/wp\/v2\/tags?post=254816"}],"curies":[{"name":"wp","href":"https:\/\/api.w.org\/{rel}","templated":true}]}}