{"id":254823,"date":"2025-07-17T21:16:13","date_gmt":"2025-07-17T21:16:13","guid":{"rendered":"https:\/\/www.europesays.com\/fr\/254823\/"},"modified":"2025-07-17T21:16:13","modified_gmt":"2025-07-17T21:16:13","slug":"pres-de-rennes-une-nouvelle-aide-a-linstallation-agricole-voit-le-jour-avec-la-chambre-dagriculture","status":"publish","type":"post","link":"https:\/\/www.europesays.com\/fr\/254823\/","title":{"rendered":"Pr\u00e8s de Rennes, une nouvelle aide \u00e0 l\u2019installation agricole voit le jour avec la Chambre d\u2019Agriculture"},"content":{"rendered":"<p>            Par<br \/>\n        <strong><br \/>\n            <a href=\"https:\/\/actu.fr\/auteur\/redaction-terra\" title=\"Consulter tous les articles de R\u00e9daction Terra\" rel=\"nofollow noopener\" target=\"_blank\">R\u00e9daction Terra<\/a><br \/>\n        <\/strong><\/p>\n<p>        Publi\u00e9 le<\/p>\n<p>            17 juil. 2025 \u00e0 18h00        <\/p>\n<p>La <b>Communaut\u00e9 de communes de Broc\u00e9liande (Ille-et-Vilaine)<\/b> franchit un pas important en mati\u00e8re de <b>politique agricole<\/b> locale. Le 4\u00a0juillet 2025, une convention tripartite a \u00e9t\u00e9 sign\u00e9e entre <b>Broc\u00e9liande Communaut\u00e9<\/b>, la <b>Chambre d\u2019Agriculture de Bretagne<\/b> et les <b>Jeunes Agriculteurs d\u2019Ille-et-Vilaine (JA 35)<\/b> pour instaurer un dispositif d\u2019<b>aide \u00e0 l\u2019installation<\/b> en agriculture sur son territoire. Il s\u2019agit d\u2019une premi\u00e8re pour cette intercommunalit\u00e9 rurale situ\u00e9e \u00e0 l\u2019ouest de Rennes.<\/p>\n<p class=\" wall-content\">Ce partenariat, effectif pour une dur\u00e9e de trois ans (2026-2028) mais avec un effet r\u00e9troactif d\u00e8s janvier\u00a02025, vise \u00e0 favoriser le renouvellement des g\u00e9n\u00e9rations en agriculture tout en r\u00e9pondant aux enjeux de durabilit\u00e9 et de dynamisation des territoires ruraux.<\/p>\n<p>Un soutien financier cibl\u00e9 et incitatif<\/p>\n<p class=\" wall-content\">Le dispositif repose sur une aide financi\u00e8re \u00e0 l\u2019installation d\u2019un montant maximum de 5\u2009000\u00a0\u20ac, enti\u00e8rement financ\u00e9e par Broc\u00e9liande Communaut\u00e9. Elle se compose d\u2019une aide de base de 2\u2009000\u00a0\u20ac et d\u2019une bonification de 3\u2009000\u00a0\u20ac destin\u00e9e aux projets agro\u00e9cologiques, cr\u00e9ateurs de valeur ajout\u00e9e locale ou g\u00e9n\u00e9rateurs d\u2019emplois.<\/p>\n<p class=\" wall-content\">\u00ab\u2009C\u2019est tr\u00e8s important de soutenir tous les projets agricoles\u2009\u00bb, a d\u00e9clar\u00e9 Bernard Ethor\u00e9, pr\u00e9sident de Broc\u00e9liande Communaut\u00e9. \u00ab\u2009Les agriculteurs sont des acteurs \u00e9conomiques comme les autres. Nous souhaitons leur t\u00e9moigner notre reconnaissance, les encourager dans leurs pratiques vertueuses, et participer \u00e0 la vitalit\u00e9 de notre territoire.\u2009\u00bb<\/p>\n<p>Vid\u00e9os : en ce moment sur ActuUne r\u00e9ponse concr\u00e8te aux attentes de terrain<\/p>\n<p class=\" wall-content\">L\u2019id\u00e9e de cette aide n\u2019est pas nouvelle. Elle \u00e9mane des Jeunes Agriculteurs d\u2019Ille-et-Vilaine qui, d\u00e8s 2018, avaient lanc\u00e9 des discussions \u00e0 ce sujet. Relanc\u00e9 depuis 2024, le projet a abouti \u00e0 cette convention, salu\u00e9e par les agriculteurs du territoire.<\/p>\n<p class=\" wall-content\">Aubry Hillion, install\u00e9 \u00e0 Maxent depuis 2020 et repr\u00e9sentant de JA 35, se f\u00e9licite de cette avanc\u00e9e\u2009: \u00ab\u2009\u00c0 l\u2019\u00e9poque de mon installation, j\u2019avais constat\u00e9 que d\u2019autres communaut\u00e9s de communes proposaient ce type d\u2019aide, mais pas Broc\u00e9liande. Il \u00e9tait indispensable de combler ce manque. Ce soutien donne un signal fort\u2009: l\u2019installation est un enjeu strat\u00e9gique et environnemental.\u2009\u00bb<\/p>\n<p>Une premi\u00e8re concr\u00e9tisation \u00e0 Saint-Thurial<\/p>\n<p class=\" wall-content\">Julien Tessier, \u00e9leveur de porcs \u00e0 Saint-Thurial, est le premier b\u00e9n\u00e9ficiaire de ce nouveau dispositif. Install\u00e9 en f\u00e9vrier\u00a02025, son projet r\u00e9pond aux crit\u00e8res d\u2019\u00e9ligibilit\u00e9 fix\u00e9s par la convention et illustre parfaitement les objectifs poursuivis\u2009: s\u2019implanter durablement, avec un mod\u00e8le \u00e9conomique viable et des pratiques respectueuses de l\u2019environnement.<\/p>\n<p class=\" wall-content\">La Chambre d\u2019Agriculture de Bretagne joue un r\u00f4le central dans le montage et l\u2019instruction des dossiers d\u2019aide, garantissant la fiabilit\u00e9 des projets et le respect des conditions d\u2019\u00e9ligibilit\u00e9. Elle anime \u00e9galement, avec les JA, le Point Accueil Installation pour orienter les porteurs de projet.<\/p>\n<p class=\" wall-content\">Pour Fr\u00e9d\u00e9ric Chevalier, vice-pr\u00e9sident de la Chambre d\u2019agriculture d\u2019Ille-et-Vilaine, cette convention incarne une nouvelle fa\u00e7on de collaborer localement\u2009: \u00ab\u2009Ce partenariat cr\u00e9e du lien d\u00e8s l\u2019installation et favorise un dialogue direct avec les \u00e9lus. Les enjeux de transmission et de transition ne peuvent \u00eatre abord\u00e9s qu\u2019en concertation avec tous les acteurs du territoire.\u2009\u00bb<\/p>\n<p>Une dynamique territoriale en marche<\/p>\n<p class=\" wall-content\">Cette initiative s\u2019inscrit dans une strat\u00e9gie plus large de soutien \u00e0 l\u2019agriculture, en lien avec la politique r\u00e9gionale. Le dispositif compl\u00e8te la Dotation Jeunes Agriculteurs (DJA) de la R\u00e9gion Bretagne pour les moins de 40\u00a0ans et l\u2019aide au Soutien de l\u2019Installation Agricole pour les plus de 40\u00a0ans.<\/p>\n<p class=\" wall-content\">Par cette convention, Broc\u00e9liande Communaut\u00e9 se positionne r\u00e9solument en faveur d\u2019une agriculture porteuse d\u2019avenir\u2009: innovante, responsable, et ancr\u00e9e dans les territoires. Une mani\u00e8re concr\u00e8te de r\u00e9affirmer que l\u2019avenir de l\u2019agriculture passe aussi par l\u2019\u00e9chelon local.<\/p>\n<p class=\" wall-content\">Suivez toute l\u2019actualit\u00e9 de vos villes et m\u00e9dias favoris en vous inscrivant \u00e0 <a href=\"https:\/\/moncompte.actu.fr\" title=\"D\u00e9couvez Mon Actu\" rel=\"nofollow noopener\" data-trk=\"{&quot;cta&quot;:{&quot;action&quot;:&quot;https:\\\/\\\/moncompte.actu.fr&quot;,&quot;category&quot;:&quot;mon compte&quot;,&quot;from&quot;:&quot;article footer&quot;,&quot;name&quot;:&quot;Mon actu&quot;,&quot;type&quot;:&quot;cta&quot;}}\" target=\"_blank\">Mon Actu<\/a>.<\/p>\n","protected":false},"excerpt":{"rendered":"Par R\u00e9daction Terra Publi\u00e9 le 17 juil. 2025 \u00e0 18h00 La Communaut\u00e9 de communes de Broc\u00e9liande (Ille-et-Vilaine) franchit&hellip;\n","protected":false},"author":2,"featured_media":254824,"comment_status":"","ping_status":"","sticky":false,"template":"","format":"standard","meta":{"footnotes":""},"categories":[2821],"tags":[1111,11,327,829,1777,674,1011,27,12,584,25,104],"class_list":{"0":"post-254823","1":"post","2":"type-post","3":"status-publish","4":"format-standard","5":"has-post-thumbnail","7":"category-rennes","8":"tag-actu","9":"tag-actualites","10":"tag-agriculture","11":"tag-bretagne","12":"tag-eu","13":"tag-europe","14":"tag-fr","15":"tag-france","16":"tag-news","17":"tag-rennes","18":"tag-republique-francaise","19":"tag-societe"},"share_on_mastodon":{"url":"https:\/\/pubeurope.com\/@fr\/114870654278636191","error":""},"_links":{"self":[{"href":"https:\/\/www.europesays.com\/fr\/wp-json\/wp\/v2\/posts\/254823","targetHints":{"allow":["GET"]}}],"collection":[{"href":"https:\/\/www.europesays.com\/fr\/wp-json\/wp\/v2\/posts"}],"about":[{"href":"https:\/\/www.europesays.com\/fr\/wp-json\/wp\/v2\/types\/post"}],"author":[{"embeddable":true,"href":"https:\/\/www.europesays.com\/fr\/wp-json\/wp\/v2\/users\/2"}],"replies":[{"embeddable":true,"href":"https:\/\/www.europesays.com\/fr\/wp-json\/wp\/v2\/comments?post=254823"}],"version-history":[{"count":0,"href":"https:\/\/www.europesays.com\/fr\/wp-json\/wp\/v2\/posts\/254823\/revisions"}],"wp:featuredmedia":[{"embeddable":true,"href":"https:\/\/www.europesays.com\/fr\/wp-json\/wp\/v2\/media\/254824"}],"wp:attachment":[{"href":"https:\/\/www.europesays.com\/fr\/wp-json\/wp\/v2\/media?parent=254823"}],"wp:term":[{"taxonomy":"category","embeddable":true,"href":"https:\/\/www.europesays.com\/fr\/wp-json\/wp\/v2\/categories?post=254823"},{"taxonomy":"post_tag","embeddable":true,"href":"https:\/\/www.europesays.com\/fr\/wp-json\/wp\/v2\/tags?post=254823"}],"curies":[{"name":"wp","href":"https:\/\/api.w.org\/{rel}","templated":true}]}}