{"id":254833,"date":"2025-07-17T21:21:10","date_gmt":"2025-07-17T21:21:10","guid":{"rendered":"https:\/\/www.europesays.com\/fr\/254833\/"},"modified":"2025-07-17T21:21:10","modified_gmt":"2025-07-17T21:21:10","slug":"la-russie-sindigne-du-changement-de-nom-du-boulevard-stalingrad-dans-la-petite-ville-de-drap-pres-de-nice","status":"publish","type":"post","link":"https:\/\/www.europesays.com\/fr\/254833\/","title":{"rendered":"La Russie s\u2019indigne du changement de nom du boulevard Stalingrad dans la petite ville de Drap, pr\u00e8s de Nice"},"content":{"rendered":"<p class=\"paragraph text_align_left lp-f-body-02\">C\u2019est un simple changement de nom de rue qui provoque une r\u00e9action diplomatique. \u00c0 Drap, petite commune de 5 000 habitants dans la banlieue de <a href=\"https:\/\/www.leparisien.fr\/alpes-maritimes-06\/nice-va-pouvoir-garder-sa-statue-de-jeanne-darc-17-07-2025-G7JYOYLNSFGBZFIKPYNHX2QEFA.php\" target=\"_self\" rel=\"noopener\">Nice<\/a>, le boulevard Stalingrad portera d\u00e9sormais le nom de \u00ab boulevard des Rives du Paillon \u00bb, en r\u00e9f\u00e9rence au fleuve qui traverse la commune.<\/p>\n<p class=\"paragraph text_align_left lp-f-body-02\">Mais la d\u00e9cision, vot\u00e9e en conseil municipal le 4 juillet, a \u00e9t\u00e9 vivement critiqu\u00e9e par l\u2019ambassade de <a href=\"https:\/\/www.leparisien.fr\/international\/ukraine\/guerre-en-ukraine-la-russie-dit-avoir-rendu-a-kiev-les-corps-de-1-000-soldats-tues-17-07-2025-RHZZPWKQGRG7FJ2BDGYJUVZU2U.php\" target=\"_self\" rel=\"noopener\">Russie<\/a> en France. Dans un message publi\u00e9 sur Telegram, elle s\u2019est dite indign\u00e9e face \u00e0 cette \u00ab d\u00e9cision honteuse \u00bb et a d\u00e9nonc\u00e9 une \u00ab tentative inqui\u00e9tante de r\u00e9\u00e9criture de l\u2019histoire \u00bb. L\u2019ambassade s\u2019en prend notamment \u00e0 l\u2019un des arguments invoqu\u00e9s par l\u2019\u00e9quipe municipale : \u00ab Le cynisme de l\u2019un des arguments avanc\u00e9s pour justifier cette d\u00e9cision est particuli\u00e8rement frappant \u00bb.<\/p>\n<p>Une bataille d\u00e9cisive de la Seconde Guerre mondiale<\/p>\n<p class=\"paragraph text_align_left lp-f-body-02\">L\u2019adjointe au maire Alexandra Russo, cit\u00e9e par le quotidien Nice-Matin, a expliqu\u00e9 ce choix en affirmant que \u00ab la bataille de Stalingrad n\u2019est pas une fiert\u00e9 historique \u00bb, ajoutant : \u00ab Il ne faut plus mettre en avant ces grandes batailles du pass\u00e9 qui ne sont pas des grands moments pour la France \u00bb.<\/p>\n<p class=\"paragraph text_align_left lp-f-body-02\">Des propos jug\u00e9s comme une \u00ab d\u00e9formation flagrante des faits historiques \u00bb par l\u2019ambassade <a href=\"https:\/\/www.leparisien.fr\/international\/ukraine\/guerre-en-ukraine-cest-quoi-ces-missiles-kh-101-de-haute-precision-utilises-par-la-russie-sans-relache-13-07-2025-E2TGS7ZGNBCM3LWPMSCQ52MLJI.php\" target=\"_self\" rel=\"noopener\">russe<\/a>, qui rappelle que la victoire sovi\u00e9tique \u00e0 Stalingrad, en f\u00e9vrier 1943, a marqu\u00e9 un tournant d\u00e9cisif dans la Seconde Guerre mondiale. \u00ab Cette victoire a largement pr\u00e9cipit\u00e9 l\u2019effondrement de <a href=\"https:\/\/www.leparisien.fr\/international\/il-y-a-eu-un-vote-secret-la-ville-natale-dadolf-hitler-debaptise-deux-noms-de-rue-nazis-03-07-2025-OJW5ODAVNNHQNIT2SC3QIYM4QY.php\" target=\"_self\" rel=\"noopener\">l\u2019Allemagne nazie<\/a> et contribu\u00e9 \u00e0 la lib\u00e9ration de l\u2019Europe du joug du nazisme \u00bb, affirme l\u2019ambassade.<\/p>\n<p>Une d\u00e9cision qui divise<\/p>\n<p class=\"paragraph text_align_left lp-f-body-02\">Le maire de Drap, Robert Nardelli (divers droite), a reconnu que sa coll\u00e8gue \u00ab est all\u00e9e un peu loin dans ses propos \u00bb, mais a d\u00e9fendu la d\u00e9cision municipale. Celle-ci a toutefois suscit\u00e9 l\u2019opposition des \u00e9lus communistes locaux. Le groupe \u00ab Alternative Communiste 06 \u00bb s\u2019est interrog\u00e9 dans un communiqu\u00e9 : \u00ab Doit-on comprendre que la municipalit\u00e9 de Drap regrette officiellement ce moment de l\u2019histoire et qu\u2019elle aurait pr\u00e9f\u00e9r\u00e9 une victoire <a href=\"https:\/\/www.leparisien.fr\/culture-loisirs\/une-mosaique-erotique-volee-par-un-officier-nazi-pendant-la-seconde-guerre-mondiale-vient-detre-restituee-a-pompei-16-07-2025-GD5BPVJNWVDC5JY2R4ORRSX6IU.php\" target=\"_self\" rel=\"noopener\">nazie<\/a> ? \u00bb<\/p>\n<p class=\"paragraph text_align_left lp-f-body-02\">La controverse intervient alors que <a href=\"https:\/\/www.leparisien.fr\/international\/russie-le-suicide-presume-dun-ministre-renvoye-par-vladimir-poutine-secoue-lelite-russe-11-07-2025-UYFLXC4AYRGFNFQLMIZMNN7W5Y.php\" target=\"_self\" rel=\"noopener\">le pouvoir russe<\/a>, sous <a href=\"https:\/\/www.leparisien.fr\/international\/ukraine\/un-game-changer-les-sanctions-secondaires-de-donald-trump-feront-elles-plier-poutine-15-07-2025-URWC7PKAENABJAZCQWU7H5J7JQ.php\" target=\"_self\" rel=\"noopener\">Vladimir Poutine<\/a>, est r\u00e9guli\u00e8rement accus\u00e9 de r\u00e9\u00e9crire l\u2019histoire sovi\u00e9tique pour des raisons politiques, notamment dans le contexte de sa guerre d\u2019invasion lanc\u00e9e en 2022 contre <a href=\"https:\/\/www.leparisien.fr\/international\/ukraine\/guerre-en-ukraine-ce-que-peut-changer-la-livraison-de-systemes-patriot-promise-par-trump-a-kiev-14-07-2025-GN3IEXE2F5FIFIGPLFKWZETLCQ.php\" target=\"_self\" rel=\"noopener\">l\u2019Ukraine<\/a>. L\u2019invocation constante du combat contre le <a href=\"https:\/\/www.leparisien.fr\/international\/ukraine\/guerre-en-ukraine-derriere-le-meurtre-dun-agent-des-services-secrets-a-kiev-lombre-du-groupe-neonazi-the-base-17-07-2025-E4V6G5ABKNCERARJJQVNPM54YE.php\" target=\"_self\" rel=\"noopener\">nazisme<\/a> par <a href=\"https:\/\/www.leparisien.fr\/international\/ukraine\/guerre-en-ukraine-la-russie-se-dit-prete-a-negocier-avec-kiev-apres-lultimatum-de-trump-a-poutine-15-07-2025-525QYALNSNBXBGHJWGYEMA35ZI.php\" target=\"_self\" rel=\"noopener\">Moscou<\/a> est per\u00e7ue par de nombreux historiens comme un outil de l\u00e9gitimation de <a href=\"https:\/\/www.leparisien.fr\/international\/ukraine\/guerre-en-ukraine-drones-missiles-comment-expliquer-lampleur-croissante-des-attaques-russes-13-07-2025-RIS63MUO2ZFHTMDIYEZWJWAXAU.php\" target=\"_self\" rel=\"noopener\">l\u2019occupation du territoire ukrainien<\/a> par le r\u00e9gime.<\/p>\n","protected":false},"excerpt":{"rendered":"C\u2019est un simple changement de nom de rue qui provoque une r\u00e9action diplomatique. \u00c0 Drap, petite commune de&hellip;\n","protected":false},"author":2,"featured_media":254834,"comment_status":"","ping_status":"","sticky":false,"template":"","format":"standard","meta":{"footnotes":""},"categories":[2819],"tags":[1111,11,6657,459,1777,674,1011,27,14,12,2401,882,25],"class_list":{"0":"post-254833","1":"post","2":"type-post","3":"status-publish","4":"format-standard","5":"has-post-thumbnail","7":"category-nice","8":"tag-actu","9":"tag-actualites","10":"tag-alpes-maritimes-06","11":"tag-departements-horsidfo","12":"tag-eu","13":"tag-europe","14":"tag-fr","15":"tag-france","16":"tag-international","17":"tag-news","18":"tag-nice","19":"tag-provence-alpes-cote-dazur","20":"tag-republique-francaise"},"share_on_mastodon":{"url":"https:\/\/pubeurope.com\/@fr\/114870674038916272","error":""},"_links":{"self":[{"href":"https:\/\/www.europesays.com\/fr\/wp-json\/wp\/v2\/posts\/254833","targetHints":{"allow":["GET"]}}],"collection":[{"href":"https:\/\/www.europesays.com\/fr\/wp-json\/wp\/v2\/posts"}],"about":[{"href":"https:\/\/www.europesays.com\/fr\/wp-json\/wp\/v2\/types\/post"}],"author":[{"embeddable":true,"href":"https:\/\/www.europesays.com\/fr\/wp-json\/wp\/v2\/users\/2"}],"replies":[{"embeddable":true,"href":"https:\/\/www.europesays.com\/fr\/wp-json\/wp\/v2\/comments?post=254833"}],"version-history":[{"count":0,"href":"https:\/\/www.europesays.com\/fr\/wp-json\/wp\/v2\/posts\/254833\/revisions"}],"wp:featuredmedia":[{"embeddable":true,"href":"https:\/\/www.europesays.com\/fr\/wp-json\/wp\/v2\/media\/254834"}],"wp:attachment":[{"href":"https:\/\/www.europesays.com\/fr\/wp-json\/wp\/v2\/media?parent=254833"}],"wp:term":[{"taxonomy":"category","embeddable":true,"href":"https:\/\/www.europesays.com\/fr\/wp-json\/wp\/v2\/categories?post=254833"},{"taxonomy":"post_tag","embeddable":true,"href":"https:\/\/www.europesays.com\/fr\/wp-json\/wp\/v2\/tags?post=254833"}],"curies":[{"name":"wp","href":"https:\/\/api.w.org\/{rel}","templated":true}]}}