{"id":254835,"date":"2025-07-17T21:22:11","date_gmt":"2025-07-17T21:22:11","guid":{"rendered":"https:\/\/www.europesays.com\/fr\/254835\/"},"modified":"2025-07-17T21:22:11","modified_gmt":"2025-07-17T21:22:11","slug":"la-fillette-de-11-ans-morte-noyee-avait-echoue-au-test-de-natation","status":"publish","type":"post","link":"https:\/\/www.europesays.com\/fr\/254835\/","title":{"rendered":"La fillette de 11 ans morte noy\u00e9e avait \u00e9chou\u00e9 au test de natation"},"content":{"rendered":"<p> \u00abL\u2019autopsie a confirm\u00e9 la <a href=\"https:\/\/www.20minutes.fr\/dossier\/noyade\" class=\"color-ultramarine c-link\" rel=\"nofollow noopener\" target=\"_blank\">noyade\u00a0<\/a>\u00bb. \u00c2g\u00e9e de 11 ans, la fillette qui a \u00e9t\u00e9 <a href=\"https:\/\/www.20minutes.fr\/faits_divers\/faits-divers-nantes\/4163991-20250717-maine-loire-jeune-fille-11-ans-portee-disparue-retrouvee-morte\" class=\"color-ultramarine c-link\" rel=\"nofollow noopener\" target=\"_blank\">retrouv\u00e9e sans vie dans l\u2019\u00e9tang de Saint-Aubin \u00e0 Pouanc\u00e9<\/a> (aujourd\u2019hui appel\u00e9e Ombr\u00e9e-d\u2019Anjou) est bien morte noy\u00e9e. \u00ab\u00a0Aucune trace d\u2019intervention d\u2019un tiers n\u2019a \u00e9t\u00e9 not\u00e9e\u00a0\u00bb, pr\u00e9cise le procureur de la R\u00e9publique d\u2019Angers (<a href=\"https:\/\/www.20minutes.fr\/dossier\/maine-et-loire\" class=\"color-ultramarine c-link\" rel=\"nofollow noopener\" target=\"_blank\">Maine-et-Loire<\/a>) Eric Bouillard. \u00ab\u00a0Son corps a \u00e9t\u00e9 rendu \u00e0 la famille\u00a0\u00bb, ajoute le magistrat. La petite Aminata participait \u00e0 une sortie avec son centre de loisirs \u00e9tabli \u00e0 Nantes.<\/p>\n<p>Le groupe de 16 enfants, \u00e2g\u00e9s de 11 \u00e0 16 ans, devait d\u2019abord passer un <a href=\"https:\/\/www.20minutes.fr\/societe\/3135235-20211004-noyade-pourquoi-permis-nager-devrait-etre-instaure-milieu-scolaire\" class=\"color-ultramarine c-link\" rel=\"nofollow noopener\" target=\"_blank\">test de natation<\/a> avant d\u2019\u00eatre autoris\u00e9 \u00e0 rejoindre la structure gonflable sur cet \u00e9tang situ\u00e9 \u00e0 la fronti\u00e8re du Maine-et-Loire, de l\u2019Ille-et-Vilaine et de la Loire-Atlantique. \u00ab\u00a0Aminata avait, comme d\u2019autres enfants, \u00e9chou\u00e9 \u00e0 ce test de nage et il lui avait \u00e9t\u00e9 demand\u00e9 de patienter sur un banc situ\u00e9 \u00e0 proximit\u00e9, avec les autres enfants se trouvant dans la m\u00eame situation\u00a0\u00bb, rapporte le procureur.<\/p>\n<\/p>\n<p>D\u2019apr\u00e8s les animateurs de l\u2019Accoord de <a href=\"https:\/\/www.20minutes.fr\/nantes\/\" class=\"color-ultramarine c-link\" rel=\"nofollow noopener\" target=\"_blank\">Nantes <\/a>qui organisait la sortie, l\u2019enfant avait demand\u00e9 \u00e0 repasser le test. \u00ab\u00a0Mais cela lui avait \u00e9t\u00e9 refus\u00e9.\u00a0\u00bb C\u2019est \u00e0 ce moment qu\u2019elle a \u00e9chapp\u00e9 \u00e0 la surveillance des trois animateurs \u00ab\u00a0dans des conditions qui doivent encore \u00eatre pr\u00e9cis\u00e9es\u00a0\u00bb. Une enqu\u00eate a \u00e9t\u00e9 ouverte \u00ab\u00a0pour v\u00e9rifier si une faute quelconque a pu conduire ou contribuer au d\u00e9c\u00e8s de l\u2019enfant\u00a0\u00bb, pr\u00e9cise Eric Bouillard.<\/p>\n","protected":false},"excerpt":{"rendered":"\u00abL\u2019autopsie a confirm\u00e9 la noyade\u00a0\u00bb. \u00c2g\u00e9e de 11 ans, la fillette qui a \u00e9t\u00e9 retrouv\u00e9e sans vie dans&hellip;\n","protected":false},"author":2,"featured_media":254836,"comment_status":"","ping_status":"","sticky":false,"template":"","format":"standard","meta":{"footnotes":""},"categories":[2818],"tags":[1111,47,11,1084,1438,829,847,1777,674,118,6944,7641,1011,27,848,3047,13291,766,5216,12,7781,2636,584,25],"class_list":{"0":"post-254835","1":"post","2":"type-post","3":"status-publish","4":"format-standard","5":"has-post-thumbnail","7":"category-nantes","8":"tag-actu","9":"tag-actualite","10":"tag-actualites","11":"tag-adolescent","12":"tag-angers","13":"tag-bretagne","14":"tag-enfant","15":"tag-eu","16":"tag-europe","17":"tag-faits-divers","18":"tag-faits-divers-nantes","19":"tag-faits-divers-rennes","20":"tag-fr","21":"tag-france","22":"tag-ille-et-vilaine","23":"tag-loire-atlantique","24":"tag-maine-et-loire","25":"tag-nantes","26":"tag-natation","27":"tag-news","28":"tag-noyade","29":"tag-pays-de-la-loire","30":"tag-rennes","31":"tag-republique-francaise"},"share_on_mastodon":{"url":"https:\/\/pubeurope.com\/@fr\/114870677875544391","error":""},"_links":{"self":[{"href":"https:\/\/www.europesays.com\/fr\/wp-json\/wp\/v2\/posts\/254835","targetHints":{"allow":["GET"]}}],"collection":[{"href":"https:\/\/www.europesays.com\/fr\/wp-json\/wp\/v2\/posts"}],"about":[{"href":"https:\/\/www.europesays.com\/fr\/wp-json\/wp\/v2\/types\/post"}],"author":[{"embeddable":true,"href":"https:\/\/www.europesays.com\/fr\/wp-json\/wp\/v2\/users\/2"}],"replies":[{"embeddable":true,"href":"https:\/\/www.europesays.com\/fr\/wp-json\/wp\/v2\/comments?post=254835"}],"version-history":[{"count":0,"href":"https:\/\/www.europesays.com\/fr\/wp-json\/wp\/v2\/posts\/254835\/revisions"}],"wp:featuredmedia":[{"embeddable":true,"href":"https:\/\/www.europesays.com\/fr\/wp-json\/wp\/v2\/media\/254836"}],"wp:attachment":[{"href":"https:\/\/www.europesays.com\/fr\/wp-json\/wp\/v2\/media?parent=254835"}],"wp:term":[{"taxonomy":"category","embeddable":true,"href":"https:\/\/www.europesays.com\/fr\/wp-json\/wp\/v2\/categories?post=254835"},{"taxonomy":"post_tag","embeddable":true,"href":"https:\/\/www.europesays.com\/fr\/wp-json\/wp\/v2\/tags?post=254835"}],"curies":[{"name":"wp","href":"https:\/\/api.w.org\/{rel}","templated":true}]}}