{"id":254843,"date":"2025-07-17T21:26:09","date_gmt":"2025-07-17T21:26:09","guid":{"rendered":"https:\/\/www.europesays.com\/fr\/254843\/"},"modified":"2025-07-17T21:26:09","modified_gmt":"2025-07-17T21:26:09","slug":"un-policier-blesse-en-tentant-dinterpeller-lauteur-dun-rodeo-urbain-a-toulouse","status":"publish","type":"post","link":"https:\/\/www.europesays.com\/fr\/254843\/","title":{"rendered":"Un policier bless\u00e9 en tentant d&rsquo;interpeller l&rsquo;auteur d&rsquo;un rod\u00e9o urbain \u00e0 Toulouse"},"content":{"rendered":"<p>            Par<br \/>\n        <strong><br \/>\n            <a href=\"https:\/\/actu.fr\/auteur\/anaelle-montagne\" title=\"Consulter tous les articles de Anaelle Montagne\" target=\"_blank\" rel=\"noopener\">Anaelle Montagne<\/a><br \/>\n        <\/strong><\/p>\n<p>        Publi\u00e9 le<\/p>\n<p>            17 juil. 2025 \u00e0 19h54        <\/p>\n<p>Un <a href=\"https:\/\/actu.fr\/occitanie\/toulouse_31555\/toulouse-rodeo-urbain-sans-casque-il-multiplie-les-infractions-et-perd-le-controle-de-sa-moto_62906293.html\" target=\"_blank\" rel=\"noopener\">rod\u00e9o urbain<\/a> a mal tourn\u00e9 ce mercredi 16 juillet, dans le quartier du Mirail \u00e0 Toulouse. Aux alentours de 22h30, des policiers rep\u00e8rent un jeune homme sur son scooter, adoptant une <strong>conduite dangereuse<\/strong> au milieu des passants. Discr\u00e8tement, ils s\u2019approchent, tandis que le jeune pilote \u00e2g\u00e9 de 20 ans s\u2019arr\u00eate pr\u00e8s d\u2019un groupe.<\/p>\n<p class=\" wall-content\">Au moment o\u00f9 les forces de l\u2019ordre arrivent \u00e0 son niveau, le jeune homme tente de d\u00e9marrer en trombe. Mais l\u2019un des policiers l\u2019attrappe au niveau des \u00e9paules. Le pilote ch\u00fbte et entraine l\u2019agent avec lui, qui finira<strong> bless\u00e9 \u00e0 l\u2019\u00e9paule<\/strong> suite \u00e0 l\u2019incident.\u00a0<\/p>\n<p>Le jeune tente de s\u2019enfuir en courant<\/p>\n<p class=\" wall-content\">Imm\u00e9diatement apr\u00e8s la chute, le jeune homme se rel\u00e8ve et <strong>s\u2019enfuit en courant. <\/strong>Mais il est rapidement rattrap\u00e9 par les forces de l\u2019ordre. Il finit en garde \u00e0 vue, toujours en cours en milieu d\u2019apr\u00e8s-midi ce jeudi 17 juillet, confirme la police.<\/p>\n<p class=\" wall-content\">Connu de la justice, le jeune pilote <strong>n\u2019avait pas le permis n\u00e9cessaire<\/strong> pour conduire son scooter 125, et n\u2019\u00e9tait pas assur\u00e9.\u00a0<\/p>\n<p class=\" wall-content\">Suivez toute l\u2019actualit\u00e9 de vos villes et m\u00e9dias favoris en vous inscrivant \u00e0 <a href=\"https:\/\/moncompte.actu.fr\" title=\"D\u00e9couvez Mon Actu\" rel=\"nofollow noopener\" data-trk=\"{&quot;cta&quot;:{&quot;action&quot;:&quot;https:\\\/\\\/moncompte.actu.fr&quot;,&quot;category&quot;:&quot;mon compte&quot;,&quot;from&quot;:&quot;article footer&quot;,&quot;name&quot;:&quot;Mon actu&quot;,&quot;type&quot;:&quot;cta&quot;}}\" target=\"_blank\">Mon Actu<\/a>.<\/p>\n","protected":false},"excerpt":{"rendered":"Par Anaelle Montagne Publi\u00e9 le 17 juil. 2025 \u00e0 19h54 Un rod\u00e9o urbain a mal tourn\u00e9 ce mercredi&hellip;\n","protected":false},"author":2,"featured_media":254844,"comment_status":"","ping_status":"","sticky":false,"template":"","format":"standard","meta":{"footnotes":""},"categories":[2816],"tags":[1111,11,1777,674,118,1011,27,12,2680,25,5575,2312],"class_list":{"0":"post-254843","1":"post","2":"type-post","3":"status-publish","4":"format-standard","5":"has-post-thumbnail","7":"category-toulouse","8":"tag-actu","9":"tag-actualites","10":"tag-eu","11":"tag-europe","12":"tag-faits-divers","13":"tag-fr","14":"tag-france","15":"tag-news","16":"tag-occitanie","17":"tag-republique-francaise","18":"tag-rodeos-urbains","19":"tag-toulouse"},"share_on_mastodon":{"url":"https:\/\/pubeurope.com\/@fr\/114870693626627740","error":""},"_links":{"self":[{"href":"https:\/\/www.europesays.com\/fr\/wp-json\/wp\/v2\/posts\/254843","targetHints":{"allow":["GET"]}}],"collection":[{"href":"https:\/\/www.europesays.com\/fr\/wp-json\/wp\/v2\/posts"}],"about":[{"href":"https:\/\/www.europesays.com\/fr\/wp-json\/wp\/v2\/types\/post"}],"author":[{"embeddable":true,"href":"https:\/\/www.europesays.com\/fr\/wp-json\/wp\/v2\/users\/2"}],"replies":[{"embeddable":true,"href":"https:\/\/www.europesays.com\/fr\/wp-json\/wp\/v2\/comments?post=254843"}],"version-history":[{"count":0,"href":"https:\/\/www.europesays.com\/fr\/wp-json\/wp\/v2\/posts\/254843\/revisions"}],"wp:featuredmedia":[{"embeddable":true,"href":"https:\/\/www.europesays.com\/fr\/wp-json\/wp\/v2\/media\/254844"}],"wp:attachment":[{"href":"https:\/\/www.europesays.com\/fr\/wp-json\/wp\/v2\/media?parent=254843"}],"wp:term":[{"taxonomy":"category","embeddable":true,"href":"https:\/\/www.europesays.com\/fr\/wp-json\/wp\/v2\/categories?post=254843"},{"taxonomy":"post_tag","embeddable":true,"href":"https:\/\/www.europesays.com\/fr\/wp-json\/wp\/v2\/tags?post=254843"}],"curies":[{"name":"wp","href":"https:\/\/api.w.org\/{rel}","templated":true}]}}